{"id":144375,"date":"2026-04-29T21:31:31","date_gmt":"2026-04-30T00:31:31","guid":{"rendered":"https:\/\/www.elsindical.com.ar\/notas\/?p=144375"},"modified":"2026-04-29T22:18:26","modified_gmt":"2026-04-30T01:18:26","slug":"milei-cruzo-a-periodistas-en-el-congreso-los-corruptos-son-ustedes","status":"publish","type":"post","link":"https:\/\/www.elsindical.com.ar\/notas\/milei-cruzo-a-periodistas-en-el-congreso-los-corruptos-son-ustedes\/","title":{"rendered":"Milei cruz\u00f3 a periodistas en el Congreso: \u201cLos corruptos son ustedes\u201d"},"content":{"rendered":"\n<figure class=\"wp-block-image size-large\"><a href=\"https:\/\/www.elsindical.com.ar\/notas\/var\/www\/html\/notas\/wp-content\/uploads\/2026\/04\/Milei-agresion-a-periodistas-en-el-Congreso.jpeg\"><img loading=\"lazy\" decoding=\"async\" width=\"1024\" height=\"576\" src=\"https:\/\/www.elsindical.com.ar\/notas\/var\/www\/html\/notas\/wp-content\/uploads\/2026\/04\/Milei-agresion-a-periodistas-en-el-Congreso-1024x576.jpeg\" alt=\"\" class=\"wp-image-144376\" srcset=\"https:\/\/www.elsindical.com.ar\/notas\/var\/www\/html\/notas\/wp-content\/uploads\/2026\/04\/Milei-agresion-a-periodistas-en-el-Congreso-1024x576.jpeg 1024w, https:\/\/www.elsindical.com.ar\/notas\/var\/www\/html\/notas\/wp-content\/uploads\/2026\/04\/Milei-agresion-a-periodistas-en-el-Congreso-300x169.jpeg 300w, https:\/\/www.elsindical.com.ar\/notas\/var\/www\/html\/notas\/wp-content\/uploads\/2026\/04\/Milei-agresion-a-periodistas-en-el-Congreso-768x432.jpeg 768w, https:\/\/www.elsindical.com.ar\/notas\/var\/www\/html\/notas\/wp-content\/uploads\/2026\/04\/Milei-agresion-a-periodistas-en-el-Congreso-460x260.jpeg 460w, https:\/\/www.elsindical.com.ar\/notas\/var\/www\/html\/notas\/wp-content\/uploads\/2026\/04\/Milei-agresion-a-periodistas-en-el-Congreso.jpeg 1200w\" sizes=\"auto, (max-width: 1024px) 100vw, 1024px\" \/><\/a><\/figure>\n\n\n\n<p>El presidente Javier Milei protagoniz\u00f3 un duro cruce con periodistas en el Congreso mientras defend\u00eda la gesti\u00f3n del Gobierno y respaldaba a Manuel Adorni en medio de denuncias.<\/p>\n\n\n\n<p>El presidente <strong>Javier Milei<\/strong> volvi\u00f3 a quedar en el centro de la escena tras un fuerte cruce con la prensa en el Congreso, en el marco de la defensa de la gesti\u00f3n del Gobierno encabezada por el vocero <strong>Manuel Adorni<\/strong>. El episodio ocurri\u00f3 durante su ingreso al recinto, cuando fue abordado por periodistas que consultaban sobre la continuidad del funcionario en medio de una serie de denuncias.<\/p>\n\n\n\n<p>El entredicho se produjo en el ingreso del mandatario junto a su comitiva, donde los cronistas, ubicados detr\u00e1s de un cerco de seguridad, insistieron con preguntas vinculadas a presuntos hechos de corrupci\u00f3n que salpican a Adorni. En un primer momento, Milei evit\u00f3 responder y continu\u00f3 su marcha, pero ya fuera del alcance directo, <strong>decidi\u00f3 contestar y lanz\u00f3: \u201cLos corruptos son ustedes\u201d, en referencia a los periodistas.<\/strong><\/p>\n\n\n\n<p>Al retirarse del Congreso, el Presidente redobl\u00f3 la apuesta y volvi\u00f3 a apuntar contra la prensa. Ante la consulta sobre si alcanzaban las explicaciones brindadas por Adorni, Milei fue tajante: <strong>\u201cEs suficiente. Chorros\u201d, profundizando as\u00ed el tono confrontativo que mantiene con los medios desde su asunci\u00f3n.<\/strong><\/p>\n\n\n\n<p>El episodio se da en un contexto de creciente tensi\u00f3n entre el Gobierno y el periodismo.<strong> En los \u00faltimos d\u00edas, la administraci\u00f3n libertaria decidi\u00f3 suspender la acreditaci\u00f3n de m\u00e1s de 60 periodistas que cubren la Casa Rosada, en el marco de un presunto caso de espionaje dentro del edificio<\/strong>. La medida gener\u00f3 fuertes cuestionamientos por parte del sector, que advierte sobre un posible avance contra la libertad de expresi\u00f3n.<\/p>\n\n\n\n<p>La decisi\u00f3n sali\u00f3 a la luz cuando una periodista de Radio 10 intent\u00f3 ingresar a Balcarce 50 y se le neg\u00f3 el acceso sin explicaciones. Poco despu\u00e9s, comenz\u00f3 a circular un mensaje entre acreditados que encendi\u00f3 la alarma. \u201c<strong>Se decidi\u00f3 quitar las huellas dactilares a los periodistas acreditados de manera preventiva por el espionaje ilegal\u201d<\/strong>, inform\u00f3 el periodista Ignacio Gir\u00f3n en su cuenta de X, donde agreg\u00f3 que la orden era directa del Presidente y que el ingreso quedaba restringido por tiempo indefinido.<\/p>\n\n\n\n<figure class=\"wp-block-embed is-type-video is-provider-youtube wp-block-embed-youtube wp-embed-aspect-16-9 wp-has-aspect-ratio\"><div class=\"wp-block-embed__wrapper\">\n<iframe loading=\"lazy\" title=\"Milei insult\u00f3 a los periodistas en el Congreso\" width=\"700\" height=\"394\" src=\"https:\/\/www.youtube.com\/embed\/3SzlipOdnzo?feature=oembed\" frameborder=\"0\" allow=\"accelerometer; autoplay; clipboard-write; encrypted-media; gyroscope; picture-in-picture; web-share\" referrerpolicy=\"strict-origin-when-cross-origin\" allowfullscreen><\/iframe>\n<\/div><\/figure>\n","protected":false},"excerpt":{"rendered":"<p>El presidente Javier Milei protagoniz\u00f3 un duro cruce con periodistas en el Congreso mientras defend\u00eda la gesti\u00f3n del Gobierno y respaldaba a Manuel Adorni en medio de denuncias. El presidente Javier Milei volvi\u00f3 a quedar en el centro de la escena tras un fuerte cruce con la prensa en el Congreso, en el marco de&hellip;<\/p>\n","protected":false},"author":1,"featured_media":144376,"comment_status":"open","ping_status":"open","sticky":false,"template":"","format":"standard","meta":{"footnotes":""},"categories":[13],"tags":[1481,2450,322,28812,40628,41770,256],"class_list":["post-144375","post","type-post","status-publish","format-standard","has-post-thumbnail","hentry","category-politica","tag-congreso-de-la-nacion","tag-diario-el-sindical","tag-insultos","tag-javier-milei","tag-lla","tag-manuel-adorni","tag-periodistas"],"_links":{"self":[{"href":"https:\/\/www.elsindical.com.ar\/notas\/wp-json\/wp\/v2\/posts\/144375","targetHints":{"allow":["GET"]}}],"collection":[{"href":"https:\/\/www.elsindical.com.ar\/notas\/wp-json\/wp\/v2\/posts"}],"about":[{"href":"https:\/\/www.elsindical.com.ar\/notas\/wp-json\/wp\/v2\/types\/post"}],"author":[{"embeddable":true,"href":"https:\/\/www.elsindical.com.ar\/notas\/wp-json\/wp\/v2\/users\/1"}],"replies":[{"embeddable":true,"href":"https:\/\/www.elsindical.com.ar\/notas\/wp-json\/wp\/v2\/comments?post=144375"}],"version-history":[{"count":2,"href":"https:\/\/www.elsindical.com.ar\/notas\/wp-json\/wp\/v2\/posts\/144375\/revisions"}],"predecessor-version":[{"id":144381,"href":"https:\/\/www.elsindical.com.ar\/notas\/wp-json\/wp\/v2\/posts\/144375\/revisions\/144381"}],"wp:featuredmedia":[{"embeddable":true,"href":"https:\/\/www.elsindical.com.ar\/notas\/wp-json\/wp\/v2\/media\/144376"}],"wp:attachment":[{"href":"https:\/\/www.elsindical.com.ar\/notas\/wp-json\/wp\/v2\/media?parent=144375"}],"wp:term":[{"taxonomy":"category","embeddable":true,"href":"https:\/\/www.elsindical.com.ar\/notas\/wp-json\/wp\/v2\/categories?post=144375"},{"taxonomy":"post_tag","embeddable":true,"href":"https:\/\/www.elsindical.com.ar\/notas\/wp-json\/wp\/v2\/tags?post=144375"}],"curies":[{"name":"wp","href":"https:\/\/api.w.org\/{rel}","templated":true}]}}