{"id":144372,"date":"2026-04-29T21:26:46","date_gmt":"2026-04-30T00:26:46","guid":{"rendered":"https:\/\/www.elsindical.com.ar\/notas\/?p=144372"},"modified":"2026-04-29T21:26:53","modified_gmt":"2026-04-30T00:26:53","slug":"manuel-adorni-defendio-el-viaje-de-su-esposa-nego-delitos-y-apunto-contra-operaciones-politicas","status":"publish","type":"post","link":"https:\/\/www.elsindical.com.ar\/notas\/manuel-adorni-defendio-el-viaje-de-su-esposa-nego-delitos-y-apunto-contra-operaciones-politicas\/","title":{"rendered":"Manuel Adorni defendi\u00f3 el viaje de su esposa, neg\u00f3 delitos y apunt\u00f3 contra \u201coperaciones pol\u00edticas\u201d"},"content":{"rendered":"<div class=\"wp-block-image\">\n<figure class=\"aligncenter size-full\"><a href=\"https:\/\/www.elsindical.com.ar\/notas\/var\/www\/html\/notas\/wp-content\/uploads\/2026\/04\/Manuel-Adorni-Congreso-abril-2026.jpg\"><img loading=\"lazy\" decoding=\"async\" width=\"1024\" height=\"494\" src=\"https:\/\/www.elsindical.com.ar\/notas\/var\/www\/html\/notas\/wp-content\/uploads\/2026\/04\/Manuel-Adorni-Congreso-abril-2026.jpg\" alt=\"\" class=\"wp-image-144373\" srcset=\"https:\/\/www.elsindical.com.ar\/notas\/var\/www\/html\/notas\/wp-content\/uploads\/2026\/04\/Manuel-Adorni-Congreso-abril-2026.jpg 1024w, https:\/\/www.elsindical.com.ar\/notas\/var\/www\/html\/notas\/wp-content\/uploads\/2026\/04\/Manuel-Adorni-Congreso-abril-2026-300x145.jpg 300w, https:\/\/www.elsindical.com.ar\/notas\/var\/www\/html\/notas\/wp-content\/uploads\/2026\/04\/Manuel-Adorni-Congreso-abril-2026-768x371.jpg 768w\" sizes=\"auto, (max-width: 1024px) 100vw, 1024px\" \/><\/a><\/figure>\n<\/div>\n\n\n<p>\u201cFue aclarado en la justicia que mi esposa viaj\u00f3 como invitada exclusivamente el vuelo de salida del pa\u00eds y que regres\u00f3 en un vuelo comercial el 15 de marzo de 2026\u201d, explic\u00f3 Adorni.<\/p>\n\n\n\n<p>El jefe de Gabinete, Manuel Adorni, defendi\u00f3 la presencia de su esposa Bettina Angeletti en el vuelo oficial hacia Nueva York junto al presidente Javier Milei y rechaz\u00f3 la existencia de delito al justificar su patrimonio, durante su informe de gesti\u00f3n en el Congreso Nacional. El funcionario sostuvo que el caso fue revisado por la Justicia y asegur\u00f3 que no se detectaron irregularidades.<\/p>\n\n\n\n<p>\u201cFue aclarado en la justicia que mi esposa viaj\u00f3 como invitada exclusivamente el vuelo de salida del pa\u00eds y que regres\u00f3 en un vuelo comercial el 15 de marzo de 2026\u201d, explic\u00f3 Adorni. En ese sentido, indic\u00f3 que \u201cla documentaci\u00f3n vinculada al manifiesto de vuelos y las resoluciones aprobatorias no representan ninguna irregularidad\u201d, y remarc\u00f3 que la causa fue archivada. \u201cLa misi\u00f3n fue debidamente autorizada y no hubo delito\u201d, afirm\u00f3.<\/p>\n\n\n\n<p>Asimismo, el jefe de Gabinete subray\u00f3 que<strong> \u201cse comprob\u00f3 judicialmente que no hubo ning\u00fan gasto de vi\u00e1ticos, alojamiento, comida, o de cualquier tipo de parte del Estado\u201d<\/strong>, y que tampoco existi\u00f3 incumplimiento en la invitaci\u00f3n de su esposa.<\/p>\n\n\n\n<p>Desde el recinto de Diputados, agreg\u00f3: <strong>\u201cEsto prueba que, cuando se le permite a la Justicia actuar, se caen las operaciones pol\u00edticas que se intentan instalar en esta C\u00e1mara\u201d<\/strong>. Adem\u00e1s, se\u00f1al\u00f3 que pidi\u00f3 disculpas p\u00fablicas \u201centendiendo que mi conducta debe ser siempre clara\u201d, aunque cuestion\u00f3 que esas disculpas \u201chan sido utilizadas por algunos como una herramienta pol\u00edtica para obstaculizar la gesti\u00f3n del Gobierno\u201d.<\/p>\n\n\n\n<p>En otro tramo de su exposici\u00f3n, Adorni pidi\u00f3 diferenciar sus gastos privados de los p\u00fablicos y separar su vida personal de los actos de gobierno. \u201cNi constitucional ni penal ni civilmente son comparables\u201d, sostuvo, y remarc\u00f3 que todos los viajes familiares fueron afrontados con recursos propios. \u201cEl Estado Nacional no registra ning\u00fan pago de costos sobre mis viajes personales\u201d, afirm\u00f3, al tiempo que calific\u00f3 como \u201ctendenciosas y falsas\u201d las versiones sobre un supuesto financiamiento externo.<\/p>\n\n\n\n<p>El funcionario se comprometi\u00f3 a presentar una nueva declaraci\u00f3n jurada con vencimiento el 31 de julio, donde detallar\u00e1 su patrimonio integral. Indic\u00f3 que las denuncias deben resolverse en el \u00e1mbito judicial y record\u00f3 que las actuaciones ante la Oficina Anticorrupci\u00f3n tienen car\u00e1cter reservado, aunque ya fueron puestas a disposici\u00f3n de la Justicia. Tambi\u00e9n rechaz\u00f3 presuntas contrataciones entre la TV P\u00fablica y el periodista Marcelo Grand\u00edo.<\/p>\n\n\n\n<p>Por \u00faltimo, neg\u00f3 de forma categ\u00f3rica la existencia de contratos entre el Estado y Bettina Angeletti, \u201cni directa ni indirectamente\u201d, y asegur\u00f3 que no hubo incumplimientos a la Ley de \u00c9tica P\u00fablica ni conflictos de inter\u00e9s. En un cierre con tono pol\u00edtico, sostuvo que \u201cnunca un Gobierno anterior colabor\u00f3 de forma inmediata sobre denuncias a sus propios funcionarios\u201d y apunt\u00f3 contra sectores opositores. \u201cHan sacado conclusiones equivocadas y quiero ser m\u00e1s claro todav\u00eda: no comet\u00ed ning\u00fan delito y voy a probarlo en la Justicia\u201d, concluy\u00f3.<\/p>\n","protected":false},"excerpt":{"rendered":"<p>\u201cFue aclarado en la justicia que mi esposa viaj\u00f3 como invitada exclusivamente el vuelo de salida del pa\u00eds y que regres\u00f3 en un vuelo comercial el 15 de marzo de 2026\u201d, explic\u00f3 Adorni. El jefe de Gabinete, Manuel Adorni, defendi\u00f3 la presencia de su esposa Bettina Angeletti en el vuelo oficial hacia Nueva York junto&hellip;<\/p>\n","protected":false},"author":1,"featured_media":144373,"comment_status":"open","ping_status":"open","sticky":false,"template":"","format":"standard","meta":{"footnotes":""},"categories":[13],"tags":[4553,1481,2450,3413,28812,1197,40428,41770],"class_list":["post-144372","post","type-post","status-publish","format-standard","has-post-thumbnail","hentry","category-politica","tag-camara-de-diputados","tag-congreso-de-la-nacion","tag-diario-el-sindical","tag-informe","tag-javier-milei","tag-jefe-de-gabinete","tag-karina-milei","tag-manuel-adorni"],"_links":{"self":[{"href":"https:\/\/www.elsindical.com.ar\/notas\/wp-json\/wp\/v2\/posts\/144372","targetHints":{"allow":["GET"]}}],"collection":[{"href":"https:\/\/www.elsindical.com.ar\/notas\/wp-json\/wp\/v2\/posts"}],"about":[{"href":"https:\/\/www.elsindical.com.ar\/notas\/wp-json\/wp\/v2\/types\/post"}],"author":[{"embeddable":true,"href":"https:\/\/www.elsindical.com.ar\/notas\/wp-json\/wp\/v2\/users\/1"}],"replies":[{"embeddable":true,"href":"https:\/\/www.elsindical.com.ar\/notas\/wp-json\/wp\/v2\/comments?post=144372"}],"version-history":[{"count":1,"href":"https:\/\/www.elsindical.com.ar\/notas\/wp-json\/wp\/v2\/posts\/144372\/revisions"}],"predecessor-version":[{"id":144374,"href":"https:\/\/www.elsindical.com.ar\/notas\/wp-json\/wp\/v2\/posts\/144372\/revisions\/144374"}],"wp:featuredmedia":[{"embeddable":true,"href":"https:\/\/www.elsindical.com.ar\/notas\/wp-json\/wp\/v2\/media\/144373"}],"wp:attachment":[{"href":"https:\/\/www.elsindical.com.ar\/notas\/wp-json\/wp\/v2\/media?parent=144372"}],"wp:term":[{"taxonomy":"category","embeddable":true,"href":"https:\/\/www.elsindical.com.ar\/notas\/wp-json\/wp\/v2\/categories?post=144372"},{"taxonomy":"post_tag","embeddable":true,"href":"https:\/\/www.elsindical.com.ar\/notas\/wp-json\/wp\/v2\/tags?post=144372"}],"curies":[{"name":"wp","href":"https:\/\/api.w.org\/{rel}","templated":true}]}}