{"id":144367,"date":"2026-04-29T13:04:25","date_gmt":"2026-04-29T16:04:25","guid":{"rendered":"https:\/\/www.elsindical.com.ar\/notas\/?p=144367"},"modified":"2026-04-29T13:04:30","modified_gmt":"2026-04-29T16:04:30","slug":"el-chaqueno-palavecino-solicito-un-subsidio-vitalicio-superior-a-600-000-aprobado-por-el-gobierno","status":"publish","type":"post","link":"https:\/\/www.elsindical.com.ar\/notas\/el-chaqueno-palavecino-solicito-un-subsidio-vitalicio-superior-a-600-000-aprobado-por-el-gobierno\/","title":{"rendered":"El Chaque\u00f1o Palavecino solicit\u00f3 un subsidio vitalicio superior a $600.000 aprobado por el gobierno"},"content":{"rendered":"\n<figure class=\"wp-block-image size-large\"><a href=\"https:\/\/www.elsindical.com.ar\/notas\/var\/www\/html\/notas\/wp-content\/uploads\/2026\/04\/Chaqueno-Palavecino-joyas.jpg\"><img loading=\"lazy\" decoding=\"async\" width=\"1024\" height=\"640\" src=\"https:\/\/www.elsindical.com.ar\/notas\/var\/www\/html\/notas\/wp-content\/uploads\/2026\/04\/Chaqueno-Palavecino-joyas-1024x640.jpg\" alt=\"\" class=\"wp-image-144368\" srcset=\"https:\/\/www.elsindical.com.ar\/notas\/var\/www\/html\/notas\/wp-content\/uploads\/2026\/04\/Chaqueno-Palavecino-joyas-1024x640.jpg 1024w, https:\/\/www.elsindical.com.ar\/notas\/var\/www\/html\/notas\/wp-content\/uploads\/2026\/04\/Chaqueno-Palavecino-joyas-300x188.jpg 300w, https:\/\/www.elsindical.com.ar\/notas\/var\/www\/html\/notas\/wp-content\/uploads\/2026\/04\/Chaqueno-Palavecino-joyas-768x480.jpg 768w, https:\/\/www.elsindical.com.ar\/notas\/var\/www\/html\/notas\/wp-content\/uploads\/2026\/04\/Chaqueno-Palavecino-joyas.jpg 1078w\" sizes=\"auto, (max-width: 1024px) 100vw, 1024px\" \/><\/a><\/figure>\n\n\n\n<p>El Gobierno de la provincia de Salta formaliz\u00f3 la entrega de un subsidio vitalicio a <strong>Oscar \u201cChaque\u00f1o\u201d Palavecino<\/strong>. La medida, que gener\u00f3 repercusiones en redes sociales, fue aprobada bajo el r\u00e9gimen de Reconocimiento al M\u00e9rito Art\u00edstico y oficializada a trav\u00e9s del <strong>Decreto N\u00b0 246<\/strong>, firmado por el <strong>gobernador Gustavo S\u00e1enz<\/strong> y la ministra de Educaci\u00f3n, Cultura, Ciencia y Tecnolog\u00eda, <strong>Cristina Fiore<\/strong>.<\/p>\n\n\n\n<p>Para acceder a este r\u00e9gimen, se verific\u00f3 que cumpla con los requisitos: ser mayor de 55 a\u00f1os, haber nacido en la provincia de Salta y contar con m\u00e1s de 20 a\u00f1os de actividad art\u00edstica p\u00fablica de forma ininterrumpida. El subsidio equivale al Nivel 13 del escalaf\u00f3n administrativo provincial. Para el a\u00f1o 2026, esto se traduce en un ingreso mensual estimado que supera los <strong>$600.000<\/strong>.<\/p>\n\n\n\n<p>La solicitud r\u00e1pidamente gener\u00f3 rechazo, ya que el artista es una persona que siempre se muestra ostentando lujos y costosas joyas.<\/p>\n","protected":false},"excerpt":{"rendered":"<p>El Gobierno de la provincia de Salta formaliz\u00f3 la entrega de un subsidio vitalicio a Oscar \u201cChaque\u00f1o\u201d Palavecino. La medida, que gener\u00f3 repercusiones en redes sociales, fue aprobada bajo el r\u00e9gimen de Reconocimiento al M\u00e9rito Art\u00edstico y oficializada a trav\u00e9s del Decreto N\u00b0 246, firmado por el gobernador Gustavo S\u00e1enz y la ministra de Educaci\u00f3n,&hellip;<\/p>\n","protected":false},"author":1,"featured_media":144368,"comment_status":"open","ping_status":"open","sticky":false,"template":"","format":"standard","meta":{"footnotes":""},"categories":[15,13],"tags":[47335,2450,47334,31805,2562,47336],"class_list":["post-144367","post","type-post","status-publish","format-standard","has-post-thumbnail","hentry","category-espectaculos","category-politica","tag-cristina-fiore","tag-diario-el-sindical","tag-el-chaqueno-palavecino","tag-gustavo-saenz","tag-salta","tag-subsidio-vitalicio"],"_links":{"self":[{"href":"https:\/\/www.elsindical.com.ar\/notas\/wp-json\/wp\/v2\/posts\/144367","targetHints":{"allow":["GET"]}}],"collection":[{"href":"https:\/\/www.elsindical.com.ar\/notas\/wp-json\/wp\/v2\/posts"}],"about":[{"href":"https:\/\/www.elsindical.com.ar\/notas\/wp-json\/wp\/v2\/types\/post"}],"author":[{"embeddable":true,"href":"https:\/\/www.elsindical.com.ar\/notas\/wp-json\/wp\/v2\/users\/1"}],"replies":[{"embeddable":true,"href":"https:\/\/www.elsindical.com.ar\/notas\/wp-json\/wp\/v2\/comments?post=144367"}],"version-history":[{"count":1,"href":"https:\/\/www.elsindical.com.ar\/notas\/wp-json\/wp\/v2\/posts\/144367\/revisions"}],"predecessor-version":[{"id":144369,"href":"https:\/\/www.elsindical.com.ar\/notas\/wp-json\/wp\/v2\/posts\/144367\/revisions\/144369"}],"wp:featuredmedia":[{"embeddable":true,"href":"https:\/\/www.elsindical.com.ar\/notas\/wp-json\/wp\/v2\/media\/144368"}],"wp:attachment":[{"href":"https:\/\/www.elsindical.com.ar\/notas\/wp-json\/wp\/v2\/media?parent=144367"}],"wp:term":[{"taxonomy":"category","embeddable":true,"href":"https:\/\/www.elsindical.com.ar\/notas\/wp-json\/wp\/v2\/categories?post=144367"},{"taxonomy":"post_tag","embeddable":true,"href":"https:\/\/www.elsindical.com.ar\/notas\/wp-json\/wp\/v2\/tags?post=144367"}],"curies":[{"name":"wp","href":"https:\/\/api.w.org\/{rel}","templated":true}]}}