{"id":144361,"date":"2026-04-29T11:19:02","date_gmt":"2026-04-29T14:19:02","guid":{"rendered":"https:\/\/www.elsindical.com.ar\/notas\/?p=144361"},"modified":"2026-04-29T11:39:28","modified_gmt":"2026-04-29T14:39:28","slug":"la-matanza-policia-de-la-ciudad-aprehendido-por-homicidio-se-investiga-si-se-defendio-de-un-robo","status":"publish","type":"post","link":"https:\/\/www.elsindical.com.ar\/notas\/la-matanza-policia-de-la-ciudad-aprehendido-por-homicidio-se-investiga-si-se-defendio-de-un-robo\/","title":{"rendered":"La Matanza: Polic\u00eda de la Ciudad aprehendido por homicidio se investiga si se defendi\u00f3 de un robo"},"content":{"rendered":"<div class=\"wp-block-image\">\n<figure class=\"aligncenter size-full\"><a href=\"https:\/\/www.elsindical.com.ar\/notas\/var\/www\/html\/notas\/wp-content\/uploads\/2026\/04\/pistola-policia-de-la-Ciudad-enfrentamiento.jpg\"><img loading=\"lazy\" decoding=\"async\" width=\"757\" height=\"513\" src=\"https:\/\/www.elsindical.com.ar\/notas\/var\/www\/html\/notas\/wp-content\/uploads\/2026\/04\/pistola-policia-de-la-Ciudad-enfrentamiento.jpg\" alt=\"\" class=\"wp-image-144362\" srcset=\"https:\/\/www.elsindical.com.ar\/notas\/var\/www\/html\/notas\/wp-content\/uploads\/2026\/04\/pistola-policia-de-la-Ciudad-enfrentamiento.jpg 757w, https:\/\/www.elsindical.com.ar\/notas\/var\/www\/html\/notas\/wp-content\/uploads\/2026\/04\/pistola-policia-de-la-Ciudad-enfrentamiento-300x203.jpg 300w\" sizes=\"auto, (max-width: 757px) 100vw, 757px\" \/><\/a><\/figure>\n<\/div>\n\n\n<p>Un inspector de la Polic\u00eda de la Ciudad qued\u00f3 aprehendido bajo la car\u00e1tula de \u00abHomicidio Agravado por el Uso de Arma\u00bb, luego de enfrentarse a los tiros con una pareja de delincuentes en la intersecci\u00f3n de las calles Da Vinci y Montgolfield.<\/p>\n\n\n\n<p>El Hecho:<\/p>\n\n\n\n<p>El efectivo, identificado como H\u00e9ctor Mariano Camejo (48), se encontraba de franco y de civil cuando fue abordado por un hombre y una mujer que circulaban en una moto de 110cc sin patente. Seg\u00fan el relato del oficial, la pareja intent\u00f3 asaltarlo en la esquina de Zeppellin y Montgolfield.<\/p>\n\n\n\n<p>Ante la amenaza, Camejo extrajo su arma reglamentaria (una Pietro Beretta 9mm) y efectu\u00f3 m\u00faltiples disparos. Tras el enfrentamiento, los sospechosos huyeron, dejando abandonada la moto en el lugar.<\/p>\n\n\n\n<p>Desenlace Fatal:<\/p>\n\n\n\n<p>Minutos despu\u00e9s, la mujer \u2014cuya identidad a\u00fan no fue establecida\u2014 fue hallada herida de bala en la zona intercostal. Fue trasladada de urgencia al Hospital Favaloro, donde ingres\u00f3 sin signos vitales. Su acompa\u00f1ante logr\u00f3 darse a la fuga, aunque los investigadores detectaron manchas de sangre en el camino, lo que indica que tambi\u00e9n result\u00f3 herido.<\/p>\n\n\n\n<p>La Investigaci\u00f3n:<\/p>\n\n\n\n<p>El relevamiento de c\u00e1maras de seguridad fue clave: las im\u00e1genes muestran el momento en que los sospechosos se acercan al cord\u00f3n para interceptar al polic\u00eda y c\u00f3mo este responde efectuando varias detonaciones antes de retirarse.<\/p>\n\n\n\n<p>En la escena del crimen, personal de la Polic\u00eda Cient\u00edfica incaut\u00f3:<\/p>\n\n\n\n<p>10 vainas servidas calibre .9mm.<\/p>\n\n\n\n<p>Una r\u00e9plica de arma de fuego (s\u00edmil pistola).<\/p>\n\n\n\n<p>3 proyectiles enteros y una gorra negra.<\/p>\n\n\n\n<p>Situaci\u00f3n Legal:<\/p>\n\n\n\n<p>El fiscal a cargo, el Dr. Arribas de la UFI Tem\u00e1tica de Homicidios, dispuso la aprehensi\u00f3n inmediata del Inspector Camejo, el secuestro de su arma reglamentaria y el traslado del cuerpo de la fallecida a la Morgue Judicial de Lomas de Zamora para la autopsia correspondiente.<\/p>\n\n\n\n<figure class=\"wp-block-embed is-type-video is-provider-youtube wp-block-embed-youtube wp-embed-aspect-16-9 wp-has-aspect-ratio\"><div class=\"wp-block-embed__wrapper\">\n<iframe loading=\"lazy\" title=\"La Matanza polic\u00eda de la Ciudad aprehendido por homicidio\" width=\"700\" height=\"394\" src=\"https:\/\/www.youtube.com\/embed\/CfDU2_tJDS8?feature=oembed\" frameborder=\"0\" allow=\"accelerometer; autoplay; clipboard-write; encrypted-media; gyroscope; picture-in-picture; web-share\" referrerpolicy=\"strict-origin-when-cross-origin\" allowfullscreen><\/iframe>\n<\/div><\/figure>\n","protected":false},"excerpt":{"rendered":"<p>Un inspector de la Polic\u00eda de la Ciudad qued\u00f3 aprehendido bajo la car\u00e1tula de \u00abHomicidio Agravado por el Uso de Arma\u00bb, luego de enfrentarse a los tiros con una pareja de delincuentes en la intersecci\u00f3n de las calles Da Vinci y Montgolfield. El Hecho: El efectivo, identificado como H\u00e9ctor Mariano Camejo (48), se encontraba de&hellip;<\/p>\n","protected":false},"author":1,"featured_media":144362,"comment_status":"open","ping_status":"open","sticky":false,"template":"","format":"standard","meta":{"footnotes":""},"categories":[22],"tags":[2450,2738,47333,29898,1401,24537],"class_list":["post-144361","post","type-post","status-publish","format-standard","has-post-thumbnail","hentry","category-policiales","tag-diario-el-sindical","tag-gonzalez-catan","tag-inspector-hector-mariano-camejo","tag-intento-de-robo","tag-la-matanza","tag-policia-de-la-ciudad"],"_links":{"self":[{"href":"https:\/\/www.elsindical.com.ar\/notas\/wp-json\/wp\/v2\/posts\/144361","targetHints":{"allow":["GET"]}}],"collection":[{"href":"https:\/\/www.elsindical.com.ar\/notas\/wp-json\/wp\/v2\/posts"}],"about":[{"href":"https:\/\/www.elsindical.com.ar\/notas\/wp-json\/wp\/v2\/types\/post"}],"author":[{"embeddable":true,"href":"https:\/\/www.elsindical.com.ar\/notas\/wp-json\/wp\/v2\/users\/1"}],"replies":[{"embeddable":true,"href":"https:\/\/www.elsindical.com.ar\/notas\/wp-json\/wp\/v2\/comments?post=144361"}],"version-history":[{"count":2,"href":"https:\/\/www.elsindical.com.ar\/notas\/wp-json\/wp\/v2\/posts\/144361\/revisions"}],"predecessor-version":[{"id":144366,"href":"https:\/\/www.elsindical.com.ar\/notas\/wp-json\/wp\/v2\/posts\/144361\/revisions\/144366"}],"wp:featuredmedia":[{"embeddable":true,"href":"https:\/\/www.elsindical.com.ar\/notas\/wp-json\/wp\/v2\/media\/144362"}],"wp:attachment":[{"href":"https:\/\/www.elsindical.com.ar\/notas\/wp-json\/wp\/v2\/media?parent=144361"}],"wp:term":[{"taxonomy":"category","embeddable":true,"href":"https:\/\/www.elsindical.com.ar\/notas\/wp-json\/wp\/v2\/categories?post=144361"},{"taxonomy":"post_tag","embeddable":true,"href":"https:\/\/www.elsindical.com.ar\/notas\/wp-json\/wp\/v2\/tags?post=144361"}],"curies":[{"name":"wp","href":"https:\/\/api.w.org\/{rel}","templated":true}]}}