{"id":144357,"date":"2026-04-29T10:59:21","date_gmt":"2026-04-29T13:59:21","guid":{"rendered":"https:\/\/www.elsindical.com.ar\/notas\/?p=144357"},"modified":"2026-04-29T11:20:55","modified_gmt":"2026-04-29T14:20:55","slug":"la-justicia-de-quilmes-condeno-a-un-pederasta-a-12-anos-de-prision-por-abuso-sexual-y-produccion-de-material-de-explotacion-infantil","status":"publish","type":"post","link":"https:\/\/www.elsindical.com.ar\/notas\/la-justicia-de-quilmes-condeno-a-un-pederasta-a-12-anos-de-prision-por-abuso-sexual-y-produccion-de-material-de-explotacion-infantil\/","title":{"rendered":"Quilmes: Leve condena a un pederasta, 12 a\u00f1os de prisi\u00f3n por abuso sexual y producci\u00f3n de material de explotaci\u00f3n infantil"},"content":{"rendered":"<div class=\"wp-block-image\">\n<figure class=\"aligncenter size-full\"><a href=\"https:\/\/www.elsindical.com.ar\/notas\/var\/www\/html\/notas\/wp-content\/uploads\/2026\/04\/Juez-Gustavo-Dario-Farina.jpg\"><img loading=\"lazy\" decoding=\"async\" width=\"533\" height=\"524\" src=\"https:\/\/www.elsindical.com.ar\/notas\/var\/www\/html\/notas\/wp-content\/uploads\/2026\/04\/Juez-Gustavo-Dario-Farina.jpg\" alt=\"\" class=\"wp-image-144358\" srcset=\"https:\/\/www.elsindical.com.ar\/notas\/var\/www\/html\/notas\/wp-content\/uploads\/2026\/04\/Juez-Gustavo-Dario-Farina.jpg 533w, https:\/\/www.elsindical.com.ar\/notas\/var\/www\/html\/notas\/wp-content\/uploads\/2026\/04\/Juez-Gustavo-Dario-Farina-300x295.jpg 300w, https:\/\/www.elsindical.com.ar\/notas\/var\/www\/html\/notas\/wp-content\/uploads\/2026\/04\/Juez-Gustavo-Dario-Farina-50x50.jpg 50w\" sizes=\"auto, (max-width: 533px) 100vw, 533px\" \/><\/a><\/figure>\n<\/div>\n\n\n<p>Las v\u00edctimas fueron abusadas, fotografiadas y filmadas, im\u00e1genes que distribu\u00eda por redes sociales.<\/p>\n\n\n\n<p>En un fallo contundente, el Tribunal Oral en lo Criminal N\u00ba5 de Quilmes conden\u00f3 a Guillermo Fernando Leguiza a una pena de 12 a\u00f1os de prisi\u00f3n, por encontrarlo penalmente responsable de m\u00faltiples delitos relacionados con abuso sexual y producci\u00f3n, tenencia y distribuci\u00f3n de representaciones de menores de edad dedicados a actividades sexuales expl\u00edcitas.<\/p>\n\n\n\n<p>La sentencia, dictada por el juez Gustavo Dar\u00edo Farina, detalla una serie de hechos aberrantes cometidos por Leguiza en perjuicio de dos ni\u00f1as menores de 10 a\u00f1os, ambas parientes del condenado.<\/p>\n\n\n\n<p>A cargo de la acusaci\u00f3n estuvo la fiscal de Juicio, Mariel Calvi\u00f1o, quien accedi\u00f3 a que el acusado tuviera un juicio abreviado a pedido de los familiares de las v\u00edctimas.<\/p>\n\n\n<div class=\"wp-block-image\">\n<figure class=\"aligncenter size-full\"><a href=\"https:\/\/www.elsindical.com.ar\/notas\/var\/www\/html\/notas\/wp-content\/uploads\/2026\/04\/Fiscal-Mariel-Calvino.jpg\"><img loading=\"lazy\" decoding=\"async\" width=\"608\" height=\"582\" src=\"https:\/\/www.elsindical.com.ar\/notas\/var\/www\/html\/notas\/wp-content\/uploads\/2026\/04\/Fiscal-Mariel-Calvino.jpg\" alt=\"\" class=\"wp-image-144359\" srcset=\"https:\/\/www.elsindical.com.ar\/notas\/var\/www\/html\/notas\/wp-content\/uploads\/2026\/04\/Fiscal-Mariel-Calvino.jpg 608w, https:\/\/www.elsindical.com.ar\/notas\/var\/www\/html\/notas\/wp-content\/uploads\/2026\/04\/Fiscal-Mariel-Calvino-300x287.jpg 300w\" sizes=\"auto, (max-width: 608px) 100vw, 608px\" \/><\/a><\/figure>\n<\/div>\n\n\n<p>La investigaci\u00f3n, que se inici\u00f3 a partir de reportes del \u00abNational Centre for Missing and Exploited Children\u00bb (NCMEC), revel\u00f3 un patr\u00f3n de conducta delictiva que se extendi\u00f3 entre el 6 de junio de 2023 y el 31 de mayo de 2024 en la localidad de Quilmes.<\/p>\n\n\n\n<p>Entre los delitos por los que Leguiza fue condenado se encuentran: Tenencia y Distribuci\u00f3n de Material de Explotaci\u00f3n Infantil. Se prob\u00f3 que Leguiza tuvo en su poder y distribuy\u00f3 al menos 10 archivos multimedia con representaciones de menores de 13 y 18 a\u00f1os en actividades sexuales expl\u00edcitas, utilizando plataformas como Facebook Messenger.<\/p>\n\n\n\n<p>Tambi\u00e9n se encontr\u00f3 en su tel\u00e9fono celular, un Motorola E6S, 432 archivos multimedia con contenido similar.<\/p>\n\n\n\n<p>Respecto a una de las v\u00edctimas, que era su sobrina, Leguiza fue condenado por \u201cabuso sexual gravemente ultrajante agravado por el v\u00ednculo\u201d.<\/p>\n\n\n\n<p>Producci\u00f3n de Representaciones Sexuales de Menores: En el marco de los abusos a una de las nenas, el condenado produjo al menos 4 archivos multimedia con representaciones de la menor en actividades sexuales expl\u00edcitas, utilizando la c\u00e1mara de su tel\u00e9fono.<\/p>\n\n\n\n<p>Promoci\u00f3n de la Corrupci\u00f3n de Menores Agravada: Leguiza promovi\u00f3 la corrupci\u00f3n del desarrollo psicosexual de las ni\u00f1as aprovech\u00e1ndose de su inmadurez sexual y vulnerabilidad.<\/p>\n\n\n\n<p>Abuso Sexual Gravemente Ultrajante Agravado por el Aprovechamiento de la Convivencia Preexistente y Producci\u00f3n de Representaciones: En relaci\u00f3n a otra de las ni\u00f1as de quien abus\u00f3 en varias ocasiones aprovech\u00e1ndose de la convivencia preexistente, produjo archivos fotogr\u00e1ficos de estos abusos.<\/p>\n\n\n\n<p>Promoci\u00f3n de la Prostituci\u00f3n de Menores de 18 A\u00f1os Agravada: Leguiza promocion\u00f3 el ejercicio de la prostituci\u00f3n de una de sus v\u00edctimas.<\/p>\n\n\n\n<p>Promoci\u00f3n de la Corrupci\u00f3n de Menores Agravada por ser la V\u00edctima Menor de 13 A\u00f1os y Mediar Convivencia: En las mismas circunstancias que los hechos anteriores, Leguiza promovi\u00f3 la corrupci\u00f3n del desarrollo psicosexual de la menor.<\/p>\n\n\n\n<p>Detalles de la Investigaci\u00f3n:<\/p>\n\n\n\n<p>La investigaci\u00f3n se bas\u00f3 en reportes del NCMEC que alertaban sobre el tr\u00e1fico de material de abuso sexual infantil a trav\u00e9s de Facebook, vinculado a un tel\u00e9fono que utilizaba Guillermo Fernando Leguiza.<\/p>\n\n\n\n<p>Durante el allanamiento a su domicilio en Quilmes Oeste, se secuestr\u00f3 el tel\u00e9fono celular de Leguiza, donde peritos de la Unidad Forense e Investigaci\u00f3n Digital (UFID) constataron la existencia de representaciones de las partes genitales de las ni\u00f1as que fueron abusadas por \u00e9l y otros 91 archivos de material multimedia con im\u00e1genes de abuso sexual infantil.<\/p>\n\n\n\n<p>El Tribunal consider\u00f3 como agravantes la pluralidad de v\u00edctimas, la corta edad de las ni\u00f1as, la extensi\u00f3n del da\u00f1o causado y la reiteraci\u00f3n de las conductas durante un extenso per\u00edodo de tiempo.<\/p>\n\n\n\n<p>La sentencia destaca la importancia de la normativa internacional, como la Convenci\u00f3n Internacional sobre los Derechos del Ni\u00f1o y el Protocolo Facultativo, as\u00ed como el Convenio sobre Ciberdelito de Budapest, en la protecci\u00f3n de los menores contra la explotaci\u00f3n sexual.<\/p>\n","protected":false},"excerpt":{"rendered":"<p>Las v\u00edctimas fueron abusadas, fotografiadas y filmadas, im\u00e1genes que distribu\u00eda por redes sociales. En un fallo contundente, el Tribunal Oral en lo Criminal N\u00ba5 de Quilmes conden\u00f3 a Guillermo Fernando Leguiza a una pena de 12 a\u00f1os de prisi\u00f3n, por encontrarlo penalmente responsable de m\u00faltiples delitos relacionados con abuso sexual y producci\u00f3n, tenencia y distribuci\u00f3n&hellip;<\/p>\n","protected":false},"author":1,"featured_media":144358,"comment_status":"open","ping_status":"open","sticky":false,"template":"","format":"standard","meta":{"footnotes":""},"categories":[20],"tags":[2450,219,47330,47331,47332,9205,684,35051],"class_list":["post-144357","post","type-post","status-publish","format-standard","has-post-thumbnail","hentry","category-judiciales","tag-diario-el-sindical","tag-facebook","tag-fiscal-mariel-calvino","tag-guillermo-fernando-leguiza","tag-juez-gustavo-dario-farina","tag-juicio-abreviado","tag-quilmes","tag-toc-5-quilmes"],"_links":{"self":[{"href":"https:\/\/www.elsindical.com.ar\/notas\/wp-json\/wp\/v2\/posts\/144357","targetHints":{"allow":["GET"]}}],"collection":[{"href":"https:\/\/www.elsindical.com.ar\/notas\/wp-json\/wp\/v2\/posts"}],"about":[{"href":"https:\/\/www.elsindical.com.ar\/notas\/wp-json\/wp\/v2\/types\/post"}],"author":[{"embeddable":true,"href":"https:\/\/www.elsindical.com.ar\/notas\/wp-json\/wp\/v2\/users\/1"}],"replies":[{"embeddable":true,"href":"https:\/\/www.elsindical.com.ar\/notas\/wp-json\/wp\/v2\/comments?post=144357"}],"version-history":[{"count":2,"href":"https:\/\/www.elsindical.com.ar\/notas\/wp-json\/wp\/v2\/posts\/144357\/revisions"}],"predecessor-version":[{"id":144365,"href":"https:\/\/www.elsindical.com.ar\/notas\/wp-json\/wp\/v2\/posts\/144357\/revisions\/144365"}],"wp:featuredmedia":[{"embeddable":true,"href":"https:\/\/www.elsindical.com.ar\/notas\/wp-json\/wp\/v2\/media\/144358"}],"wp:attachment":[{"href":"https:\/\/www.elsindical.com.ar\/notas\/wp-json\/wp\/v2\/media?parent=144357"}],"wp:term":[{"taxonomy":"category","embeddable":true,"href":"https:\/\/www.elsindical.com.ar\/notas\/wp-json\/wp\/v2\/categories?post=144357"},{"taxonomy":"post_tag","embeddable":true,"href":"https:\/\/www.elsindical.com.ar\/notas\/wp-json\/wp\/v2\/tags?post=144357"}],"curies":[{"name":"wp","href":"https:\/\/api.w.org\/{rel}","templated":true}]}}