{"id":144352,"date":"2026-04-29T01:55:54","date_gmt":"2026-04-29T04:55:54","guid":{"rendered":"https:\/\/www.elsindical.com.ar\/notas\/?p=144352"},"modified":"2026-04-29T01:56:00","modified_gmt":"2026-04-29T04:56:00","slug":"ivana-alvarez-fue-desvinculada-de-su-cargo-en-el-gobierno-de-santa-cruz-luego-de-ser-allanada-y-tener-material-de-abuso-sexual-a-menores","status":"publish","type":"post","link":"https:\/\/www.elsindical.com.ar\/notas\/ivana-alvarez-fue-desvinculada-de-su-cargo-en-el-gobierno-de-santa-cruz-luego-de-ser-allanada-y-tener-material-de-abuso-sexual-a-menores\/","title":{"rendered":"Ivana \u00c1lvarez fue desvinculada de su cargo en el gobierno de Santa Cruz luego de ser allanada y tener material de abuso sexual a menores"},"content":{"rendered":"<div class=\"wp-block-image\">\n<figure class=\"aligncenter size-full\"><a href=\"https:\/\/www.elsindical.com.ar\/notas\/var\/www\/html\/notas\/wp-content\/uploads\/2026\/04\/Ivana-Alvarez-directora.jpg\"><img loading=\"lazy\" decoding=\"async\" width=\"526\" height=\"526\" src=\"https:\/\/www.elsindical.com.ar\/notas\/var\/www\/html\/notas\/wp-content\/uploads\/2026\/04\/Ivana-Alvarez-directora.jpg\" alt=\"\" class=\"wp-image-144353\" srcset=\"https:\/\/www.elsindical.com.ar\/notas\/var\/www\/html\/notas\/wp-content\/uploads\/2026\/04\/Ivana-Alvarez-directora.jpg 526w, https:\/\/www.elsindical.com.ar\/notas\/var\/www\/html\/notas\/wp-content\/uploads\/2026\/04\/Ivana-Alvarez-directora-300x300.jpg 300w, https:\/\/www.elsindical.com.ar\/notas\/var\/www\/html\/notas\/wp-content\/uploads\/2026\/04\/Ivana-Alvarez-directora-150x150.jpg 150w, https:\/\/www.elsindical.com.ar\/notas\/var\/www\/html\/notas\/wp-content\/uploads\/2026\/04\/Ivana-Alvarez-directora-50x50.jpg 50w\" sizes=\"auto, (max-width: 526px) 100vw, 526px\" \/><\/a><\/figure>\n<\/div>\n\n\n<p>El Gobierno de Santa Cruz dispuso la desvinculaci\u00f3n inmediata y definitiva de una directora que cumpl\u00eda funciones en el Centro Integral Comunitario del Carmen en R\u00edo Gallegos.<\/p>\n\n\n\n<p>La medida preventiva se adopt\u00f3 tras un procedimiento judicial en su domicilio particular en el marco de la investigaci\u00f3n federal sobre explotaci\u00f3n sexual infantil denominada Aliados por la Infancia VI.<\/p>\n\n\n\n<p>La exfuncionaria fue identificada como Ivana \u00c1lvarez, quien ocupaba el cargo desde 2024 y cuya detenci\u00f3n est\u00e1 vinculada al consumo de material de abuso sexual infantil.<\/p>\n\n\n\n<p>Desde el Ejecutivo Provincial indicaron que se actu\u00f3 con rapidez para priorizar el resguardo institucional y la confianza de la comunidad, acompa\u00f1ando el accionar de la Justicia.<\/p>\n","protected":false},"excerpt":{"rendered":"<p>El Gobierno de Santa Cruz dispuso la desvinculaci\u00f3n inmediata y definitiva de una directora que cumpl\u00eda funciones en el Centro Integral Comunitario del Carmen en R\u00edo Gallegos. La medida preventiva se adopt\u00f3 tras un procedimiento judicial en su domicilio particular en el marco de la investigaci\u00f3n federal sobre explotaci\u00f3n sexual infantil denominada Aliados por la&hellip;<\/p>\n","protected":false},"author":1,"featured_media":144353,"comment_status":"open","ping_status":"open","sticky":false,"template":"","format":"standard","meta":{"footnotes":""},"categories":[22,13],"tags":[47329,493,45655,2450,47328,41706,11838,2653],"class_list":["post-144352","post","type-post","status-publish","format-standard","has-post-thumbnail","hentry","category-policiales","category-politica","tag-aliados-por-la-infancia-vi","tag-allanamientos","tag-cic","tag-diario-el-sindical","tag-ivana-alvarez","tag-material-de-abuso-sexual-infantial","tag-rio-gallegos","tag-santa-cruz"],"_links":{"self":[{"href":"https:\/\/www.elsindical.com.ar\/notas\/wp-json\/wp\/v2\/posts\/144352","targetHints":{"allow":["GET"]}}],"collection":[{"href":"https:\/\/www.elsindical.com.ar\/notas\/wp-json\/wp\/v2\/posts"}],"about":[{"href":"https:\/\/www.elsindical.com.ar\/notas\/wp-json\/wp\/v2\/types\/post"}],"author":[{"embeddable":true,"href":"https:\/\/www.elsindical.com.ar\/notas\/wp-json\/wp\/v2\/users\/1"}],"replies":[{"embeddable":true,"href":"https:\/\/www.elsindical.com.ar\/notas\/wp-json\/wp\/v2\/comments?post=144352"}],"version-history":[{"count":1,"href":"https:\/\/www.elsindical.com.ar\/notas\/wp-json\/wp\/v2\/posts\/144352\/revisions"}],"predecessor-version":[{"id":144354,"href":"https:\/\/www.elsindical.com.ar\/notas\/wp-json\/wp\/v2\/posts\/144352\/revisions\/144354"}],"wp:featuredmedia":[{"embeddable":true,"href":"https:\/\/www.elsindical.com.ar\/notas\/wp-json\/wp\/v2\/media\/144353"}],"wp:attachment":[{"href":"https:\/\/www.elsindical.com.ar\/notas\/wp-json\/wp\/v2\/media?parent=144352"}],"wp:term":[{"taxonomy":"category","embeddable":true,"href":"https:\/\/www.elsindical.com.ar\/notas\/wp-json\/wp\/v2\/categories?post=144352"},{"taxonomy":"post_tag","embeddable":true,"href":"https:\/\/www.elsindical.com.ar\/notas\/wp-json\/wp\/v2\/tags?post=144352"}],"curies":[{"name":"wp","href":"https:\/\/api.w.org\/{rel}","templated":true}]}}