{"id":144338,"date":"2026-04-28T14:31:08","date_gmt":"2026-04-28T17:31:08","guid":{"rendered":"https:\/\/www.elsindical.com.ar\/notas\/?p=144338"},"modified":"2026-04-28T14:31:15","modified_gmt":"2026-04-28T17:31:15","slug":"una-auditoria-detecto-irregularidades-y-deficit-tecnologico-en-el-instituto-que-forma-a-los-policias-portenos","status":"publish","type":"post","link":"https:\/\/www.elsindical.com.ar\/notas\/una-auditoria-detecto-irregularidades-y-deficit-tecnologico-en-el-instituto-que-forma-a-los-policias-portenos\/","title":{"rendered":"Una auditor\u00eda detect\u00f3 irregularidades y d\u00e9ficit tecnol\u00f3gico en el Instituto que forma a los polic\u00edas porte\u00f1os"},"content":{"rendered":"<div class=\"wp-block-image\">\n<figure class=\"aligncenter size-full\"><a href=\"https:\/\/www.elsindical.com.ar\/notas\/var\/www\/html\/notas\/wp-content\/uploads\/2026\/04\/Formacion-Policia-de-la-Ciudad.jpg\"><img loading=\"lazy\" decoding=\"async\" width=\"750\" height=\"428\" src=\"https:\/\/www.elsindical.com.ar\/notas\/var\/www\/html\/notas\/wp-content\/uploads\/2026\/04\/Formacion-Policia-de-la-Ciudad.jpg\" alt=\"\" class=\"wp-image-144339\" srcset=\"https:\/\/www.elsindical.com.ar\/notas\/var\/www\/html\/notas\/wp-content\/uploads\/2026\/04\/Formacion-Policia-de-la-Ciudad.jpg 750w, https:\/\/www.elsindical.com.ar\/notas\/var\/www\/html\/notas\/wp-content\/uploads\/2026\/04\/Formacion-Policia-de-la-Ciudad-300x171.jpg 300w, https:\/\/www.elsindical.com.ar\/notas\/var\/www\/html\/notas\/wp-content\/uploads\/2026\/04\/Formacion-Policia-de-la-Ciudad-220x126.jpg 220w\" sizes=\"auto, (max-width: 750px) 100vw, 750px\" \/><\/a><\/figure>\n<\/div>\n\n\n<p>El relevamiento advirti\u00f3 que gran parte de los capacitadores fue designada con las clases ya iniciadas, que los simuladores quedaron desbordados por la demanda y que el deterioro tecnol\u00f3gico del Instituto alcanz\u00f3 un \u00abestado cr\u00edtico\u00bb.<\/p>\n\n\n\n<p>La<strong> Auditor\u00eda General de la Ciudad de Buenos Aires (AGCBA)<\/strong> evalu\u00f3 el desempe\u00f1o del <strong>Instituto Superior de Seguridad P\u00fablica (ISSP)<\/strong> durante 2024 y detect\u00f3 una <strong>serie de debilidades <\/strong>en la designaci\u00f3n de capacitadores, la infraestructura tecnol\u00f3gica y la gesti\u00f3n administrativa del organismo encargado de formar a los aspirantes y al personal de la Polic\u00eda de la Ciudad, el Cuerpo de Bomberos y los funcionarios responsables de dise\u00f1ar e implementar pol\u00edticas de seguridad ciudadana.<\/p>\n\n\n\n<p>El informe, aprobado por unanimidad el 10 de septiembre de 2025 y dirigido a la presidenta de la Legislatura porte\u00f1a, <strong>Clara Muzzio<\/strong>, tuvo como supervisor al Dr. <strong>Guillermo A. Garc\u00eda<\/strong> y como director de proyecto al Lic.<strong> Favio Pirone.<\/strong><\/p>\n\n\n\n<p>Las tareas de campo se desarrollaron entre el 16 de marzo y el 25 de mayo de 2025.<\/p>\n\n\n\n<figure class=\"wp-block-image size-full\"><a href=\"https:\/\/www.elsindical.com.ar\/notas\/var\/www\/html\/notas\/wp-content\/uploads\/2026\/04\/Formacion-Policia-de-la-Ciudad-2.jpg\"><img loading=\"lazy\" decoding=\"async\" width=\"966\" height=\"541\" src=\"https:\/\/www.elsindical.com.ar\/notas\/var\/www\/html\/notas\/wp-content\/uploads\/2026\/04\/Formacion-Policia-de-la-Ciudad-2.jpg\" alt=\"\" class=\"wp-image-144340\" srcset=\"https:\/\/www.elsindical.com.ar\/notas\/var\/www\/html\/notas\/wp-content\/uploads\/2026\/04\/Formacion-Policia-de-la-Ciudad-2.jpg 966w, https:\/\/www.elsindical.com.ar\/notas\/var\/www\/html\/notas\/wp-content\/uploads\/2026\/04\/Formacion-Policia-de-la-Ciudad-2-300x168.jpg 300w, https:\/\/www.elsindical.com.ar\/notas\/var\/www\/html\/notas\/wp-content\/uploads\/2026\/04\/Formacion-Policia-de-la-Ciudad-2-768x430.jpg 768w\" sizes=\"auto, (max-width: 966px) 100vw, 966px\" \/><\/a><\/figure>\n\n\n\n<p>El Instituto, situado en un predio de 10 hect\u00e1reas en el barrio de Bajo Flores,<strong> invirti\u00f3 m\u00e1s de $1.587 millones<\/strong> en la contrataci\u00f3n de capacitadores durante el per\u00edodo auditado. De ese total, el 79,8% se destin\u00f3 a la Tecnicatura Superior en Seguridad P\u00fablica para aspirantes a Oficial de Polic\u00eda; el 15,6%, a los Cursos de Ascenso; y el 4,5% restante, a otras instancias formativas. A partir de esa distribuci\u00f3n, la AGCBA concluy\u00f3 que el organismo reflej\u00f3 una \u201cclara priorizaci\u00f3n institucional de la formaci\u00f3n inicial de los aspirantes a la Polic\u00eda de la Ciudad\u201d.<\/p>\n\n\n<div class=\"wp-block-image\">\n<figure class=\"aligncenter size-full\"><a href=\"https:\/\/www.elsindical.com.ar\/notas\/var\/www\/html\/notas\/wp-content\/uploads\/2026\/04\/Formacion-Policia-de-la-Ciudad-3.jpg\"><img loading=\"lazy\" decoding=\"async\" width=\"750\" height=\"452\" src=\"https:\/\/www.elsindical.com.ar\/notas\/var\/www\/html\/notas\/wp-content\/uploads\/2026\/04\/Formacion-Policia-de-la-Ciudad-3.jpg\" alt=\"\" class=\"wp-image-144341\" srcset=\"https:\/\/www.elsindical.com.ar\/notas\/var\/www\/html\/notas\/wp-content\/uploads\/2026\/04\/Formacion-Policia-de-la-Ciudad-3.jpg 750w, https:\/\/www.elsindical.com.ar\/notas\/var\/www\/html\/notas\/wp-content\/uploads\/2026\/04\/Formacion-Policia-de-la-Ciudad-3-300x181.jpg 300w\" sizes=\"auto, (max-width: 750px) 100vw, 750px\" \/><\/a><\/figure>\n<\/div>\n\n\n<p>En 2024, el Instituto recibi\u00f3 <strong>23.176 solicitudes<\/strong> para cursar la Tecnicatura, pero solo 955 personas firmaron vacante para ingresar al Curso de Formaci\u00f3n Inicial para Aspirante a Oficial de la Polic\u00eda de la Ciudad bajo la modalidad de internado con beca. De ese total, 919 aprobaron el primer cuatrimestre y 899, el segundo.<\/p>\n\n\n\n<p>A lo largo del per\u00edodo se graduaron 1.515 T\u00e9cnicos Superiores en Seguridad P\u00fablica \u2013 Oficial de Polic\u00eda.<\/p>\n\n\n\n<figure class=\"wp-block-image size-full\"><a href=\"https:\/\/www.elsindical.com.ar\/notas\/var\/www\/html\/notas\/wp-content\/uploads\/2026\/04\/Formacion-Policia-de-la-Ciudad-4.jpg\"><img loading=\"lazy\" decoding=\"async\" width=\"1011\" height=\"576\" src=\"https:\/\/www.elsindical.com.ar\/notas\/var\/www\/html\/notas\/wp-content\/uploads\/2026\/04\/Formacion-Policia-de-la-Ciudad-4.jpg\" alt=\"\" class=\"wp-image-144342\" srcset=\"https:\/\/www.elsindical.com.ar\/notas\/var\/www\/html\/notas\/wp-content\/uploads\/2026\/04\/Formacion-Policia-de-la-Ciudad-4.jpg 1011w, https:\/\/www.elsindical.com.ar\/notas\/var\/www\/html\/notas\/wp-content\/uploads\/2026\/04\/Formacion-Policia-de-la-Ciudad-4-300x171.jpg 300w, https:\/\/www.elsindical.com.ar\/notas\/var\/www\/html\/notas\/wp-content\/uploads\/2026\/04\/Formacion-Policia-de-la-Ciudad-4-768x438.jpg 768w, https:\/\/www.elsindical.com.ar\/notas\/var\/www\/html\/notas\/wp-content\/uploads\/2026\/04\/Formacion-Policia-de-la-Ciudad-4-220x126.jpg 220w\" sizes=\"auto, (max-width: 1011px) 100vw, 1011px\" \/><\/a><\/figure>\n\n\n\n<p>Respecto de las bajas, el Instituto inform\u00f3 <strong>110 <\/strong>en total: 98 voluntarias y 12 obligatorias. Sin embargo, el relevamiento de las resoluciones institucionales identific\u00f3 104 bajas voluntarias y 15 reincorporaciones; descontadas estas \u00faltimas, <strong>la auditor\u00eda constat\u00f3 una diferencia de 9 bajas voluntarias respecto de lo informado por el organismo.<\/strong><\/p>\n\n\n\n<p>Pese a la inversi\u00f3n y a la magnitud de la actividad, la auditor\u00eda detect\u00f3 <strong>irregularidades sistem\u00e1ticas en la designaci\u00f3n de los formadores.<\/strong><\/p>\n\n\n<div class=\"wp-block-image\">\n<figure class=\"aligncenter size-full\"><a href=\"https:\/\/www.elsindical.com.ar\/notas\/var\/www\/html\/notas\/wp-content\/uploads\/2026\/04\/Formacion-Policia-de-la-Ciudad-5.jpg\"><img loading=\"lazy\" decoding=\"async\" width=\"983\" height=\"322\" src=\"https:\/\/www.elsindical.com.ar\/notas\/var\/www\/html\/notas\/wp-content\/uploads\/2026\/04\/Formacion-Policia-de-la-Ciudad-5.jpg\" alt=\"\" class=\"wp-image-144343\" srcset=\"https:\/\/www.elsindical.com.ar\/notas\/var\/www\/html\/notas\/wp-content\/uploads\/2026\/04\/Formacion-Policia-de-la-Ciudad-5.jpg 983w, https:\/\/www.elsindical.com.ar\/notas\/var\/www\/html\/notas\/wp-content\/uploads\/2026\/04\/Formacion-Policia-de-la-Ciudad-5-300x98.jpg 300w, https:\/\/www.elsindical.com.ar\/notas\/var\/www\/html\/notas\/wp-content\/uploads\/2026\/04\/Formacion-Policia-de-la-Ciudad-5-768x252.jpg 768w\" sizes=\"auto, (max-width: 983px) 100vw, 983px\" \/><\/a><\/figure>\n<\/div>\n\n\n<p>La planta de la Tecnicatura contaba con 800 capacitadores y la de los Cursos de Ascenso, con 161. Del an\u00e1lisis de una muestra de 86 expedientes de los primeros, <strong>surgi\u00f3 que en 84 casos \u201cla fecha de requerimiento del capacitador para cubrir una materia o curso es posterior a la fecha de inicio de estos\u201d<\/strong> y que en 85 expedientes no constaban las actas de la Comisi\u00f3n Evaluadora de Antecedentes Acad\u00e9micos y Profesionales.<\/p>\n\n\n\n<p>En los Cursos de Ascenso, de 60 expedientes examinados, <strong>54 presentaron la misma anomal\u00eda <\/strong><strong>en la fecha de requerimiento y ninguno cont\u00f3 con las actas de esa comisi\u00f3n.&nbsp;<\/strong><\/p>\n\n\n<div class=\"wp-block-image\">\n<figure class=\"aligncenter size-full\"><a href=\"https:\/\/www.elsindical.com.ar\/notas\/var\/www\/html\/notas\/wp-content\/uploads\/2026\/04\/Formacion-Policia-de-la-Ciudad-6.jpg\"><img loading=\"lazy\" decoding=\"async\" width=\"750\" height=\"458\" src=\"https:\/\/www.elsindical.com.ar\/notas\/var\/www\/html\/notas\/wp-content\/uploads\/2026\/04\/Formacion-Policia-de-la-Ciudad-6.jpg\" alt=\"\" class=\"wp-image-144344\" srcset=\"https:\/\/www.elsindical.com.ar\/notas\/var\/www\/html\/notas\/wp-content\/uploads\/2026\/04\/Formacion-Policia-de-la-Ciudad-6.jpg 750w, https:\/\/www.elsindical.com.ar\/notas\/var\/www\/html\/notas\/wp-content\/uploads\/2026\/04\/Formacion-Policia-de-la-Ciudad-6-300x183.jpg 300w\" sizes=\"auto, (max-width: 750px) 100vw, 750px\" \/><\/a><\/figure>\n<\/div>\n\n\n<p>La AGCBA identific\u00f3, adem\u00e1s, documentaci\u00f3n personal faltante en los legajos de recursos humanos, <strong>constancias vencidas de Deudores Alimentarios y Ciudadan\u00eda Porte\u00f1a, y ausencia de publicaci\u00f3n oficial y comunicaci\u00f3n interna de las resoluciones de designaci\u00f3n.<\/strong><\/p>\n\n\n\n<p>En el plano acad\u00e9mico la medici\u00f3n oficial se\u00f1al\u00f3 que <strong>algunas materias <\/strong><strong>\u201ctienen alta carga horaria con pocos docentes, lo que podr\u00eda afectar la calidad educativa\u201d<\/strong> y que exist\u00edan \u201cdesfasajes\u201d en la distribuci\u00f3n de la carga horaria semanal. En cuanto a los cursos de ascenso, la auditor\u00eda detect\u00f3 falta de planificaci\u00f3n y comunicaci\u00f3n entre las autoridades y el Instituto, s<strong>obrecarga operativa por alta demanda y escasos recursos humanos<\/strong>, y la necesidad de establecer criterios objetivos para regular la participaci\u00f3n.<\/p>\n\n\n<div class=\"wp-block-image\">\n<figure class=\"aligncenter size-full\"><a href=\"https:\/\/www.elsindical.com.ar\/notas\/var\/www\/html\/notas\/wp-content\/uploads\/2026\/04\/Formacion-Policia-de-la-Ciudad-7.jpg\"><img loading=\"lazy\" decoding=\"async\" width=\"750\" height=\"421\" src=\"https:\/\/www.elsindical.com.ar\/notas\/var\/www\/html\/notas\/wp-content\/uploads\/2026\/04\/Formacion-Policia-de-la-Ciudad-7.jpg\" alt=\"\" class=\"wp-image-144345\" srcset=\"https:\/\/www.elsindical.com.ar\/notas\/var\/www\/html\/notas\/wp-content\/uploads\/2026\/04\/Formacion-Policia-de-la-Ciudad-7.jpg 750w, https:\/\/www.elsindical.com.ar\/notas\/var\/www\/html\/notas\/wp-content\/uploads\/2026\/04\/Formacion-Policia-de-la-Ciudad-7-300x168.jpg 300w\" sizes=\"auto, (max-width: 750px) 100vw, 750px\" \/><\/a><\/figure>\n<\/div>\n\n\n<p>Las deficiencias m\u00e1s agudas se registraron en las denominadas \u201c\u00e1reas estrat\u00e9gicas\u201d.&nbsp;<\/p>\n\n\n\n<p>De las 2.400 notebooks adquiridas en 2018, durante 2024 solo 600 permanec\u00edan operativas, y se estim\u00f3 que para finales de 2025 el 80% del \u201cparque tecnol\u00f3gico\u201d quedar\u00eda obsoleto.&nbsp;<\/p>\n\n\n<div class=\"wp-block-image\">\n<figure class=\"aligncenter size-full\"><a href=\"https:\/\/www.elsindical.com.ar\/notas\/var\/www\/html\/notas\/wp-content\/uploads\/2026\/04\/Formacion-Policia-de-la-Ciudad-8.jpg\"><img loading=\"lazy\" decoding=\"async\" width=\"750\" height=\"348\" src=\"https:\/\/www.elsindical.com.ar\/notas\/var\/www\/html\/notas\/wp-content\/uploads\/2026\/04\/Formacion-Policia-de-la-Ciudad-8.jpg\" alt=\"\" class=\"wp-image-144346\" srcset=\"https:\/\/www.elsindical.com.ar\/notas\/var\/www\/html\/notas\/wp-content\/uploads\/2026\/04\/Formacion-Policia-de-la-Ciudad-8.jpg 750w, https:\/\/www.elsindical.com.ar\/notas\/var\/www\/html\/notas\/wp-content\/uploads\/2026\/04\/Formacion-Policia-de-la-Ciudad-8-300x139.jpg 300w\" sizes=\"auto, (max-width: 750px) 100vw, 750px\" \/><\/a><\/figure>\n<\/div>\n\n<div class=\"wp-block-image\">\n<figure class=\"aligncenter size-full\"><a href=\"https:\/\/www.elsindical.com.ar\/notas\/var\/www\/html\/notas\/wp-content\/uploads\/2026\/04\/Formacion-Policia-de-la-Ciudad-9.jpg\"><img loading=\"lazy\" decoding=\"async\" width=\"750\" height=\"154\" src=\"https:\/\/www.elsindical.com.ar\/notas\/var\/www\/html\/notas\/wp-content\/uploads\/2026\/04\/Formacion-Policia-de-la-Ciudad-9.jpg\" alt=\"\" class=\"wp-image-144347\" srcset=\"https:\/\/www.elsindical.com.ar\/notas\/var\/www\/html\/notas\/wp-content\/uploads\/2026\/04\/Formacion-Policia-de-la-Ciudad-9.jpg 750w, https:\/\/www.elsindical.com.ar\/notas\/var\/www\/html\/notas\/wp-content\/uploads\/2026\/04\/Formacion-Policia-de-la-Ciudad-9-300x62.jpg 300w\" sizes=\"auto, (max-width: 750px) 100vw, 750px\" \/><\/a><\/figure>\n<\/div>\n\n\n<p>La escasez de netbooks afect\u00f3 tambi\u00e9n el acceso de los cadetes al campus virtual Moodle (plataforma que en 2024 dio soporte a m\u00e1s de 113.000 alumnos y 396 docentes), lo que gener\u00f3 costos adicionales por la impresi\u00f3n masiva de materiales y ex\u00e1menes. El kit de elementos entregado a cada cadete al inicio del cursado no incluy\u00f3 netbooks, lo que limit\u00f3 el acceso a contenidos y evaluaciones interactivas.<\/p>\n\n\n\n<p>Los simuladores de realidad virtual de conducci\u00f3n vehicular y de pol\u00edgonos 2D, utilizados para la instrucci\u00f3n en \u201cdiversos escenarios, situaciones de emergencia y la programaci\u00f3n de fallas mec\u00e1nicas\u201d con el objeto de evitar riesgos en la etapa de aprendizaje, <strong>resultaron insuficientes ante la demanda y sobrecargaron a los instructores.&nbsp;<\/strong><\/p>\n\n\n<div class=\"wp-block-image\">\n<figure class=\"aligncenter size-full\"><a href=\"https:\/\/www.elsindical.com.ar\/notas\/var\/www\/html\/notas\/wp-content\/uploads\/2026\/04\/Formacion-Policia-de-la-Ciudad-10.jpg\"><img loading=\"lazy\" decoding=\"async\" width=\"750\" height=\"422\" src=\"https:\/\/www.elsindical.com.ar\/notas\/var\/www\/html\/notas\/wp-content\/uploads\/2026\/04\/Formacion-Policia-de-la-Ciudad-10.jpg\" alt=\"\" class=\"wp-image-144348\" srcset=\"https:\/\/www.elsindical.com.ar\/notas\/var\/www\/html\/notas\/wp-content\/uploads\/2026\/04\/Formacion-Policia-de-la-Ciudad-10.jpg 750w, https:\/\/www.elsindical.com.ar\/notas\/var\/www\/html\/notas\/wp-content\/uploads\/2026\/04\/Formacion-Policia-de-la-Ciudad-10-300x169.jpg 300w, https:\/\/www.elsindical.com.ar\/notas\/var\/www\/html\/notas\/wp-content\/uploads\/2026\/04\/Formacion-Policia-de-la-Ciudad-10-460x260.jpg 460w\" sizes=\"auto, (max-width: 750px) 100vw, 750px\" \/><\/a><\/figure>\n<\/div>\n\n\n<p>En 2024, alrededor de 2.558 cursantes y visitantes usufructuaron los simuladores vehiculares. Los pol\u00edgonos virtuales registraron 1.102 usuarios distribuidos entre 650 cadetes, 180 polic\u00edas, 25 representantes de embajadas, 25 integrantes de fuerzas nacionales y federales, 20 de fuerzas extranjeras, 57 visitas judiciales, 85 pertenecientes a organismos y organizaciones no gubernamentales y 60 visitas institucionales. El \u00e1rea de e-learning del Instituto, encargada de sostener la educaci\u00f3n virtual, el campus digital y el soporte pedag\u00f3gico, tambi\u00e9n mostr\u00f3 signos de saturaci\u00f3n, con equipos existentes y soporte t\u00e9cnico desbordados, lo que deriv\u00f3 en un <strong>\u201cmayor gasto en soluciones alternativas\u201d<\/strong> con riesgos operativos que <strong>comprometieron el cumplimiento de los objetivos institucionales y presupuestarios.<\/strong><\/p>\n\n\n<div class=\"wp-block-image\">\n<figure class=\"aligncenter size-full\"><a href=\"https:\/\/www.elsindical.com.ar\/notas\/var\/www\/html\/notas\/wp-content\/uploads\/2026\/04\/Formacion-Policia-de-la-Ciudad-11.jpg\"><img loading=\"lazy\" decoding=\"async\" width=\"750\" height=\"302\" src=\"https:\/\/www.elsindical.com.ar\/notas\/var\/www\/html\/notas\/wp-content\/uploads\/2026\/04\/Formacion-Policia-de-la-Ciudad-11.jpg\" alt=\"\" class=\"wp-image-144349\" srcset=\"https:\/\/www.elsindical.com.ar\/notas\/var\/www\/html\/notas\/wp-content\/uploads\/2026\/04\/Formacion-Policia-de-la-Ciudad-11.jpg 750w, https:\/\/www.elsindical.com.ar\/notas\/var\/www\/html\/notas\/wp-content\/uploads\/2026\/04\/Formacion-Policia-de-la-Ciudad-11-300x121.jpg 300w\" sizes=\"auto, (max-width: 750px) 100vw, 750px\" \/><\/a><\/figure>\n<\/div>\n\n\n<p>La flota vehicular del Instituto (dos \u00f3mnibus, tres minibuses y cuatro veh\u00edculos utilitarios tipo camioneta) tampoco result\u00f3 suficiente para cubrir la demanda. Esos medios trasladaron a 18.912 agentes durante 2024 en el marco de actividades acad\u00e9micas, servicios de seguridad y visitas culturales, entre ellas al Teatro Col\u00f3n, al Congreso de la Naci\u00f3n y a la Morgue Judicial.<\/p>\n\n\n\n<p>El informe concluy\u00f3 que la flota disponible <strong>no resultar\u00eda suficiente para cubrir adecuadamente la demanda anual de traslados requerida por las distintas actividades acad\u00e9micas y operativas.<\/strong><\/p>\n\n\n<div class=\"wp-block-image\">\n<figure class=\"aligncenter size-full\"><a href=\"https:\/\/www.elsindical.com.ar\/notas\/var\/www\/html\/notas\/wp-content\/uploads\/2026\/04\/Formacion-Policia-de-la-Ciudad-12.jpg\"><img loading=\"lazy\" decoding=\"async\" width=\"750\" height=\"336\" src=\"https:\/\/www.elsindical.com.ar\/notas\/var\/www\/html\/notas\/wp-content\/uploads\/2026\/04\/Formacion-Policia-de-la-Ciudad-12.jpg\" alt=\"\" class=\"wp-image-144350\" srcset=\"https:\/\/www.elsindical.com.ar\/notas\/var\/www\/html\/notas\/wp-content\/uploads\/2026\/04\/Formacion-Policia-de-la-Ciudad-12.jpg 750w, https:\/\/www.elsindical.com.ar\/notas\/var\/www\/html\/notas\/wp-content\/uploads\/2026\/04\/Formacion-Policia-de-la-Ciudad-12-300x134.jpg 300w\" sizes=\"auto, (max-width: 750px) 100vw, 750px\" \/><\/a><\/figure>\n<\/div>\n\n\n<p>La AGCBA tambi\u00e9n advirti\u00f3 que no se pudo verificar una formaci\u00f3n acad\u00e9mica continuada sobre Derechos Humanos en la formaci\u00f3n inicial de los polic\u00edas, aunque s\u00ed constat\u00f3 la existencia de contenido curricular en la tem\u00e1tica. De manera an\u00e1loga, el informe se\u00f1al\u00f3 que no se cont\u00f3 con informaci\u00f3n que acreditara actividades acad\u00e9micas de capacitaci\u00f3n continua en la atenci\u00f3n al p\u00fablico.<\/p>\n\n\n\n<p>Como contrapunto, el examen sobre una muestra de 90 expedientes de cadetes egresados determin\u00f3 que todos contaban con la totalidad de la documentaci\u00f3n exigida, sin incumplimientos a la normativa vigente.<\/p>\n","protected":false},"excerpt":{"rendered":"<p>El relevamiento advirti\u00f3 que gran parte de los capacitadores fue designada con las clases ya iniciadas, que los simuladores quedaron desbordados por la demanda y que el deterioro tecnol\u00f3gico del Instituto alcanz\u00f3 un \u00abestado cr\u00edtico\u00bb. La Auditor\u00eda General de la Ciudad de Buenos Aires (AGCBA) evalu\u00f3 el desempe\u00f1o del Instituto Superior de Seguridad P\u00fablica (ISSP)&hellip;<\/p>\n","protected":false},"author":1,"featured_media":144339,"comment_status":"open","ping_status":"open","sticky":false,"template":"","format":"standard","meta":{"footnotes":""},"categories":[6,22,13],"tags":[47324,10460,47327,31210,2450,47326,47325,24537],"class_list":["post-144338","post","type-post","status-publish","format-standard","has-post-thumbnail","hentry","category-denuncias","category-policiales","category-politica","tag-agcba","tag-auditoria","tag-clara-muzzio","tag-deficiencias","tag-diario-el-sindical","tag-instituto-superior-de-seguridad-publica","tag-issp","tag-policia-de-la-ciudad"],"_links":{"self":[{"href":"https:\/\/www.elsindical.com.ar\/notas\/wp-json\/wp\/v2\/posts\/144338","targetHints":{"allow":["GET"]}}],"collection":[{"href":"https:\/\/www.elsindical.com.ar\/notas\/wp-json\/wp\/v2\/posts"}],"about":[{"href":"https:\/\/www.elsindical.com.ar\/notas\/wp-json\/wp\/v2\/types\/post"}],"author":[{"embeddable":true,"href":"https:\/\/www.elsindical.com.ar\/notas\/wp-json\/wp\/v2\/users\/1"}],"replies":[{"embeddable":true,"href":"https:\/\/www.elsindical.com.ar\/notas\/wp-json\/wp\/v2\/comments?post=144338"}],"version-history":[{"count":1,"href":"https:\/\/www.elsindical.com.ar\/notas\/wp-json\/wp\/v2\/posts\/144338\/revisions"}],"predecessor-version":[{"id":144351,"href":"https:\/\/www.elsindical.com.ar\/notas\/wp-json\/wp\/v2\/posts\/144338\/revisions\/144351"}],"wp:featuredmedia":[{"embeddable":true,"href":"https:\/\/www.elsindical.com.ar\/notas\/wp-json\/wp\/v2\/media\/144339"}],"wp:attachment":[{"href":"https:\/\/www.elsindical.com.ar\/notas\/wp-json\/wp\/v2\/media?parent=144338"}],"wp:term":[{"taxonomy":"category","embeddable":true,"href":"https:\/\/www.elsindical.com.ar\/notas\/wp-json\/wp\/v2\/categories?post=144338"},{"taxonomy":"post_tag","embeddable":true,"href":"https:\/\/www.elsindical.com.ar\/notas\/wp-json\/wp\/v2\/tags?post=144338"}],"curies":[{"name":"wp","href":"https:\/\/api.w.org\/{rel}","templated":true}]}}