{"id":144334,"date":"2026-04-28T12:24:50","date_gmt":"2026-04-28T15:24:50","guid":{"rendered":"https:\/\/www.elsindical.com.ar\/notas\/?p=144334"},"modified":"2026-04-28T13:21:59","modified_gmt":"2026-04-28T16:21:59","slug":"lanus-violento-robo-a-un-kiosco-a-metros-de-escuela","status":"publish","type":"post","link":"https:\/\/www.elsindical.com.ar\/notas\/lanus-violento-robo-a-un-kiosco-a-metros-de-escuela\/","title":{"rendered":"Lan\u00fas: Violento robo a un kiosco a metros de escuela"},"content":{"rendered":"<div class=\"wp-block-image\">\n<figure class=\"aligncenter size-full is-resized\"><a href=\"https:\/\/www.elsindical.com.ar\/notas\/var\/www\/html\/notas\/wp-content\/uploads\/2026\/04\/Lanus-robo-a-kiosco.jpg\"><img loading=\"lazy\" decoding=\"async\" width=\"530\" height=\"853\" src=\"https:\/\/www.elsindical.com.ar\/notas\/var\/www\/html\/notas\/wp-content\/uploads\/2026\/04\/Lanus-robo-a-kiosco.jpg\" alt=\"\" class=\"wp-image-144335\" style=\"width:388px;height:auto\" srcset=\"https:\/\/www.elsindical.com.ar\/notas\/var\/www\/html\/notas\/wp-content\/uploads\/2026\/04\/Lanus-robo-a-kiosco.jpg 530w, https:\/\/www.elsindical.com.ar\/notas\/var\/www\/html\/notas\/wp-content\/uploads\/2026\/04\/Lanus-robo-a-kiosco-186x300.jpg 186w\" sizes=\"auto, (max-width: 530px) 100vw, 530px\" \/><\/a><\/figure>\n<\/div>\n\n\n<p>Un delincuente asalt\u00f3 un kiosco ubicado en las calles Pi\u00f1eiro y 2 de mayo en Lan\u00fas. Entr\u00f3 al local, se hizo pasar por un cliente e inmediatamente sac\u00f3 un arma. Carg\u00f3 la pistola y amenaz\u00f3 a la due\u00f1a del local con dispararle, pero no lo hizo y escap\u00f3 con $8000.<\/p>\n\n\n\n<p>Los casos de inseguridad en Lan\u00fas siguen siendo una constante de todos los d\u00edas, desde el municipio, el intendente Juli\u00e1n \u00c1lvarez vive en una realidad paralela donde cree que la seguridad durante su gesti\u00f3n a mejorado a pesar de que las noticias lo desmienten.<\/p>\n\n\n\n<p>El secretario de seguridad municipal Sebasti\u00e1n Castillo lleva ya m\u00e1s de 2 a\u00f1os cobrando un sueldo por una actividad en la que a demostrado ser ineficiente y a la que le dedica menos tiempo que a sus actividades como abogado en perjuicio de la seguridad de los vecinos de Lan\u00fas que ya est\u00e1n cansados con la gesti\u00f3n.<\/p>\n\n\n\n<p>De yapa se supo que el Honorable Tribunal de Cuentas de la provincia de Buenos Aires remarc\u00f3 irregularidades en los gastos de combustible de los patrulleros por una cifra millonaria, es decir a la ineficiencia se suma la corrupci\u00f3n.<\/p>\n\n\n\n<p>El hecho se conoci\u00f3 en redes sociales y lleg\u00f3 al medio TN donde reprodujeron el video del robo.<\/p>\n\n\n\n<figure class=\"wp-block-embed is-type-video is-provider-youtube wp-block-embed-youtube wp-embed-aspect-16-9 wp-has-aspect-ratio\"><div class=\"wp-block-embed__wrapper\">\n<iframe loading=\"lazy\" title=\"Lan\u00fas violento robo a kiosco a metros de escuela\" width=\"700\" height=\"394\" src=\"https:\/\/www.youtube.com\/embed\/XSrgCv1qOro?feature=oembed\" frameborder=\"0\" allow=\"accelerometer; autoplay; clipboard-write; encrypted-media; gyroscope; picture-in-picture; web-share\" referrerpolicy=\"strict-origin-when-cross-origin\" allowfullscreen><\/iframe>\n<\/div><\/figure>\n","protected":false},"excerpt":{"rendered":"<p>Un delincuente asalt\u00f3 un kiosco ubicado en las calles Pi\u00f1eiro y 2 de mayo en Lan\u00fas. Entr\u00f3 al local, se hizo pasar por un cliente e inmediatamente sac\u00f3 un arma. Carg\u00f3 la pistola y amenaz\u00f3 a la due\u00f1a del local con dispararle, pero no lo hizo y escap\u00f3 con $8000. Los casos de inseguridad en&hellip;<\/p>\n","protected":false},"author":1,"featured_media":144335,"comment_status":"open","ping_status":"open","sticky":false,"template":"","format":"standard","meta":{"footnotes":""},"categories":[6,22,13],"tags":[1451,892,2450,42922,209,2605,1174,41983,71,986],"class_list":["post-144334","post","type-post","status-publish","format-standard","has-post-thumbnail","hentry","category-denuncias","category-policiales","category-politica","tag-corrupcion","tag-delitos","tag-diario-el-sindical","tag-intendente-julian-alvarez","tag-lanus","tag-redes-sociales","tag-robos","tag-sebastian-castillo","tag-tn","tag-vecinos"],"_links":{"self":[{"href":"https:\/\/www.elsindical.com.ar\/notas\/wp-json\/wp\/v2\/posts\/144334","targetHints":{"allow":["GET"]}}],"collection":[{"href":"https:\/\/www.elsindical.com.ar\/notas\/wp-json\/wp\/v2\/posts"}],"about":[{"href":"https:\/\/www.elsindical.com.ar\/notas\/wp-json\/wp\/v2\/types\/post"}],"author":[{"embeddable":true,"href":"https:\/\/www.elsindical.com.ar\/notas\/wp-json\/wp\/v2\/users\/1"}],"replies":[{"embeddable":true,"href":"https:\/\/www.elsindical.com.ar\/notas\/wp-json\/wp\/v2\/comments?post=144334"}],"version-history":[{"count":2,"href":"https:\/\/www.elsindical.com.ar\/notas\/wp-json\/wp\/v2\/posts\/144334\/revisions"}],"predecessor-version":[{"id":144337,"href":"https:\/\/www.elsindical.com.ar\/notas\/wp-json\/wp\/v2\/posts\/144334\/revisions\/144337"}],"wp:featuredmedia":[{"embeddable":true,"href":"https:\/\/www.elsindical.com.ar\/notas\/wp-json\/wp\/v2\/media\/144335"}],"wp:attachment":[{"href":"https:\/\/www.elsindical.com.ar\/notas\/wp-json\/wp\/v2\/media?parent=144334"}],"wp:term":[{"taxonomy":"category","embeddable":true,"href":"https:\/\/www.elsindical.com.ar\/notas\/wp-json\/wp\/v2\/categories?post=144334"},{"taxonomy":"post_tag","embeddable":true,"href":"https:\/\/www.elsindical.com.ar\/notas\/wp-json\/wp\/v2\/tags?post=144334"}],"curies":[{"name":"wp","href":"https:\/\/api.w.org\/{rel}","templated":true}]}}