{"id":144328,"date":"2026-04-28T11:11:26","date_gmt":"2026-04-28T14:11:26","guid":{"rendered":"https:\/\/www.elsindical.com.ar\/notas\/?p=144328"},"modified":"2026-04-28T11:11:31","modified_gmt":"2026-04-28T14:11:31","slug":"capacitacion-sobre-prevencion-del-riesgo-suicida-en-la-unidad-n-30","status":"publish","type":"post","link":"https:\/\/www.elsindical.com.ar\/notas\/capacitacion-sobre-prevencion-del-riesgo-suicida-en-la-unidad-n-30\/","title":{"rendered":"Capacitaci\u00f3n sobre prevenci\u00f3n del riesgo suicida en la Unidad N\u00b0 30"},"content":{"rendered":"\n<figure class=\"wp-block-image size-large\"><a href=\"https:\/\/www.elsindical.com.ar\/notas\/var\/www\/html\/notas\/wp-content\/uploads\/2026\/04\/capacitacion-riesgo-suicida-SPB.jpeg\"><img loading=\"lazy\" decoding=\"async\" width=\"1024\" height=\"768\" src=\"https:\/\/www.elsindical.com.ar\/notas\/var\/www\/html\/notas\/wp-content\/uploads\/2026\/04\/capacitacion-riesgo-suicida-SPB-1024x768.jpeg\" alt=\"\" class=\"wp-image-144329\" srcset=\"https:\/\/www.elsindical.com.ar\/notas\/var\/www\/html\/notas\/wp-content\/uploads\/2026\/04\/capacitacion-riesgo-suicida-SPB-1024x768.jpeg 1024w, https:\/\/www.elsindical.com.ar\/notas\/var\/www\/html\/notas\/wp-content\/uploads\/2026\/04\/capacitacion-riesgo-suicida-SPB-300x225.jpeg 300w, https:\/\/www.elsindical.com.ar\/notas\/var\/www\/html\/notas\/wp-content\/uploads\/2026\/04\/capacitacion-riesgo-suicida-SPB-768x576.jpeg 768w, https:\/\/www.elsindical.com.ar\/notas\/var\/www\/html\/notas\/wp-content\/uploads\/2026\/04\/capacitacion-riesgo-suicida-SPB-1536x1152.jpeg 1536w, https:\/\/www.elsindical.com.ar\/notas\/var\/www\/html\/notas\/wp-content\/uploads\/2026\/04\/capacitacion-riesgo-suicida-SPB.jpeg 1600w\" sizes=\"auto, (max-width: 1024px) 100vw, 1024px\" \/><\/a><\/figure>\n\n\n\n<p>En el marco de las acciones de formaci\u00f3n permanente impulsadas por el Servicio Penitenciario Bonaerense, se desarroll\u00f3 en la Unidad 30 una jornada presencial de capacitaci\u00f3n sobre el \u201cProtocolo para la Prevenci\u00f3n del Riesgo Suicida Elizabeth\u201d, destinada al personal de las Unidades 14 y 30.<\/p>\n\n\n\n<p>La actividad se llev\u00f3 a cabo como parte de la agenda de prevenci\u00f3n y capacitaci\u00f3n promovida por la Direcci\u00f3n General de Asistencia y Tratamiento, a trav\u00e9s de la Subdirecci\u00f3n General de Gerenciamiento Asistencial y Tratamental, en articulaci\u00f3n con la Direcci\u00f3n Provincial de Salud Penitenciaria y la Direcci\u00f3n de Violencia Institucional en Contexto de Encierro, dependiente de la Subsecretar\u00eda de Pol\u00edtica Criminal.<\/p>\n\n\n\n<p>Durante la jornada participaron alrededor de cuarenta agentes penitenciarios, quienes recibieron herramientas vinculadas a los modos de intervenci\u00f3n, procedimientos y criterios de evaluaci\u00f3n establecidos en el nuevo protocolo, orientado a fortalecer las estrategias de prevenci\u00f3n y abordaje de situaciones de riesgo suicida en contexto de encierro.<\/p>\n\n\n\n<p>La capacitaci\u00f3n estuvo a cargo de un equipo interdisciplinario integrado por autoridades y profesionales especializados, entre ellos el Subdirector General de Gerenciamiento Asistencial y Tratamental, Jorge Ruiz; la directora de Desarrollo y Extensi\u00f3n Cient\u00edfica, Julia Martorina; el director de Investigaci\u00f3n Cient\u00edfica Asistencial y Tratamental, Dr. Juli\u00e1n Dorati; junto a las y los licenciados Laura D\u00edaz, Federico Prim\u00f3n, Ana Su\u00e1rez Rodr\u00edguez, Catalina Garc\u00eda, Juan Algacibiur, Milagros Rold\u00e1n, Nancy Menuet, Roc\u00edo Barrera y Paula Atfe.<\/p>\n\n\n\n<p>Los capacitadores fueron recibidos por el jefe de Complejo, Jos\u00e9 Mar\u00eda Alonso, junto a directivos de la Unidad 30, con quienes previamente mantuvieron una reuni\u00f3n de trabajo en la que se fijaron l\u00edneas de acci\u00f3n y se abordaron aspectos operativos para la implementaci\u00f3n del protocolo, con el objetivo de fortalecer este instrumento clave para la prevenci\u00f3n y el abordaje integral de situaciones vinculadas a la salud mental.<\/p>\n\n\n\n<p><\/p>\n","protected":false},"excerpt":{"rendered":"<p>En el marco de las acciones de formaci\u00f3n permanente impulsadas por el Servicio Penitenciario Bonaerense, se desarroll\u00f3 en la Unidad 30 una jornada presencial de capacitaci\u00f3n sobre el \u201cProtocolo para la Prevenci\u00f3n del Riesgo Suicida Elizabeth\u201d, destinada al personal de las Unidades 14 y 30. La actividad se llev\u00f3 a cabo como parte de la&hellip;<\/p>\n","protected":false},"author":1,"featured_media":144329,"comment_status":"open","ping_status":"open","sticky":false,"template":"","format":"standard","meta":{"footnotes":""},"categories":[19,13],"tags":[2450,47321,47322,1544],"class_list":["post-144328","post","type-post","status-publish","format-standard","has-post-thumbnail","hentry","category-intramuros","category-politica","tag-diario-el-sindical","tag-prevencion-del-suicidio","tag-protocolo-ara-la-prevencion-del-riesgo-suicida-elizabeth","tag-spb"],"_links":{"self":[{"href":"https:\/\/www.elsindical.com.ar\/notas\/wp-json\/wp\/v2\/posts\/144328","targetHints":{"allow":["GET"]}}],"collection":[{"href":"https:\/\/www.elsindical.com.ar\/notas\/wp-json\/wp\/v2\/posts"}],"about":[{"href":"https:\/\/www.elsindical.com.ar\/notas\/wp-json\/wp\/v2\/types\/post"}],"author":[{"embeddable":true,"href":"https:\/\/www.elsindical.com.ar\/notas\/wp-json\/wp\/v2\/users\/1"}],"replies":[{"embeddable":true,"href":"https:\/\/www.elsindical.com.ar\/notas\/wp-json\/wp\/v2\/comments?post=144328"}],"version-history":[{"count":1,"href":"https:\/\/www.elsindical.com.ar\/notas\/wp-json\/wp\/v2\/posts\/144328\/revisions"}],"predecessor-version":[{"id":144330,"href":"https:\/\/www.elsindical.com.ar\/notas\/wp-json\/wp\/v2\/posts\/144328\/revisions\/144330"}],"wp:featuredmedia":[{"embeddable":true,"href":"https:\/\/www.elsindical.com.ar\/notas\/wp-json\/wp\/v2\/media\/144329"}],"wp:attachment":[{"href":"https:\/\/www.elsindical.com.ar\/notas\/wp-json\/wp\/v2\/media?parent=144328"}],"wp:term":[{"taxonomy":"category","embeddable":true,"href":"https:\/\/www.elsindical.com.ar\/notas\/wp-json\/wp\/v2\/categories?post=144328"},{"taxonomy":"post_tag","embeddable":true,"href":"https:\/\/www.elsindical.com.ar\/notas\/wp-json\/wp\/v2\/tags?post=144328"}],"curies":[{"name":"wp","href":"https:\/\/api.w.org\/{rel}","templated":true}]}}