{"id":144322,"date":"2026-04-27T16:54:03","date_gmt":"2026-04-27T19:54:03","guid":{"rendered":"https:\/\/www.elsindical.com.ar\/notas\/?p=144322"},"modified":"2026-04-27T17:34:54","modified_gmt":"2026-04-27T20:34:54","slug":"floresta-desbaratan-un-prostibulo-encubierto","status":"publish","type":"post","link":"https:\/\/www.elsindical.com.ar\/notas\/floresta-desbaratan-un-prostibulo-encubierto\/","title":{"rendered":"Floresta: Desbaratan un prost\u00edbulo encubierto"},"content":{"rendered":"<div class=\"wp-block-image\">\n<figure class=\"aligncenter size-full\"><a href=\"https:\/\/www.elsindical.com.ar\/notas\/var\/www\/html\/notas\/wp-content\/uploads\/2026\/04\/allanamiento-prostibulo-Floresta.jpg\"><img loading=\"lazy\" decoding=\"async\" width=\"750\" height=\"435\" src=\"https:\/\/www.elsindical.com.ar\/notas\/var\/www\/html\/notas\/wp-content\/uploads\/2026\/04\/allanamiento-prostibulo-Floresta.jpg\" alt=\"\" class=\"wp-image-144323\" srcset=\"https:\/\/www.elsindical.com.ar\/notas\/var\/www\/html\/notas\/wp-content\/uploads\/2026\/04\/allanamiento-prostibulo-Floresta.jpg 750w, https:\/\/www.elsindical.com.ar\/notas\/var\/www\/html\/notas\/wp-content\/uploads\/2026\/04\/allanamiento-prostibulo-Floresta-300x174.jpg 300w\" sizes=\"auto, (max-width: 750px) 100vw, 750px\" \/><\/a><\/figure>\n<\/div>\n\n\n<p>La Polic\u00eda de la Ciudad allan\u00f3 la semana pasada un local en Floresta que simulaba ser una barber\u00eda pero funcionaba como prost\u00edbulo. El operativo, realizado en una propiedad de la avenida Juan Bautista Alberdi al 4300 tras una denuncia vecinal, permiti\u00f3 encontrar a tres mujeres y un cliente, en el marco de una investigaci\u00f3n por presunta explotaci\u00f3n sexual de personas vulnerables.<\/p>\n\n\n\n<p>El procedimiento deriv\u00f3 en la clausura del inmueble y el secuestro de dinero, celulares y otros elementos. La causa, a cargo de la Fiscal\u00eda N\u00b035, busca determinar responsabilidades y establecer si una de las mujeres presentes administraba el lugar, mientras se aguardan declaraciones y peritajes para avanzar en la investigaci\u00f3n.<\/p>\n\n\n\n<figure class=\"wp-block-embed is-type-video is-provider-youtube wp-block-embed-youtube wp-embed-aspect-16-9 wp-has-aspect-ratio\"><div class=\"wp-block-embed__wrapper\">\n<iframe loading=\"lazy\" title=\"Floresta allanamiento y clausura de prost\u00edbulo encubierto\" width=\"700\" height=\"394\" src=\"https:\/\/www.youtube.com\/embed\/XhMow5OqdvI?feature=oembed\" frameborder=\"0\" allow=\"accelerometer; autoplay; clipboard-write; encrypted-media; gyroscope; picture-in-picture; web-share\" referrerpolicy=\"strict-origin-when-cross-origin\" allowfullscreen><\/iframe>\n<\/div><\/figure>\n","protected":false},"excerpt":{"rendered":"<p>La Polic\u00eda de la Ciudad allan\u00f3 la semana pasada un local en Floresta que simulaba ser una barber\u00eda pero funcionaba como prost\u00edbulo. El operativo, realizado en una propiedad de la avenida Juan Bautista Alberdi al 4300 tras una denuncia vecinal, permiti\u00f3 encontrar a tres mujeres y un cliente, en el marco de una investigaci\u00f3n por&hellip;<\/p>\n","protected":false},"author":1,"featured_media":144323,"comment_status":"open","ping_status":"open","sticky":false,"template":"","format":"standard","meta":{"footnotes":""},"categories":[22],"tags":[138,47320,4284,2407,2450,3282,1848,24537,1159],"class_list":["post-144322","post","type-post","status-publish","format-standard","has-post-thumbnail","hentry","category-policiales","tag-allanamiento","tag-barberia","tag-caba","tag-clausura","tag-diario-el-sindical","tag-explotacion-sexual","tag-floresta","tag-policia-de-la-ciudad","tag-prostibulo"],"_links":{"self":[{"href":"https:\/\/www.elsindical.com.ar\/notas\/wp-json\/wp\/v2\/posts\/144322","targetHints":{"allow":["GET"]}}],"collection":[{"href":"https:\/\/www.elsindical.com.ar\/notas\/wp-json\/wp\/v2\/posts"}],"about":[{"href":"https:\/\/www.elsindical.com.ar\/notas\/wp-json\/wp\/v2\/types\/post"}],"author":[{"embeddable":true,"href":"https:\/\/www.elsindical.com.ar\/notas\/wp-json\/wp\/v2\/users\/1"}],"replies":[{"embeddable":true,"href":"https:\/\/www.elsindical.com.ar\/notas\/wp-json\/wp\/v2\/comments?post=144322"}],"version-history":[{"count":2,"href":"https:\/\/www.elsindical.com.ar\/notas\/wp-json\/wp\/v2\/posts\/144322\/revisions"}],"predecessor-version":[{"id":144325,"href":"https:\/\/www.elsindical.com.ar\/notas\/wp-json\/wp\/v2\/posts\/144322\/revisions\/144325"}],"wp:featuredmedia":[{"embeddable":true,"href":"https:\/\/www.elsindical.com.ar\/notas\/wp-json\/wp\/v2\/media\/144323"}],"wp:attachment":[{"href":"https:\/\/www.elsindical.com.ar\/notas\/wp-json\/wp\/v2\/media?parent=144322"}],"wp:term":[{"taxonomy":"category","embeddable":true,"href":"https:\/\/www.elsindical.com.ar\/notas\/wp-json\/wp\/v2\/categories?post=144322"},{"taxonomy":"post_tag","embeddable":true,"href":"https:\/\/www.elsindical.com.ar\/notas\/wp-json\/wp\/v2\/tags?post=144322"}],"curies":[{"name":"wp","href":"https:\/\/api.w.org\/{rel}","templated":true}]}}