{"id":144319,"date":"2026-04-27T14:06:51","date_gmt":"2026-04-27T17:06:51","guid":{"rendered":"https:\/\/www.elsindical.com.ar\/notas\/?p=144319"},"modified":"2026-04-27T14:06:57","modified_gmt":"2026-04-27T17:06:57","slug":"diputada-de-izquierda-viaja-nuevamente-a-gaza","status":"publish","type":"post","link":"https:\/\/www.elsindical.com.ar\/notas\/diputada-de-izquierda-viaja-nuevamente-a-gaza\/","title":{"rendered":"Diputada de izquierda viaja nuevamente a Gaza"},"content":{"rendered":"<div class=\"wp-block-image\">\n<figure class=\"aligncenter size-large\"><a href=\"https:\/\/www.elsindical.com.ar\/notas\/var\/www\/html\/notas\/wp-content\/uploads\/2026\/04\/flotilla-humanitaria-Gaza.jpeg\"><img loading=\"lazy\" decoding=\"async\" width=\"1024\" height=\"685\" src=\"https:\/\/www.elsindical.com.ar\/notas\/var\/www\/html\/notas\/wp-content\/uploads\/2026\/04\/flotilla-humanitaria-Gaza-1024x685.jpeg\" alt=\"\" class=\"wp-image-144320\" srcset=\"https:\/\/www.elsindical.com.ar\/notas\/var\/www\/html\/notas\/wp-content\/uploads\/2026\/04\/flotilla-humanitaria-Gaza-1024x685.jpeg 1024w, https:\/\/www.elsindical.com.ar\/notas\/var\/www\/html\/notas\/wp-content\/uploads\/2026\/04\/flotilla-humanitaria-Gaza-300x201.jpeg 300w, https:\/\/www.elsindical.com.ar\/notas\/var\/www\/html\/notas\/wp-content\/uploads\/2026\/04\/flotilla-humanitaria-Gaza-768x514.jpeg 768w, https:\/\/www.elsindical.com.ar\/notas\/var\/www\/html\/notas\/wp-content\/uploads\/2026\/04\/flotilla-humanitaria-Gaza-1536x1027.jpeg 1536w, https:\/\/www.elsindical.com.ar\/notas\/var\/www\/html\/notas\/wp-content\/uploads\/2026\/04\/flotilla-humanitaria-Gaza.jpeg 1600w\" sizes=\"auto, (max-width: 1024px) 100vw, 1024px\" \/><\/a><\/figure>\n<\/div>\n\n\n<p>La flotilla humanitaria que se dirige rumbo a Gaza pas\u00f3 por Italia donde se sumaron m\u00e1s embarcaciones y activistas a la traves\u00eda que tiene como objetivo abrir un corredor humanitario en Gaza y ayudar con la reconstrucci\u00f3n de la misma.<\/p>\n\n\n\n<p><strong>Cele Fierro, diputada electa por el Frente de Izquierda Unidad &#8211; MST ,<\/strong> \u00a0expres\u00f3: \u00abPasamos por Siracusa, en Italia, un pa\u00eds donde el a\u00f1o pasado fue faro en la movilizaci\u00f3n a favor del pueblo de palestina y realiz\u00f3 una de las mayores hueglas en solidaridad. Adem\u00e1s, desde aqu\u00ed se sumaron 56 embarcaciones y m\u00e1s activistas para seguir nuestro rumbo a Gaza e intentar nuevamente romper el bloqueo criminal de Israel contra el pueblo palestino. Estuvimos unos d\u00edas haciendo actividades desde de difusi\u00f3n, festivales y conferencias de prensa para difundir y fortalecer nuestra traves\u00eda que tiene como objetivo denunciar el genocidio que est\u00e1 perpetuando el Estado de Israel y seguir exigiendo a los gobiernos que rompan todo tipo de relaciones para que dejen de ser c\u00f3mplices en las atrocidades que lleva adelante Netanyahu\u00bb.<\/p>\n","protected":false},"excerpt":{"rendered":"<p>La flotilla humanitaria que se dirige rumbo a Gaza pas\u00f3 por Italia donde se sumaron m\u00e1s embarcaciones y activistas a la traves\u00eda que tiene como objetivo abrir un corredor humanitario en Gaza y ayudar con la reconstrucci\u00f3n de la misma. Cele Fierro, diputada electa por el Frente de Izquierda Unidad &#8211; MST , \u00a0expres\u00f3: \u00abPasamos&hellip;<\/p>\n","protected":false},"author":1,"featured_media":144320,"comment_status":"open","ping_status":"open","sticky":false,"template":"","format":"standard","meta":{"footnotes":""},"categories":[18,13],"tags":[35825,2450,177,3529,1005,42152,47319],"class_list":["post-144319","post","type-post","status-publish","format-standard","has-post-thumbnail","hentry","category-internacionales","category-politica","tag-cele-fierro","tag-diario-el-sindical","tag-diputada","tag-gaza","tag-italia","tag-mst-frente-de-izquierda-unidad","tag-siracusa"],"_links":{"self":[{"href":"https:\/\/www.elsindical.com.ar\/notas\/wp-json\/wp\/v2\/posts\/144319","targetHints":{"allow":["GET"]}}],"collection":[{"href":"https:\/\/www.elsindical.com.ar\/notas\/wp-json\/wp\/v2\/posts"}],"about":[{"href":"https:\/\/www.elsindical.com.ar\/notas\/wp-json\/wp\/v2\/types\/post"}],"author":[{"embeddable":true,"href":"https:\/\/www.elsindical.com.ar\/notas\/wp-json\/wp\/v2\/users\/1"}],"replies":[{"embeddable":true,"href":"https:\/\/www.elsindical.com.ar\/notas\/wp-json\/wp\/v2\/comments?post=144319"}],"version-history":[{"count":1,"href":"https:\/\/www.elsindical.com.ar\/notas\/wp-json\/wp\/v2\/posts\/144319\/revisions"}],"predecessor-version":[{"id":144321,"href":"https:\/\/www.elsindical.com.ar\/notas\/wp-json\/wp\/v2\/posts\/144319\/revisions\/144321"}],"wp:featuredmedia":[{"embeddable":true,"href":"https:\/\/www.elsindical.com.ar\/notas\/wp-json\/wp\/v2\/media\/144320"}],"wp:attachment":[{"href":"https:\/\/www.elsindical.com.ar\/notas\/wp-json\/wp\/v2\/media?parent=144319"}],"wp:term":[{"taxonomy":"category","embeddable":true,"href":"https:\/\/www.elsindical.com.ar\/notas\/wp-json\/wp\/v2\/categories?post=144319"},{"taxonomy":"post_tag","embeddable":true,"href":"https:\/\/www.elsindical.com.ar\/notas\/wp-json\/wp\/v2\/tags?post=144319"}],"curies":[{"name":"wp","href":"https:\/\/api.w.org\/{rel}","templated":true}]}}