{"id":144316,"date":"2026-04-27T13:50:22","date_gmt":"2026-04-27T16:50:22","guid":{"rendered":"https:\/\/www.elsindical.com.ar\/notas\/?p=144316"},"modified":"2026-04-27T13:50:27","modified_gmt":"2026-04-27T16:50:27","slug":"kreplak-contra-el-recorte-de-remediar-se-pone-en-riesgo-todo-el-sistema-de-salud","status":"publish","type":"post","link":"https:\/\/www.elsindical.com.ar\/notas\/kreplak-contra-el-recorte-de-remediar-se-pone-en-riesgo-todo-el-sistema-de-salud\/","title":{"rendered":"Kreplak contra el recorte de Remediar: \u201cSe pone en riesgo todo el sistema de salud\u201d"},"content":{"rendered":"<div class=\"wp-block-image\">\n<figure class=\"aligncenter size-full\"><a href=\"https:\/\/www.elsindical.com.ar\/notas\/var\/www\/html\/notas\/wp-content\/uploads\/2026\/04\/programa-Remediar.jpg\"><img loading=\"lazy\" decoding=\"async\" width=\"700\" height=\"394\" src=\"https:\/\/www.elsindical.com.ar\/notas\/var\/www\/html\/notas\/wp-content\/uploads\/2026\/04\/programa-Remediar.jpg\" alt=\"\" class=\"wp-image-144317\" srcset=\"https:\/\/www.elsindical.com.ar\/notas\/var\/www\/html\/notas\/wp-content\/uploads\/2026\/04\/programa-Remediar.jpg 700w, https:\/\/www.elsindical.com.ar\/notas\/var\/www\/html\/notas\/wp-content\/uploads\/2026\/04\/programa-Remediar-300x169.jpg 300w, https:\/\/www.elsindical.com.ar\/notas\/var\/www\/html\/notas\/wp-content\/uploads\/2026\/04\/programa-Remediar-460x260.jpg 460w\" sizes=\"auto, (max-width: 700px) 100vw, 700px\" \/><\/a><\/figure>\n<\/div>\n\n\n<p>El ministro Nicol\u00e1s Kreplak denunci\u00f3 un \u00abatentado\u00bb a la salud p\u00fablica con el recorte en el programa Remediar.<\/p>\n\n\n\n<p><strong>El ministro de Salud de la provincia de Buenos Aires, <a href=\"https:\/\/x.com\/nkreplak\">Nicol\u00e1s Kreplak<\/a>, cuestion\u00f3 el recorte en el programa Remediar<\/strong>, que lleva adelante el gobierno de Javier Milei. \u201cPone en riesgo todo el sistema de salud\u201d, alert\u00f3 el funcionario.<\/p>\n\n\n\n<p>\u201cRecortar el programa Remediar que garantiza medicamentos a m\u00e1s de 20 millones de personas en m\u00e1s de 8.000 centros de salud es desarmar una pol\u00edtica que asegura tratamientos b\u00e1sicos en todo el pa\u00eds\u201d, asegur\u00f3. Y advirti\u00f3 que <strong>\u201ccuando se destruye el acceso a medicamentos, no solo se enferma la gente: se pone en riesgo todo el sistema de salud\u201d<\/strong>.<\/p>\n\n\n\n<p>El texto indica que \u201cdesde que Milei inici\u00f3 su Gobierno en diciembre de 2023 hasta la fecha, los env\u00edos que realiza el programa a cada centro de salud disminuyeron en n\u00famero de establecimientos, de botiquines y en unidades m\u00ednimas por cada l\u00ednea terap\u00e9utica\u201d.\u00a0<strong>De los m\u00e1s de 100 medicamentos en el vadem\u00e9cum, s\u00f3lo 59 fueron comprometidos en las \u00faltimas distribuciones.<\/strong><\/p>\n\n\n\n<p>\u201cSe entregaron un 25% menos de botiquines -si comparamos el a\u00f1o 2024 con el 2023-, adem\u00e1s se redujo el 92% de las entregas de antihipertensivos, el 52% de antibi\u00f3ticos y 51% de medicaci\u00f3n para diabetes\u201d, detall\u00f3 Kreplak. Aclar\u00f3, en este marco, que \u201cla tendencia en la ca\u00edda de la dispensa de medicamentos se viene replicando en todas las provincias del pa\u00eds en los \u00faltimos a\u00f1os y refleja un proceso de deterioro previo\u201d.<\/p>\n\n\n\n<p>Plate\u00f3, asimismo, que en el caso de la Provincia, se observa una \u201ccontracci\u00f3n significativa\u201d en la cobertura y volumen de provisi\u00f3n entre 2023 y 2026. <strong>\u201cLa cantidad de centros de salud abastecidos se redujo de 1.617 a 1.132, mientras que los botiquines distribuidos cayeron de 5.142 a 2.110\u201d<\/strong>, se\u00f1al\u00f3.<\/p>\n\n\n\n<p><strong>\u201cLas unidades m\u00ednimas de medicamentos tuvieron una reducci\u00f3n superior al 55%. A esto se suma que no hay stock garantizado para 2026\u201d<\/strong>, advirti\u00f3 el funcionario bonaerense, quien tambi\u00e9n habl\u00f3 de la \u201cfunci\u00f3n estrat\u00e9gica\u201d del programa en el sistema sanitario porque \u201cfortalece la atenci\u00f3n primaria\u201d.<\/p>\n\n\n\n<p>\u201cLos medicamentos se entregan en centros de salud, no en hospitales, para evitar que toda esa demanda se concentre en las guardias. Los recortes planteados por el Gobierno nacional, <strong>en un contexto de aumento de la demanda, podr\u00edan generar que todas estas personas vayan a las guardias por cuestiones b\u00e1sicas y el sistema podr\u00eda colapsar<\/strong>. Desde cualquier punto de vista, es un desastre total\u201d, consider\u00f3.<\/p>\n\n\n\n<p>\u201c<strong>En un contexto de crisis social y de aumento de la demanda, este tipo de medidas profundizan las desigualdades y ponen en riesgo la capacidad de respuesta de todo el sistema sanitario<\/strong>\u201c, sostuvo Krreplak.&nbsp;\u201cEl acceso a medicamentos es un derecho y como tal, debe ser garantizado. Lo que est\u00e1n haciendo es un atentado a la salud p\u00fablica y no podemos permitirlo\u201d, denunci\u00f3.&nbsp;<\/p>\n","protected":false},"excerpt":{"rendered":"<p>El ministro Nicol\u00e1s Kreplak denunci\u00f3 un \u00abatentado\u00bb a la salud p\u00fablica con el recorte en el programa Remediar. El ministro de Salud de la provincia de Buenos Aires, Nicol\u00e1s Kreplak, cuestion\u00f3 el recorte en el programa Remediar, que lleva adelante el gobierno de Javier Milei. \u201cPone en riesgo todo el sistema de salud\u201d, alert\u00f3 el&hellip;<\/p>\n","protected":false},"author":1,"featured_media":144317,"comment_status":"open","ping_status":"open","sticky":false,"template":"","format":"standard","meta":{"footnotes":""},"categories":[6,13,23],"tags":[2450,28812,35166,37694,1466,3447],"class_list":["post-144316","post","type-post","status-publish","format-standard","has-post-thumbnail","hentry","category-denuncias","category-politica","category-salud","tag-diario-el-sindical","tag-javier-milei","tag-nicolas-kreplak","tag-programa-remediar","tag-provincia-de-buenos-aires","tag-tratamientos"],"_links":{"self":[{"href":"https:\/\/www.elsindical.com.ar\/notas\/wp-json\/wp\/v2\/posts\/144316","targetHints":{"allow":["GET"]}}],"collection":[{"href":"https:\/\/www.elsindical.com.ar\/notas\/wp-json\/wp\/v2\/posts"}],"about":[{"href":"https:\/\/www.elsindical.com.ar\/notas\/wp-json\/wp\/v2\/types\/post"}],"author":[{"embeddable":true,"href":"https:\/\/www.elsindical.com.ar\/notas\/wp-json\/wp\/v2\/users\/1"}],"replies":[{"embeddable":true,"href":"https:\/\/www.elsindical.com.ar\/notas\/wp-json\/wp\/v2\/comments?post=144316"}],"version-history":[{"count":1,"href":"https:\/\/www.elsindical.com.ar\/notas\/wp-json\/wp\/v2\/posts\/144316\/revisions"}],"predecessor-version":[{"id":144318,"href":"https:\/\/www.elsindical.com.ar\/notas\/wp-json\/wp\/v2\/posts\/144316\/revisions\/144318"}],"wp:featuredmedia":[{"embeddable":true,"href":"https:\/\/www.elsindical.com.ar\/notas\/wp-json\/wp\/v2\/media\/144317"}],"wp:attachment":[{"href":"https:\/\/www.elsindical.com.ar\/notas\/wp-json\/wp\/v2\/media?parent=144316"}],"wp:term":[{"taxonomy":"category","embeddable":true,"href":"https:\/\/www.elsindical.com.ar\/notas\/wp-json\/wp\/v2\/categories?post=144316"},{"taxonomy":"post_tag","embeddable":true,"href":"https:\/\/www.elsindical.com.ar\/notas\/wp-json\/wp\/v2\/tags?post=144316"}],"curies":[{"name":"wp","href":"https:\/\/api.w.org\/{rel}","templated":true}]}}