{"id":144313,"date":"2026-04-27T13:45:34","date_gmt":"2026-04-27T16:45:34","guid":{"rendered":"https:\/\/www.elsindical.com.ar\/notas\/?p=144313"},"modified":"2026-04-27T13:45:40","modified_gmt":"2026-04-27T16:45:40","slug":"la-cgt-pidio-la-recusacion-de-quienes-otorgaron-plena-validez-a-la-reforma-laboral","status":"publish","type":"post","link":"https:\/\/www.elsindical.com.ar\/notas\/la-cgt-pidio-la-recusacion-de-quienes-otorgaron-plena-validez-a-la-reforma-laboral\/","title":{"rendered":"La CGT pidi\u00f3 la recusaci\u00f3n de quienes otorgaron plena validez a la reforma laboral"},"content":{"rendered":"\n<figure class=\"wp-block-image size-large\"><a href=\"https:\/\/www.elsindical.com.ar\/notas\/var\/www\/html\/notas\/wp-content\/uploads\/2026\/04\/CGT-conferencia-de-prensa-2026.jpg\"><img loading=\"lazy\" decoding=\"async\" width=\"1024\" height=\"576\" src=\"https:\/\/www.elsindical.com.ar\/notas\/var\/www\/html\/notas\/wp-content\/uploads\/2026\/04\/CGT-conferencia-de-prensa-2026-1024x576.jpg\" alt=\"\" class=\"wp-image-144314\" srcset=\"https:\/\/www.elsindical.com.ar\/notas\/var\/www\/html\/notas\/wp-content\/uploads\/2026\/04\/CGT-conferencia-de-prensa-2026-1024x576.jpg 1024w, https:\/\/www.elsindical.com.ar\/notas\/var\/www\/html\/notas\/wp-content\/uploads\/2026\/04\/CGT-conferencia-de-prensa-2026-300x169.jpg 300w, https:\/\/www.elsindical.com.ar\/notas\/var\/www\/html\/notas\/wp-content\/uploads\/2026\/04\/CGT-conferencia-de-prensa-2026-768x432.jpg 768w, https:\/\/www.elsindical.com.ar\/notas\/var\/www\/html\/notas\/wp-content\/uploads\/2026\/04\/CGT-conferencia-de-prensa-2026-460x260.jpg 460w, https:\/\/www.elsindical.com.ar\/notas\/var\/www\/html\/notas\/wp-content\/uploads\/2026\/04\/CGT-conferencia-de-prensa-2026.jpg 1200w\" sizes=\"auto, (max-width: 1024px) 100vw, 1024px\" \/><\/a><\/figure>\n\n\n\n<p>La CGT pidi\u00f3 recusar a V\u00edctor Arturo Pesino y Mar\u00eda Dora Gonz\u00e1lez, que dejaron sin efecto la cautelar que suspendi\u00f3 art\u00edculos de la reforma laboral.<\/p>\n\n\n\n<p><strong>La&nbsp;Confederaci\u00f3n General del Trabajo&nbsp;(CGT) pidi\u00f3 la&nbsp;recusaci\u00f3n&nbsp;de los&nbsp;integrantes&nbsp;de la C\u00e1mara del Trabajo y la&nbsp;nulidad del fallo<\/strong>, luego de que el tribunal de alzada&nbsp;revocara la cautelar que dejaba inactiva la ley de reforma laboral.&nbsp;<\/p>\n\n\n\n<p><strong>Se trata de V\u00edctor Arturo Pesino y Mar\u00eda Dora Gonz\u00e1lez. <\/strong>\u201cLa Sala VIII ha optado claramente&nbsp;en contra del trabajador\u201d, afirm\u00f3 la&nbsp;CGT&nbsp;en un comunicado luego de que se hiciera p\u00fablico el fallo y destac\u00f3 que Gonz\u00e1lez y Pesino se apartaron de la doctrina de la Corte Suprema de Justicia de la Naci\u00f3n.<\/p>\n\n\n\n<p>D\u00edas atr\u00e1s, <strong>la C\u00e1mara Nacional de Apelaciones del Trabajo\u00a0dej\u00f3 sin efecto\u00a0la cautelar<\/strong>\u00a0<strong>que hab\u00eda suspendido parte de la reforma laboral\u00a0<\/strong>impulsada por el Gobierno, por lo que m\u00e1s de 80 art\u00edculos de la Ley de Modernizaci\u00f3n Laboral\u00a0volvieron a entrar en vigencia.<\/p>\n\n\n\n<p>La decisi\u00f3n favoreci\u00f3 al Estado Nacional, luego de que la C\u00e1mara otorgara efecto suspensivo a la apelaci\u00f3n presentada por&nbsp;<a href=\"https:\/\/www.inforegion.com.ar\/2026\/03\/31\/el-gobierno-apelara-el-reves-judicial-por-la-reforma-laboral\/\">el Gobierno<\/a>&nbsp;contra el fallo del juez laboral, que&nbsp;hab\u00eda frenado varios puntos de la normativa tras un planteo de la CGT.<\/p>\n\n\n\n<h2 class=\"wp-block-heading\">Art\u00edculos clave<\/h2>\n\n\n\n<p>Entre los cambios que vuelven a aplicarse aparecen modificaciones en el&nbsp;<strong>r\u00e9gimen de indemnizaciones, nuevas modalidades de organizaci\u00f3n de la jornada laboral y cambios en el funcionamiento de huelgas y negociaciones sindicales.<\/strong><\/p>\n\n\n\n<p>Uno de los puntos centrales es el sistema de&nbsp;\u201c<strong>banco de horas<\/strong>\u201d, que permite reorganizar la jornada laboral y compensar horas trabajadas en distintos per\u00edodos sin que necesariamente se paguen horas extras.<\/p>\n\n\n\n<p>La reforma tambi\u00e9n habilita cambios en las&nbsp;<strong>vacaciones<\/strong>, permitiendo un mayor fraccionamiento de los d\u00edas de descanso&nbsp;mediante acuerdos entre empleadores y trabajadores.&nbsp;<\/p>\n\n\n\n<p>Adem\u00e1s, vuelven a regir modificaciones vinculadas a las&nbsp;<strong>indemnizaciones por despido<\/strong>, con cambios en los criterios de c\u00e1lculo y&nbsp;nuevos mecanismos alternativos de fondos de cese laboral.<\/p>\n\n\n\n<p>Otro de los aspectos incluidos en la ley es la&nbsp;<strong>limitaci\u00f3n del derecho a huelga<\/strong>&nbsp;en determinadas actividades consideradas esenciales, donde deber\u00e1n garantizarse servicios m\u00ednimos durante las medidas de fuerza.<\/p>\n\n\n\n<p>En paralelo, la normativa introduce cambios en las&nbsp;<strong>negociaciones colectivas<\/strong>&nbsp;y en distintos aspectos del funcionamiento sindical, puntos que fueron especialmente cuestionados por la CGT en la presentaci\u00f3n judicial.<\/p>\n","protected":false},"excerpt":{"rendered":"<p>La CGT pidi\u00f3 recusar a V\u00edctor Arturo Pesino y Mar\u00eda Dora Gonz\u00e1lez, que dejaron sin efecto la cautelar que suspendi\u00f3 art\u00edculos de la reforma laboral. La&nbsp;Confederaci\u00f3n General del Trabajo&nbsp;(CGT) pidi\u00f3 la&nbsp;recusaci\u00f3n&nbsp;de los&nbsp;integrantes&nbsp;de la C\u00e1mara del Trabajo y la&nbsp;nulidad del fallo, luego de que el tribunal de alzada&nbsp;revocara la cautelar que dejaba inactiva la ley de&hellip;<\/p>\n","protected":false},"author":1,"featured_media":144314,"comment_status":"open","ping_status":"open","sticky":false,"template":"","format":"standard","meta":{"footnotes":""},"categories":[16,20],"tags":[910,2450,197,47281,47280,773,47279],"class_list":["post-144313","post","type-post","status-publish","format-standard","has-post-thumbnail","hentry","category-gremiales","category-judiciales","tag-cgt","tag-diario-el-sindical","tag-fallo","tag-juez-victor-arturo-pesino","tag-jueza-maria-dora-gonzalez","tag-recusacion","tag-sala-viii-camara-nacional-de-apelaciones-del-trabajo"],"_links":{"self":[{"href":"https:\/\/www.elsindical.com.ar\/notas\/wp-json\/wp\/v2\/posts\/144313","targetHints":{"allow":["GET"]}}],"collection":[{"href":"https:\/\/www.elsindical.com.ar\/notas\/wp-json\/wp\/v2\/posts"}],"about":[{"href":"https:\/\/www.elsindical.com.ar\/notas\/wp-json\/wp\/v2\/types\/post"}],"author":[{"embeddable":true,"href":"https:\/\/www.elsindical.com.ar\/notas\/wp-json\/wp\/v2\/users\/1"}],"replies":[{"embeddable":true,"href":"https:\/\/www.elsindical.com.ar\/notas\/wp-json\/wp\/v2\/comments?post=144313"}],"version-history":[{"count":1,"href":"https:\/\/www.elsindical.com.ar\/notas\/wp-json\/wp\/v2\/posts\/144313\/revisions"}],"predecessor-version":[{"id":144315,"href":"https:\/\/www.elsindical.com.ar\/notas\/wp-json\/wp\/v2\/posts\/144313\/revisions\/144315"}],"wp:featuredmedia":[{"embeddable":true,"href":"https:\/\/www.elsindical.com.ar\/notas\/wp-json\/wp\/v2\/media\/144314"}],"wp:attachment":[{"href":"https:\/\/www.elsindical.com.ar\/notas\/wp-json\/wp\/v2\/media?parent=144313"}],"wp:term":[{"taxonomy":"category","embeddable":true,"href":"https:\/\/www.elsindical.com.ar\/notas\/wp-json\/wp\/v2\/categories?post=144313"},{"taxonomy":"post_tag","embeddable":true,"href":"https:\/\/www.elsindical.com.ar\/notas\/wp-json\/wp\/v2\/tags?post=144313"}],"curies":[{"name":"wp","href":"https:\/\/api.w.org\/{rel}","templated":true}]}}