{"id":144310,"date":"2026-04-27T12:13:15","date_gmt":"2026-04-27T15:13:15","guid":{"rendered":"https:\/\/www.elsindical.com.ar\/notas\/?p=144310"},"modified":"2026-04-27T12:13:21","modified_gmt":"2026-04-27T15:13:21","slug":"lomas-de-zamora-convocan-a-un-apagon-por-la-inseguridad","status":"publish","type":"post","link":"https:\/\/www.elsindical.com.ar\/notas\/lomas-de-zamora-convocan-a-un-apagon-por-la-inseguridad\/","title":{"rendered":"Lomas de Zamora: Convocan a un apag\u00f3n por la inseguridad"},"content":{"rendered":"<div class=\"wp-block-image\">\n<figure class=\"aligncenter size-full\"><a href=\"https:\/\/www.elsindical.com.ar\/notas\/var\/www\/html\/notas\/wp-content\/uploads\/2026\/04\/apagon-por-la-inseguridad-en-Lomas-de-Zamora.jpg\"><img loading=\"lazy\" decoding=\"async\" width=\"768\" height=\"804\" src=\"https:\/\/www.elsindical.com.ar\/notas\/var\/www\/html\/notas\/wp-content\/uploads\/2026\/04\/apagon-por-la-inseguridad-en-Lomas-de-Zamora.jpg\" alt=\"\" class=\"wp-image-144311\" srcset=\"https:\/\/www.elsindical.com.ar\/notas\/var\/www\/html\/notas\/wp-content\/uploads\/2026\/04\/apagon-por-la-inseguridad-en-Lomas-de-Zamora.jpg 768w, https:\/\/www.elsindical.com.ar\/notas\/var\/www\/html\/notas\/wp-content\/uploads\/2026\/04\/apagon-por-la-inseguridad-en-Lomas-de-Zamora-287x300.jpg 287w\" sizes=\"auto, (max-width: 768px) 100vw, 768px\" \/><\/a><\/figure>\n<\/div>\n\n\n<p>Vecinos convocan a realizar un apag\u00f3n el pr\u00f3ximo mi\u00e9rcoles, de 20 a 21, por el asesinato de un estudiante de la UNLZ en Lomas de Zamora.<\/p>\n\n\n\n<p><strong>Vecinos convocan a realizar un \u201capag\u00f3n\u201d en reclamo de seguridad en Lomas de Zamora. <\/strong>La iniciativa, compartida en redes sociales, surgi\u00f3 tras el asesinato de un estudiante de la Universidad Nacional de Lomas de Zamora (UNLZ) en un robo.<\/p>\n\n\n\n<p>La convocatoria es el mi\u00e9rcoles, de 20 a 21, por el <strong>asesinato de Agust\u00edn Andr\u00e9s Rivero, de 21 a\u00f1os, en San Jos\u00e9, partido de Lomas de Zamora.<\/strong><\/p>\n\n\n\n<p>El crimen sucedi\u00f3 en la intersecci\u00f3n de las arterias\u00a0<strong>Dinamarca y Erickson<\/strong>. La v\u00edctima fue sorprendida por delincuentes que bajaron de un Volkswagen Voyage negro. \u201cDame las cosas\u201d, le gritaron. Entreg\u00f3 de inmediato la mochila, pero se resisti\u00f3 un poco a entregar el celular y le dispararon.<\/p>\n\n\n\n<p>La Polic\u00eda inform\u00f3 que el joven fue trasladado por un vecino al Hospital de Diagn\u00f3stico Inmediato \u201cRoberto S\u00e1nchez\u201d de Banfield, pero finalmente&nbsp;<strong>falleci\u00f3.<\/strong><\/p>\n\n\n\n<p><strong>La v\u00edctima cursaba las carreras de Administraci\u00f3n de Empresas y Despachante de Aduana en la UNLZ.<\/strong> Desde la <a href=\"https:\/\/www.inforegion.com.ar\/2026\/04\/26\/crimen-en-lomas-de-zamora-conmocion-por-el-asesinato-de-un-estudiante-de-la-unlz\/\">instituci\u00f3n <\/a>remarcaron que el crimen no solo enluta a la universidad, sino que tambi\u00e9n expone el impacto de la inseguridad en la sociedad.<\/p>\n\n\n\n<p>\u201cSu muerte, como v\u00edctima de un hecho delictivo, nos lastima y nos conmueve, record\u00e1ndonos el impacto que esa problem\u00e1tica tiene sobre nuestra sociedad\u201d, expres\u00f3 el fin de semana la Casa de Altos Estudios del Conurbano.<\/p>\n\n\n\n<p><\/p>\n","protected":false},"excerpt":{"rendered":"<p>Vecinos convocan a realizar un apag\u00f3n el pr\u00f3ximo mi\u00e9rcoles, de 20 a 21, por el asesinato de un estudiante de la UNLZ en Lomas de Zamora. Vecinos convocan a realizar un \u201capag\u00f3n\u201d en reclamo de seguridad en Lomas de Zamora. La iniciativa, compartida en redes sociales, surgi\u00f3 tras el asesinato de un estudiante de la&hellip;<\/p>\n","protected":false},"author":1,"featured_media":144311,"comment_status":"open","ping_status":"open","sticky":false,"template":"","format":"standard","meta":{"footnotes":""},"categories":[25],"tags":[47318,2450,984,744,1904,4140],"class_list":["post-144310","post","type-post","status-publish","format-standard","has-post-thumbnail","hentry","category-sociedad","tag-agustin-andres-rivero","tag-diario-el-sindical","tag-inseguridad","tag-lomas-de-zamora","tag-san-jose","tag-unlz"],"_links":{"self":[{"href":"https:\/\/www.elsindical.com.ar\/notas\/wp-json\/wp\/v2\/posts\/144310","targetHints":{"allow":["GET"]}}],"collection":[{"href":"https:\/\/www.elsindical.com.ar\/notas\/wp-json\/wp\/v2\/posts"}],"about":[{"href":"https:\/\/www.elsindical.com.ar\/notas\/wp-json\/wp\/v2\/types\/post"}],"author":[{"embeddable":true,"href":"https:\/\/www.elsindical.com.ar\/notas\/wp-json\/wp\/v2\/users\/1"}],"replies":[{"embeddable":true,"href":"https:\/\/www.elsindical.com.ar\/notas\/wp-json\/wp\/v2\/comments?post=144310"}],"version-history":[{"count":1,"href":"https:\/\/www.elsindical.com.ar\/notas\/wp-json\/wp\/v2\/posts\/144310\/revisions"}],"predecessor-version":[{"id":144312,"href":"https:\/\/www.elsindical.com.ar\/notas\/wp-json\/wp\/v2\/posts\/144310\/revisions\/144312"}],"wp:featuredmedia":[{"embeddable":true,"href":"https:\/\/www.elsindical.com.ar\/notas\/wp-json\/wp\/v2\/media\/144311"}],"wp:attachment":[{"href":"https:\/\/www.elsindical.com.ar\/notas\/wp-json\/wp\/v2\/media?parent=144310"}],"wp:term":[{"taxonomy":"category","embeddable":true,"href":"https:\/\/www.elsindical.com.ar\/notas\/wp-json\/wp\/v2\/categories?post=144310"},{"taxonomy":"post_tag","embeddable":true,"href":"https:\/\/www.elsindical.com.ar\/notas\/wp-json\/wp\/v2\/tags?post=144310"}],"curies":[{"name":"wp","href":"https:\/\/api.w.org\/{rel}","templated":true}]}}