{"id":144308,"date":"2026-04-27T12:09:03","date_gmt":"2026-04-27T15:09:03","guid":{"rendered":"https:\/\/www.elsindical.com.ar\/notas\/?p=144308"},"modified":"2026-04-27T12:09:08","modified_gmt":"2026-04-27T15:09:08","slug":"sturzenegger-propone-despedir-al-85-del-personal-en-el-smn","status":"publish","type":"post","link":"https:\/\/www.elsindical.com.ar\/notas\/sturzenegger-propone-despedir-al-85-del-personal-en-el-smn\/","title":{"rendered":"Sturzenegger propone despedir al 85% del personal en el SMN"},"content":{"rendered":"<div class=\"wp-block-image\">\n<figure class=\"aligncenter size-full\"><a href=\"https:\/\/www.elsindical.com.ar\/notas\/var\/www\/html\/notas\/wp-content\/uploads\/2024\/06\/Sturzenegger-2024.jpg\"><img loading=\"lazy\" decoding=\"async\" width=\"700\" height=\"401\" src=\"https:\/\/www.elsindical.com.ar\/notas\/var\/www\/html\/notas\/wp-content\/uploads\/2024\/06\/Sturzenegger-2024.jpg\" alt=\"\" class=\"wp-image-130913\" srcset=\"https:\/\/www.elsindical.com.ar\/notas\/var\/www\/html\/notas\/wp-content\/uploads\/2024\/06\/Sturzenegger-2024.jpg 700w, https:\/\/www.elsindical.com.ar\/notas\/var\/www\/html\/notas\/wp-content\/uploads\/2024\/06\/Sturzenegger-2024-300x172.jpg 300w, https:\/\/www.elsindical.com.ar\/notas\/var\/www\/html\/notas\/wp-content\/uploads\/2024\/06\/Sturzenegger-2024-500x286.jpg 500w, https:\/\/www.elsindical.com.ar\/notas\/var\/www\/html\/notas\/wp-content\/uploads\/2024\/06\/Sturzenegger-2024-220x126.jpg 220w\" sizes=\"auto, (max-width: 700px) 100vw, 700px\" \/><\/a><\/figure>\n<\/div>\n\n\n<p>Asegur\u00f3 que con apenas 150 empleados (frente a los mil de hoy) y estaciones modernas, el servicio del SMN mejorar\u00e1.<\/p>\n\n\n\n<p>El ministro de Desregulaci\u00f3n, <strong>Federico Sturzenegger, subi\u00f3 la apuesta en medio del conflicto con el Servicio Meteorol\u00f3gico Nacional (SMN) y propuso despedir al 85% del personal.<\/strong><\/p>\n\n\n\n<p>En un mensaje de X, el funcionario precis\u00f3 que \u201cel SMN cuenta con unas 100 estaciones meteorol\u00f3gicas distribuidas a lo largo del pa\u00eds y unas 1000 personas de las cuales unos 20 son meteor\u00f3logos\u201d, por la recolecci\u00f3n manual de los datos.<\/p>\n\n\n\n<p>\u201cEl absurdo es que los sueldos de esas 7 personas permiten pagar una estaci\u00f3n moderna (la mejor disponible a nivel mundial) que transmite esos datos y much\u00edsimos m\u00e1s a los meteor\u00f3logos en tiempo real, y sin necesidad de personal alguno\u201d, asegur\u00f3.<\/p>\n\n\n\n<p>En este marco, plante\u00f3: \u201cPodr\u00edamos modernizar dr\u00e1sticamente el <a href=\"https:\/\/www.smn.gob.ar\/\">SMN <\/a>(necesario para emergencias y alertas), gastando solo una m\u00ednima fracci\u00f3n de lo que gastamos actualmente ya que <strong>en vez de tener 1000 personas el servicio podr\u00eda ofrecer un mejor producto con mejor tecnolog\u00eda y unas 150 personas<\/strong>\u201c.<\/p>\n\n\n\n<p>Y fue m\u00e1s all\u00e1, responsabiliz\u00f3 a estos pocos trabajadores de la p\u00e9rdida del poder adquisitivo de las familias argentinas. \u201c<strong>Los millones de d\u00f3lares anuales que requieren hoy esos sueldos es dinero que pagan otras familias, reduciendo su poder de compra<\/strong> y por ende su capacidad de gastar y sostener otros empleos en otros lugares\u201d, consider\u00f3.<\/p>\n\n\n\n<figure class=\"wp-block-embed is-type-rich is-provider-twitter wp-block-embed-twitter\"><div class=\"wp-block-embed__wrapper\">\n<blockquote class=\"twitter-tweet\" data-width=\"550\" data-dnt=\"true\"><p lang=\"es\" dir=\"ltr\">LA INCREIBLE HISTORIA DEL SERVICIO METEOROL\u00d3GICO NACIONAL (SMN). La semana pasada hubo varias notas en medios sobre el SMN. Es una historia incre\u00edble que vale la pena contar. Te vas a sorprender (o no). Veamos.<br><br>El SMN cuenta con unas 100 estaciones meteorol\u00f3gicas distribuidas a\u2026 <a href=\"https:\/\/t.co\/7QwbA12IOH\">pic.twitter.com\/7QwbA12IOH<\/a><\/p>&mdash; Fede Sturzenegger (@fedesturze) <a href=\"https:\/\/twitter.com\/fedesturze\/status\/2048456044498825614?ref_src=twsrc%5Etfw\">April 26, 2026<\/a><\/blockquote><script async src=\"https:\/\/platform.twitter.com\/widgets.js\" charset=\"utf-8\"><\/script>\n<\/div><\/figure>\n\n\n\n<p>Cabe destacar que desde la llegada de la administraci\u00f3n libertaria, el SMN tiene 200 empleados menos que la dotaci\u00f3n \u00f3ptima necesaria.&nbsp;<strong>Seg\u00fan la auditor\u00eda realizada durante la gesti\u00f3n de Mauricio Macri, debiera ser de 1156 trabajadores, y actualmente cuenta con 980, mientras que el Gobierno pretende reducirla a 740.<\/strong><\/p>\n\n\n\n<p>A trav\u00e9s del&nbsp;<a href=\"https:\/\/www.boletinoficial.gob.ar\/detalleAviso\/primera\/341111\/20260424\">Decreto de Necesidad y Urgencia 274\/2026<\/a>,&nbsp;que oblig\u00f3 al gremio de ATE a levantar el paro previsto para la semana, introduce un cambio de fondo en el r\u00e9gimen de prestaci\u00f3n del servicio meteorol\u00f3gico aplicado a la aviaci\u00f3n. Es \u201cesencial\u201d pero las funciones ser\u00e1ns traspasadas.<\/p>\n","protected":false},"excerpt":{"rendered":"<p>Asegur\u00f3 que con apenas 150 empleados (frente a los mil de hoy) y estaciones modernas, el servicio del SMN mejorar\u00e1. El ministro de Desregulaci\u00f3n, Federico Sturzenegger, subi\u00f3 la apuesta en medio del conflicto con el Servicio Meteorol\u00f3gico Nacional (SMN) y propuso despedir al 85% del personal. En un mensaje de X, el funcionario precis\u00f3 que&hellip;<\/p>\n","protected":false},"author":1,"featured_media":130913,"comment_status":"open","ping_status":"open","sticky":false,"template":"","format":"standard","meta":{"footnotes":""},"categories":[13,25],"tags":[53,2450,2928,761,22025,17798],"class_list":["post-144308","post","type-post","status-publish","format-standard","has-post-thumbnail","hentry","category-politica","category-sociedad","tag-despidos","tag-diario-el-sindical","tag-federico-sturzanegger","tag-gobierno-nacional","tag-politica","tag-smn"],"_links":{"self":[{"href":"https:\/\/www.elsindical.com.ar\/notas\/wp-json\/wp\/v2\/posts\/144308","targetHints":{"allow":["GET"]}}],"collection":[{"href":"https:\/\/www.elsindical.com.ar\/notas\/wp-json\/wp\/v2\/posts"}],"about":[{"href":"https:\/\/www.elsindical.com.ar\/notas\/wp-json\/wp\/v2\/types\/post"}],"author":[{"embeddable":true,"href":"https:\/\/www.elsindical.com.ar\/notas\/wp-json\/wp\/v2\/users\/1"}],"replies":[{"embeddable":true,"href":"https:\/\/www.elsindical.com.ar\/notas\/wp-json\/wp\/v2\/comments?post=144308"}],"version-history":[{"count":1,"href":"https:\/\/www.elsindical.com.ar\/notas\/wp-json\/wp\/v2\/posts\/144308\/revisions"}],"predecessor-version":[{"id":144309,"href":"https:\/\/www.elsindical.com.ar\/notas\/wp-json\/wp\/v2\/posts\/144308\/revisions\/144309"}],"wp:featuredmedia":[{"embeddable":true,"href":"https:\/\/www.elsindical.com.ar\/notas\/wp-json\/wp\/v2\/media\/130913"}],"wp:attachment":[{"href":"https:\/\/www.elsindical.com.ar\/notas\/wp-json\/wp\/v2\/media?parent=144308"}],"wp:term":[{"taxonomy":"category","embeddable":true,"href":"https:\/\/www.elsindical.com.ar\/notas\/wp-json\/wp\/v2\/categories?post=144308"},{"taxonomy":"post_tag","embeddable":true,"href":"https:\/\/www.elsindical.com.ar\/notas\/wp-json\/wp\/v2\/tags?post=144308"}],"curies":[{"name":"wp","href":"https:\/\/api.w.org\/{rel}","templated":true}]}}