{"id":144305,"date":"2026-04-27T12:04:31","date_gmt":"2026-04-27T15:04:31","guid":{"rendered":"https:\/\/www.elsindical.com.ar\/notas\/?p=144305"},"modified":"2026-04-27T12:04:36","modified_gmt":"2026-04-27T15:04:36","slug":"la-corte-intimo-al-gobierno-a-pagarle-a-la-provincia","status":"publish","type":"post","link":"https:\/\/www.elsindical.com.ar\/notas\/la-corte-intimo-al-gobierno-a-pagarle-a-la-provincia\/","title":{"rendered":"La Corte intim\u00f3 al Gobierno a pagarle a la Provincia"},"content":{"rendered":"<div class=\"wp-block-image\">\n<figure class=\"aligncenter size-large\"><a href=\"https:\/\/www.elsindical.com.ar\/notas\/var\/www\/html\/notas\/wp-content\/uploads\/2026\/04\/Kicillof-Palacio-de-Tribunales-Corte-Suprema.jpg\"><img loading=\"lazy\" decoding=\"async\" width=\"1024\" height=\"577\" src=\"https:\/\/www.elsindical.com.ar\/notas\/var\/www\/html\/notas\/wp-content\/uploads\/2026\/04\/Kicillof-Palacio-de-Tribunales-Corte-Suprema-1024x577.jpg\" alt=\"\" class=\"wp-image-144306\" srcset=\"https:\/\/www.elsindical.com.ar\/notas\/var\/www\/html\/notas\/wp-content\/uploads\/2026\/04\/Kicillof-Palacio-de-Tribunales-Corte-Suprema-1024x577.jpg 1024w, https:\/\/www.elsindical.com.ar\/notas\/var\/www\/html\/notas\/wp-content\/uploads\/2026\/04\/Kicillof-Palacio-de-Tribunales-Corte-Suprema-300x169.jpg 300w, https:\/\/www.elsindical.com.ar\/notas\/var\/www\/html\/notas\/wp-content\/uploads\/2026\/04\/Kicillof-Palacio-de-Tribunales-Corte-Suprema-768x432.jpg 768w, https:\/\/www.elsindical.com.ar\/notas\/var\/www\/html\/notas\/wp-content\/uploads\/2026\/04\/Kicillof-Palacio-de-Tribunales-Corte-Suprema-1536x865.jpg 1536w, https:\/\/www.elsindical.com.ar\/notas\/var\/www\/html\/notas\/wp-content\/uploads\/2026\/04\/Kicillof-Palacio-de-Tribunales-Corte-Suprema-460x260.jpg 460w, https:\/\/www.elsindical.com.ar\/notas\/var\/www\/html\/notas\/wp-content\/uploads\/2026\/04\/Kicillof-Palacio-de-Tribunales-Corte-Suprema.jpg 1920w\" sizes=\"auto, (max-width: 1024px) 100vw, 1024px\" \/><\/a><\/figure>\n<\/div>\n\n\n<p>La Provincia tiene en total ocho reclamos presentados ante la Corte Suprema de Justicia por distintas deudas que totalizan m\u00e1s de $15 billones.<\/p>\n\n\n\n<p><strong>La Corte Suprema de Justicia intim\u00f3 al Gobierno Nacional a presentar, antes del 10 de junio de 2026, una propuesta concreta de pago por la deuda de $2,3 billones<\/strong> que la ANSES mantiene con la Caja Previsional de la Provincia de Buenos Aires (IPS).<\/p>\n\n\n\n<p>El fallo surge tras una audiencia con el gobernador Axel Kicillof, quien denuncia el cese de transferencias obligatorias a las cajas no transferidas.\u00a0<\/p>\n\n\n\n<p>D\u00edas atr\u00e1s, el FUDB, AJB, CICOP y ATE movilizaron a las sedes de ANSES para exigir la inmediata devoluci\u00f3n de los fondos retenidos por el Gobierno Nacional, pertenecientes al IPS y a los Trabajadores bonaerenses.<\/p>\n\n\n\n<p>\u201c<strong>La Provincia tiene en total ocho reclamos presentados ante la Corte Suprema de Justicia por distintas deudas que totalizan m\u00e1s de $15 billones<\/strong>: es una cifra inmensa, que representa un tercio del presupuesto sancionado para este a\u00f1o\u201d, sostuvo el Gobernador en la audiencia.<\/p>\n\n\n\n<p>Y agreg\u00f3: \u201cTodo esto se suma a un contexto muy complejo, producto de un Gobierno nacional que provoc\u00f3 una enorme presi\u00f3n sobre todas las provincias y los municipios: adem\u00e1s de cortar de cuajo los fondos desde que asumi\u00f3, con sus pol\u00edticas econ\u00f3micas gener\u00f3 una crisis que aument\u00f3 exponencialmente las necesidades del pueblo\u201d.<\/p>\n\n\n\n<p>Vale mencionar que la Provincia de Buenos Aires inici\u00f3 otras siete demandas contra el Gobierno nacional por el recorte de los fondos vinculados a la seguridad (<strong>Fondo de Fortalecimiento Fiscal<\/strong>), al transporte (<strong>Fondo de Compensaci\u00f3n al Transporte del Interior<\/strong>), a los salarios docentes (<strong>Fondo Nacional de Incentivo Docente<\/strong>), a los bosques nativos, y por la eliminaci\u00f3n del <strong>Sistema de Boleto Integrado<\/strong>, la prohibici\u00f3n de incorporar tributos locales para el financiamiento de obras y el incumplimiento del Consenso Fiscal 2017 (y convenio 2023).<\/p>\n","protected":false},"excerpt":{"rendered":"<p>La Provincia tiene en total ocho reclamos presentados ante la Corte Suprema de Justicia por distintas deudas que totalizan m\u00e1s de $15 billones. La Corte Suprema de Justicia intim\u00f3 al Gobierno Nacional a presentar, antes del 10 de junio de 2026, una propuesta concreta de pago por la deuda de $2,3 billones que la ANSES&hellip;<\/p>\n","protected":false},"author":1,"featured_media":144306,"comment_status":"open","ping_status":"open","sticky":false,"template":"","format":"standard","meta":{"footnotes":""},"categories":[20,13],"tags":[80,13798,1590,2450,761,7400,28812,7574],"class_list":["post-144305","post","type-post","status-publish","format-standard","has-post-thumbnail","hentry","category-judiciales","category-politica","tag-anses","tag-axel-kicillof","tag-deuda","tag-diario-el-sindical","tag-gobierno-nacional","tag-ips","tag-javier-milei","tag-suprema-corte-de-justicia-de-la-nacion"],"_links":{"self":[{"href":"https:\/\/www.elsindical.com.ar\/notas\/wp-json\/wp\/v2\/posts\/144305","targetHints":{"allow":["GET"]}}],"collection":[{"href":"https:\/\/www.elsindical.com.ar\/notas\/wp-json\/wp\/v2\/posts"}],"about":[{"href":"https:\/\/www.elsindical.com.ar\/notas\/wp-json\/wp\/v2\/types\/post"}],"author":[{"embeddable":true,"href":"https:\/\/www.elsindical.com.ar\/notas\/wp-json\/wp\/v2\/users\/1"}],"replies":[{"embeddable":true,"href":"https:\/\/www.elsindical.com.ar\/notas\/wp-json\/wp\/v2\/comments?post=144305"}],"version-history":[{"count":1,"href":"https:\/\/www.elsindical.com.ar\/notas\/wp-json\/wp\/v2\/posts\/144305\/revisions"}],"predecessor-version":[{"id":144307,"href":"https:\/\/www.elsindical.com.ar\/notas\/wp-json\/wp\/v2\/posts\/144305\/revisions\/144307"}],"wp:featuredmedia":[{"embeddable":true,"href":"https:\/\/www.elsindical.com.ar\/notas\/wp-json\/wp\/v2\/media\/144306"}],"wp:attachment":[{"href":"https:\/\/www.elsindical.com.ar\/notas\/wp-json\/wp\/v2\/media?parent=144305"}],"wp:term":[{"taxonomy":"category","embeddable":true,"href":"https:\/\/www.elsindical.com.ar\/notas\/wp-json\/wp\/v2\/categories?post=144305"},{"taxonomy":"post_tag","embeddable":true,"href":"https:\/\/www.elsindical.com.ar\/notas\/wp-json\/wp\/v2\/tags?post=144305"}],"curies":[{"name":"wp","href":"https:\/\/api.w.org\/{rel}","templated":true}]}}