{"id":144288,"date":"2026-04-27T11:15:04","date_gmt":"2026-04-27T14:15:04","guid":{"rendered":"https:\/\/www.elsindical.com.ar\/notas\/?p=144288"},"modified":"2026-04-27T11:15:10","modified_gmt":"2026-04-27T14:15:10","slug":"el-gobernador-vidal-adopta-el-enfoque-de-la-fepa-y-se-despega-de-la-linea-de-luis-jones-en-el-abordaje-de-consumos-problematicos","status":"publish","type":"post","link":"https:\/\/www.elsindical.com.ar\/notas\/el-gobernador-vidal-adopta-el-enfoque-de-la-fepa-y-se-despega-de-la-linea-de-luis-jones-en-el-abordaje-de-consumos-problematicos\/","title":{"rendered":"El gobernador Vidal adopta el enfoque de la FEPA y se despega de la l\u00ednea de Luis Jones en el abordaje de consumos problem\u00e1ticos"},"content":{"rendered":"<div class=\"wp-block-image\">\n<figure class=\"aligncenter size-full\"><a href=\"https:\/\/www.elsindical.com.ar\/notas\/var\/www\/html\/notas\/wp-content\/uploads\/2026\/04\/GOBERNADOR-VIDAL.jpg\"><img loading=\"lazy\" decoding=\"async\" width=\"900\" height=\"601\" src=\"https:\/\/www.elsindical.com.ar\/notas\/var\/www\/html\/notas\/wp-content\/uploads\/2026\/04\/GOBERNADOR-VIDAL.jpg\" alt=\"\" class=\"wp-image-144289\" srcset=\"https:\/\/www.elsindical.com.ar\/notas\/var\/www\/html\/notas\/wp-content\/uploads\/2026\/04\/GOBERNADOR-VIDAL.jpg 900w, https:\/\/www.elsindical.com.ar\/notas\/var\/www\/html\/notas\/wp-content\/uploads\/2026\/04\/GOBERNADOR-VIDAL-300x200.jpg 300w, https:\/\/www.elsindical.com.ar\/notas\/var\/www\/html\/notas\/wp-content\/uploads\/2026\/04\/GOBERNADOR-VIDAL-768x513.jpg 768w\" sizes=\"auto, (max-width: 900px) 100vw, 900px\" \/><\/a><\/figure>\n<\/div>\n\n\n<p><em>La provincia de Santa Cruz reorient\u00f3 su postura en medio de la crisis con VEPEZ y comenz\u00f3 a incorporar criterios de salud, inclusi\u00f3n y trabajo conjunto que el sector sindical a trav\u00e9s de la FEPA ven\u00eda reclamando desde el inicio del conflicto.<\/em><\/p>\n\n\n\n<p>En medio de uno de los conflictos m\u00e1s tensos del sector pesquero en Santa Cruz, el gobierno provincial encabezado por Claudio Vidal comenz\u00f3 a mostrar un cambio de rumbo que no pas\u00f3 desapercibido. Luego de semanas de cruces, denuncias y medidas que escalaron la disputa con la empresa VEPEZ S.A., la provincia empez\u00f3 a adoptar criterios que hab\u00edan sido planteados desde el inicio por la Federaci\u00f3n de Estibadores Portuarios Argentinos (FEPA) y su Secretario General Marcelo Osores.<br><br>El giro no es menor: el nuevo enfoque se aleja de la l\u00f3gica de persecuci\u00f3n y castigo que impulsaba el empresario Luis Jones y comienza a incorporar una mirada centrada en la razonabilidad, la justicia social y la protecci\u00f3n de la salud mental de los trabajadores.<\/p>\n\n\n\n<p><strong>La provincia toma el camino planteado por la FEPA<\/strong><\/p>\n\n\n\n<p>Desde distintos sectores se reconoce que \u00abclaramente la provincia de Santa Cruz ha tomado el camino que ven\u00eda planteando la FEPA\u00bb, no desde el conflicto, sino desde una l\u00f3gica de construcci\u00f3n social del trabajo.<\/p>\n\n\n\n<p>Los ejes que hoy empiezan a aparecer en la pol\u00edtica provincial abordaje integral de consumos problem\u00e1ticos, trabajo interdisciplinario, inclusi\u00f3n laboral y respeto por los derechos son los mismos que Marcelo Osores ven\u00eda sosteniendo desde el inicio del conflicto.<br><br>El nuevo escenario qued\u00f3 formalizado con la resoluci\u00f3n del Ministerio de Trabajo de Santa Cruz, donde se reconoce expl\u00edcitamente que los trabajadores se encuentran en un \u00abcontexto de vulnerabilidad vinculado a problem\u00e1ticas de salud\u00bb y que cualquier decisi\u00f3n debe contemplar un abordaje integral, individualizado y respetuoso de sus derechos. En ese marco, la provincia no solo descarta medidas de persecuci\u00f3n de Jones, sino que adem\u00e1s ordena revisar caso por caso, marcando un quiebre total con la l\u00f3gica de persecuci\u00f3n que VEPEZ ven\u00eda orquestando.<br><br>La resoluci\u00f3n tambi\u00e9n establece la reserva de los puestos de trabajo y la prioridad de los trabajadores dentro de la bolsa laboral, garantizando la continuidad del empleo. Es decir, lo contrario a lo que se intentaba imponer Luis Jones de VEPEZ: no hay lugar para despidos encubiertos ni reemplazos masivos. La provincia fue clara: primero est\u00e1 el trabajador, su salud y su estabilidad laboral, dejando expuesto que la estrategia de presi\u00f3n y disciplinamiento impulsada por Luis Jones no solo era injusta, sino tambi\u00e9n incompatible con la normativa vigente.<\/p>\n\n\n\n<p><strong>Un cambio de enfoque: de la persecuci\u00f3n al abordaje<\/strong><\/p>\n\n\n\n<p>Uno de los puntos m\u00e1s sensibles del conflicto estuvo vinculado al tratamiento de trabajadores con consumos problem\u00e1ticos. Mientras desde el sector empresario se impulsaban medidas consideradas discriminatorias, ahora la provincia comienza a alinearse con un enfoque sanitario.<br><br>\u00abCelebramos que la provincia y el Gobernador Vidal entiendan que la mejor manera de abordar la problem\u00e1tica es con un enfoque interdisciplinario, porque estamos hablando de una enfermedad y no de un delito\u00bb, expres\u00f3 Marcelo Osores.<\/p>\n\n\n\n<p>La diferencia es sustancial: no se trata de sancionar a un trabajador por un hecho aislado, sino de comprender que existe una problem\u00e1tica estructural que debe ser abordada con pol\u00edticas p\u00fablicas, acompa\u00f1amiento y herramientas concretas de recuperaci\u00f3n.<br><br>Este criterio se encuentra en l\u00ednea con la Ley Nacional de Salud Mental, que establece que las adicciones deben ser tratadas como parte de la salud y no como una causal de exclusi\u00f3n o estigmatizaci\u00f3n.<\/p>\n\n\n\n<p><strong>Se cae la estrategia de persecuci\u00f3n de Luis Jones de VEPEZ<\/strong><\/p>\n\n\n\n<p>Distintas voces del sector sostienen que exist\u00eda una intenci\u00f3n de utilizar la problem\u00e1tica de consumos como herramienta para desplazar trabajadores y modificar condiciones laborales, <strong>incluso con la posibilidad de incorporar mano de obra externa<\/strong> en detrimento de los trabajadores locales.<br><br>Esa l\u00ednea, adem\u00e1s,<strong> entraba en contradicci\u00f3n directa con la pol\u00edtica del propio gobierno provincial, q<\/strong>ue ha sostenido que el trabajo debe ser prioritariamente para los santacruce\u00f1os.<\/p>\n\n\n\n<p><strong>Un nuevo escenario y la expectativa de trabajo conjunto<\/strong><\/p>\n\n\n\n<p>El cambio de rumbo abre ahora una nueva etapa. Desde la FEPA se valora la decisi\u00f3n de la provincia de corregir el enfoque y se espera que este paso se traduzca en pol\u00edticas concretas y sostenidas en el tiempo.<\/p>\n\n\n\n<p>Al mismo tiempo, se plantea la necesidad <strong>de que el gobierno convoque formalmente a la Federaci\u00f3n de Estibadores Portuarios Argentinos para avanzar en un esquema articulado.<\/strong><br>La resoluci\u00f3n termina de confirmar lo que el conflicto ya hab\u00eda dejado en evidencia: el camino no era la persecuci\u00f3n ni la estigmatizaci\u00f3n de Luis Jones de VEPEZ, sino el abordaje responsable de una problem\u00e1tica comprendida en la Ley de Salud Mental 26.657. Con esta decisi\u00f3n, la provincia no solo corrige el rumbo, sino que descarta la postura del \u00abGringo\u00bb Jones que pretend\u00eda convertir una enfermedad en una herramienta de persecuci\u00f3n y explotaci\u00f3n.<\/p>\n","protected":false},"excerpt":{"rendered":"<p>La provincia de Santa Cruz reorient\u00f3 su postura en medio de la crisis con VEPEZ y comenz\u00f3 a incorporar criterios de salud, inclusi\u00f3n y trabajo conjunto que el sector sindical a trav\u00e9s de la FEPA ven\u00eda reclamando desde el inicio del conflicto. En medio de uno de los conflictos m\u00e1s tensos del sector pesquero en&hellip;<\/p>\n","protected":false},"author":1,"featured_media":144289,"comment_status":"open","ping_status":"open","sticky":false,"template":"","format":"standard","meta":{"footnotes":""},"categories":[13],"tags":[2450,4864,47315,47316,2653,47314,47313],"class_list":["post-144288","post","type-post","status-publish","format-standard","has-post-thumbnail","hentry","category-politica","tag-diario-el-sindical","tag-fepa","tag-gobernador-claudio-vidal","tag-luis-jones","tag-santa-cruz","tag-secretario-general-marcelo-osores","tag-vepez"],"_links":{"self":[{"href":"https:\/\/www.elsindical.com.ar\/notas\/wp-json\/wp\/v2\/posts\/144288","targetHints":{"allow":["GET"]}}],"collection":[{"href":"https:\/\/www.elsindical.com.ar\/notas\/wp-json\/wp\/v2\/posts"}],"about":[{"href":"https:\/\/www.elsindical.com.ar\/notas\/wp-json\/wp\/v2\/types\/post"}],"author":[{"embeddable":true,"href":"https:\/\/www.elsindical.com.ar\/notas\/wp-json\/wp\/v2\/users\/1"}],"replies":[{"embeddable":true,"href":"https:\/\/www.elsindical.com.ar\/notas\/wp-json\/wp\/v2\/comments?post=144288"}],"version-history":[{"count":1,"href":"https:\/\/www.elsindical.com.ar\/notas\/wp-json\/wp\/v2\/posts\/144288\/revisions"}],"predecessor-version":[{"id":144290,"href":"https:\/\/www.elsindical.com.ar\/notas\/wp-json\/wp\/v2\/posts\/144288\/revisions\/144290"}],"wp:featuredmedia":[{"embeddable":true,"href":"https:\/\/www.elsindical.com.ar\/notas\/wp-json\/wp\/v2\/media\/144289"}],"wp:attachment":[{"href":"https:\/\/www.elsindical.com.ar\/notas\/wp-json\/wp\/v2\/media?parent=144288"}],"wp:term":[{"taxonomy":"category","embeddable":true,"href":"https:\/\/www.elsindical.com.ar\/notas\/wp-json\/wp\/v2\/categories?post=144288"},{"taxonomy":"post_tag","embeddable":true,"href":"https:\/\/www.elsindical.com.ar\/notas\/wp-json\/wp\/v2\/tags?post=144288"}],"curies":[{"name":"wp","href":"https:\/\/api.w.org\/{rel}","templated":true}]}}