{"id":144279,"date":"2026-04-26T12:45:55","date_gmt":"2026-04-26T15:45:55","guid":{"rendered":"https:\/\/www.elsindical.com.ar\/notas\/?p=144279"},"modified":"2026-04-26T12:46:01","modified_gmt":"2026-04-26T15:46:01","slug":"lanus-vecinos-en-estado-de-alerta-por-un-hombre-que-golpea-a-vecinos-sin-motivo","status":"publish","type":"post","link":"https:\/\/www.elsindical.com.ar\/notas\/lanus-vecinos-en-estado-de-alerta-por-un-hombre-que-golpea-a-vecinos-sin-motivo\/","title":{"rendered":"Lan\u00fas: Vecinos en estado de alerta por un hombre que golpea a vecinos sin motivo"},"content":{"rendered":"<div class=\"wp-block-image\">\n<figure class=\"aligncenter size-full\"><a href=\"https:\/\/www.elsindical.com.ar\/notas\/var\/www\/html\/notas\/wp-content\/uploads\/2026\/04\/golpeados-de-Lanus.jpg\"><img loading=\"lazy\" decoding=\"async\" width=\"720\" height=\"652\" src=\"https:\/\/www.elsindical.com.ar\/notas\/var\/www\/html\/notas\/wp-content\/uploads\/2026\/04\/golpeados-de-Lanus.jpg\" alt=\"\" class=\"wp-image-144280\" srcset=\"https:\/\/www.elsindical.com.ar\/notas\/var\/www\/html\/notas\/wp-content\/uploads\/2026\/04\/golpeados-de-Lanus.jpg 720w, https:\/\/www.elsindical.com.ar\/notas\/var\/www\/html\/notas\/wp-content\/uploads\/2026\/04\/golpeados-de-Lanus-300x272.jpg 300w\" sizes=\"auto, (max-width: 720px) 100vw, 720px\" \/><\/a><\/figure>\n<\/div>\n\n\n<p>   Vecinos de Lan\u00fas, se encuentran en estado de alerta y planean organizarse para marchar a la comisar\u00eda 3ra de Valent\u00edn Alsina para reclamar medidas de seguridad respecto a un hombre que al parecer es psiqui\u00e1trico y que ataca a los vecinos a los que golpea con violencia.<\/p>\n\n\n\n<p>Refieren en las publicaciones que varias de sus v\u00edctimas debieron ser hospitalizadas y las criticas son al municipio por la demora de las ambulancias en llegar a asistir y trasladar a los heridos.<\/p>\n\n\n\n<p>Si bien la polic\u00eda les ha explicado que no lo pueden tener detenido por ser una persona incapaz, la realidad es que la justicia lo libera sin importar que este sujeto regresa al barrio y sigue atacando a cualquiera sin motivo alguno, simplemente porque puede.<\/p>\n\n\n\n<p>El intendente <strong>Juli\u00e1n \u00c1lvarez<\/strong> y su secretario de seguridad <strong>Sebasti\u00e1n Castillo<\/strong> siguen siendo ineficientes en el cuidado de los vecinos y la asistencia.<\/p>\n\n\n<div class=\"wp-block-image\">\n<figure class=\"aligncenter size-large\"><a href=\"https:\/\/www.elsindical.com.ar\/notas\/var\/www\/html\/notas\/wp-content\/uploads\/2026\/04\/golpeador-de-Lanus-1.jpg\"><img loading=\"lazy\" decoding=\"async\" width=\"494\" height=\"1024\" src=\"https:\/\/www.elsindical.com.ar\/notas\/var\/www\/html\/notas\/wp-content\/uploads\/2026\/04\/golpeador-de-Lanus-1-494x1024.jpg\" alt=\"\" class=\"wp-image-144281\" srcset=\"https:\/\/www.elsindical.com.ar\/notas\/var\/www\/html\/notas\/wp-content\/uploads\/2026\/04\/golpeador-de-Lanus-1-494x1024.jpg 494w, https:\/\/www.elsindical.com.ar\/notas\/var\/www\/html\/notas\/wp-content\/uploads\/2026\/04\/golpeador-de-Lanus-1-145x300.jpg 145w, https:\/\/www.elsindical.com.ar\/notas\/var\/www\/html\/notas\/wp-content\/uploads\/2026\/04\/golpeador-de-Lanus-1.jpg 598w\" sizes=\"auto, (max-width: 494px) 100vw, 494px\" \/><\/a><\/figure>\n<\/div>","protected":false},"excerpt":{"rendered":"<p>Vecinos de Lan\u00fas, se encuentran en estado de alerta y planean organizarse para marchar a la comisar\u00eda 3ra de Valent\u00edn Alsina para reclamar medidas de seguridad respecto a un hombre que al parecer es psiqui\u00e1trico y que ataca a los vecinos a los que golpea con violencia. Refieren en las publicaciones que varias de sus&hellip;<\/p>\n","protected":false},"author":1,"featured_media":144280,"comment_status":"open","ping_status":"open","sticky":false,"template":"","format":"standard","meta":{"footnotes":""},"categories":[6,22],"tags":[9820,38203,2450,4155,984,42922,209,156,2605,41983,325,986],"class_list":["post-144279","post","type-post","status-publish","format-standard","has-post-thumbnail","hentry","category-denuncias","category-policiales","tag-ambulancias","tag-comisaria-3ra-lanus","tag-diario-el-sindical","tag-golpeador","tag-inseguridad","tag-intendente-julian-alvarez","tag-lanus","tag-marcha","tag-redes-sociales","tag-sebastian-castillo","tag-valentin-alsina","tag-vecinos"],"_links":{"self":[{"href":"https:\/\/www.elsindical.com.ar\/notas\/wp-json\/wp\/v2\/posts\/144279","targetHints":{"allow":["GET"]}}],"collection":[{"href":"https:\/\/www.elsindical.com.ar\/notas\/wp-json\/wp\/v2\/posts"}],"about":[{"href":"https:\/\/www.elsindical.com.ar\/notas\/wp-json\/wp\/v2\/types\/post"}],"author":[{"embeddable":true,"href":"https:\/\/www.elsindical.com.ar\/notas\/wp-json\/wp\/v2\/users\/1"}],"replies":[{"embeddable":true,"href":"https:\/\/www.elsindical.com.ar\/notas\/wp-json\/wp\/v2\/comments?post=144279"}],"version-history":[{"count":1,"href":"https:\/\/www.elsindical.com.ar\/notas\/wp-json\/wp\/v2\/posts\/144279\/revisions"}],"predecessor-version":[{"id":144282,"href":"https:\/\/www.elsindical.com.ar\/notas\/wp-json\/wp\/v2\/posts\/144279\/revisions\/144282"}],"wp:featuredmedia":[{"embeddable":true,"href":"https:\/\/www.elsindical.com.ar\/notas\/wp-json\/wp\/v2\/media\/144280"}],"wp:attachment":[{"href":"https:\/\/www.elsindical.com.ar\/notas\/wp-json\/wp\/v2\/media?parent=144279"}],"wp:term":[{"taxonomy":"category","embeddable":true,"href":"https:\/\/www.elsindical.com.ar\/notas\/wp-json\/wp\/v2\/categories?post=144279"},{"taxonomy":"post_tag","embeddable":true,"href":"https:\/\/www.elsindical.com.ar\/notas\/wp-json\/wp\/v2\/tags?post=144279"}],"curies":[{"name":"wp","href":"https:\/\/api.w.org\/{rel}","templated":true}]}}