{"id":144276,"date":"2026-04-26T11:28:13","date_gmt":"2026-04-26T14:28:13","guid":{"rendered":"https:\/\/www.elsindical.com.ar\/notas\/?p=144276"},"modified":"2026-04-26T11:28:19","modified_gmt":"2026-04-26T14:28:19","slug":"se-derrumban-las-cuentas-sueldo-mas-de-330-mil-cerradas","status":"publish","type":"post","link":"https:\/\/www.elsindical.com.ar\/notas\/se-derrumban-las-cuentas-sueldo-mas-de-330-mil-cerradas\/","title":{"rendered":"Se derrumban las cuentas sueldo: m\u00e1s de 330 mil cerradas"},"content":{"rendered":"<div class=\"wp-block-image\">\n<figure class=\"aligncenter size-full\"><a href=\"https:\/\/www.elsindical.com.ar\/notas\/var\/www\/html\/notas\/wp-content\/uploads\/2026\/04\/cuenta-cajero.jpg\"><img loading=\"lazy\" decoding=\"async\" width=\"750\" height=\"492\" src=\"https:\/\/www.elsindical.com.ar\/notas\/var\/www\/html\/notas\/wp-content\/uploads\/2026\/04\/cuenta-cajero.jpg\" alt=\"\" class=\"wp-image-144277\" srcset=\"https:\/\/www.elsindical.com.ar\/notas\/var\/www\/html\/notas\/wp-content\/uploads\/2026\/04\/cuenta-cajero.jpg 750w, https:\/\/www.elsindical.com.ar\/notas\/var\/www\/html\/notas\/wp-content\/uploads\/2026\/04\/cuenta-cajero-300x197.jpg 300w\" sizes=\"auto, (max-width: 750px) 100vw, 750px\" \/><\/a><\/figure>\n<\/div>\n\n\n<p>El BCRA detect\u00f3 una ca\u00edda sostenida de cuentas sueldo desde diciembre. Menos empresas acreditan haberes y los bancos ajustan reglas en un escenario recesivo.<\/p>\n\n\n\n<p>El ajuste no solo se refleja en f\u00e1bricas paradas o en obras que no avanzan: tambi\u00e9n deja huellas en movimientos m\u00e1s discretos del sistema financiero, donde las cuentas sueldo empiezan a retroceder.<\/p>\n\n\n\n<p>Los datos del Banco Central muestran que, desde la asunci\u00f3n de Javier Milei, <strong>se cerraron m\u00e1s de 330 mil cuentas sueldo<\/strong>, con un recorte reciente de m\u00e1s de <strong>65 mil solo en abril<\/strong>. La din\u00e1mica no aparece como un episodio aislado sino como parte de un proceso m\u00e1s amplio.<\/p>\n\n\n\n<h2 class=\"wp-block-heading\">Un rastro directo del empleo<\/h2>\n\n\n\n<p><strong>Cada cuenta sueldo est\u00e1 asociada a un puesto de trabajo formal<\/strong>, por lo que su ca\u00edda refleja una contracci\u00f3n de ese universo. El movimiento fue especialmente brusco al inicio del a\u00f1o: <strong>el total pas\u00f3 de 10,3 millones en diciembre a 10 millones en enero<\/strong>.<\/p>\n\n\n\n<p>A la par, <strong>se redujo la cantidad de empresas que acreditan haberes<\/strong>. Seg\u00fan los registros, hay 28.000 menos en esa condici\u00f3n, lo que refuerza la lectura de un sistema que pierde densidad tanto del lado de los trabajadores como del tejido empresarial.<\/p>\n\n\n\n<h2 class=\"wp-block-heading\">El ajuste dentro de las empresas<\/h2>\n\n\n\n<p>En muchas pymes, <strong>el impacto no se traduce de inmediato en despidos<\/strong>, sino en decisiones previas de reorganizaci\u00f3n. La p\u00e9rdida de poder adquisitivo y la ca\u00edda de la actividad empujaron a revisar costos, y en ese proceso <strong>varias empresas optaron por concentrar su operatoria en menos entidades bancarias<\/strong>.<\/p>\n\n\n\n<p>El resultado es un cierre progresivo de cuentas que antes se utilizaban en paralelo. Ese mismo comportamiento se observa en las cuentas corrientes, que cayeron en casi 300.000 entre junio y diciembre.<\/p>\n\n\n\n<h2 class=\"wp-block-heading\">Bancos que retienen y restringen<\/h2>\n\n\n\n<p>Frente a la p\u00e9rdida de clientes, <strong>los bancos desplegaron estrategias para sostener su cartera<\/strong>, con bonificaciones en los costos de mantenimiento o per\u00edodos sin cargo.<\/p>\n\n\n\n<p>Al mismo tiempo, <strong>endurecieron las condiciones de ingreso<\/strong>. Las entidades elevaron los controles para la apertura de cuentas empresariales y limitaron los procesos digitales, en respuesta a un <strong>aumento de la morosidad y a la proliferaci\u00f3n de fraudes<\/strong>.<\/p>\n\n\n\n<p>Entre las maniobras detectadas figuran la simulaci\u00f3n de plataformas de home banking para obtener claves y datos bancarios, as\u00ed como la <strong>creaci\u00f3n de sociedades ficticias para acceder a cr\u00e9ditos<\/strong>.<\/p>\n\n\n\n<h2 class=\"wp-block-heading\">El trasfondo econ\u00f3mico<\/h2>\n\n\n\n<p>El comportamiento del sistema financiero se inscribe en un deterioro m\u00e1s amplio del mercado laboral. <strong>La tasa de desempleo alcanz\u00f3 el 7,7% en el primer trimestre, el nivel m\u00e1s alto desde 2021<\/strong>, seg\u00fan el INDEC, mientras que en los principales centros urbanos se estiman <strong>1.731.000 personas sin trabajo<\/strong>.<\/p>\n\n\n\n<p>Sectores como la construcci\u00f3n muestran el impacto con claridad: perdi\u00f3 alrededor de 100.000 puestos y redujo su actividad en un 30%, de acuerdo con la C\u00e1mara Argentina de la Construcci\u00f3n. La industria manufacturera y el comercio mayorista tambi\u00e9n registran ca\u00eddas.<\/p>\n\n\n\n<p>En ese contexto, <strong>la baja de cuentas sueldo deja de ser un dato t\u00e9cnico<\/strong> y pasa a funcionar como una se\u00f1al concreta de la contracci\u00f3n del empleo formal.<\/p>\n\n\n\n<p><strong>Fuente: BAE<\/strong><\/p>\n","protected":false},"excerpt":{"rendered":"<p>El BCRA detect\u00f3 una ca\u00edda sostenida de cuentas sueldo desde diciembre. Menos empresas acreditan haberes y los bancos ajustan reglas en un escenario recesivo. El ajuste no solo se refleja en f\u00e1bricas paradas o en obras que no avanzan: tambi\u00e9n deja huellas en movimientos m\u00e1s discretos del sistema financiero, donde las cuentas sueldo empiezan a&hellip;<\/p>\n","protected":false},"author":1,"featured_media":144277,"comment_status":"open","ping_status":"open","sticky":false,"template":"","format":"standard","meta":{"footnotes":""},"categories":[9,13,25],"tags":[43341,1562,24383,2450,31710,2105,28812],"class_list":["post-144276","post","type-post","status-publish","format-standard","has-post-thumbnail","hentry","category-economia","category-politica","category-sociedad","tag-politica-3","tag-bancos","tag-cuentas-sueldo","tag-diario-el-sindical","tag-econmia","tag-empresas","tag-javier-milei"],"_links":{"self":[{"href":"https:\/\/www.elsindical.com.ar\/notas\/wp-json\/wp\/v2\/posts\/144276","targetHints":{"allow":["GET"]}}],"collection":[{"href":"https:\/\/www.elsindical.com.ar\/notas\/wp-json\/wp\/v2\/posts"}],"about":[{"href":"https:\/\/www.elsindical.com.ar\/notas\/wp-json\/wp\/v2\/types\/post"}],"author":[{"embeddable":true,"href":"https:\/\/www.elsindical.com.ar\/notas\/wp-json\/wp\/v2\/users\/1"}],"replies":[{"embeddable":true,"href":"https:\/\/www.elsindical.com.ar\/notas\/wp-json\/wp\/v2\/comments?post=144276"}],"version-history":[{"count":1,"href":"https:\/\/www.elsindical.com.ar\/notas\/wp-json\/wp\/v2\/posts\/144276\/revisions"}],"predecessor-version":[{"id":144278,"href":"https:\/\/www.elsindical.com.ar\/notas\/wp-json\/wp\/v2\/posts\/144276\/revisions\/144278"}],"wp:featuredmedia":[{"embeddable":true,"href":"https:\/\/www.elsindical.com.ar\/notas\/wp-json\/wp\/v2\/media\/144277"}],"wp:attachment":[{"href":"https:\/\/www.elsindical.com.ar\/notas\/wp-json\/wp\/v2\/media?parent=144276"}],"wp:term":[{"taxonomy":"category","embeddable":true,"href":"https:\/\/www.elsindical.com.ar\/notas\/wp-json\/wp\/v2\/categories?post=144276"},{"taxonomy":"post_tag","embeddable":true,"href":"https:\/\/www.elsindical.com.ar\/notas\/wp-json\/wp\/v2\/tags?post=144276"}],"curies":[{"name":"wp","href":"https:\/\/api.w.org\/{rel}","templated":true}]}}