{"id":144273,"date":"2026-04-26T11:18:10","date_gmt":"2026-04-26T14:18:10","guid":{"rendered":"https:\/\/www.elsindical.com.ar\/notas\/?p=144273"},"modified":"2026-04-26T11:18:16","modified_gmt":"2026-04-26T14:18:16","slug":"leonardo-cifelli-el-secretario-de-cultura-hablo-en-la-feria-del-libro-y-dijo-jorge-luis-borgeres","status":"publish","type":"post","link":"https:\/\/www.elsindical.com.ar\/notas\/leonardo-cifelli-el-secretario-de-cultura-hablo-en-la-feria-del-libro-y-dijo-jorge-luis-borgeres\/","title":{"rendered":"Leonardo Cifelli: el secretario de Cultura habl\u00f3 en la Feria del Libro y dijo \u00abJorge Luis Borgeres\u00bb"},"content":{"rendered":"<div class=\"wp-block-image\">\n<figure class=\"aligncenter size-full\"><a href=\"https:\/\/www.elsindical.com.ar\/notas\/var\/www\/html\/notas\/wp-content\/uploads\/2026\/04\/Leonardo-Cifelli.jpg\"><img loading=\"lazy\" decoding=\"async\" width=\"750\" height=\"428\" src=\"https:\/\/www.elsindical.com.ar\/notas\/var\/www\/html\/notas\/wp-content\/uploads\/2026\/04\/Leonardo-Cifelli.jpg\" alt=\"\" class=\"wp-image-144274\" srcset=\"https:\/\/www.elsindical.com.ar\/notas\/var\/www\/html\/notas\/wp-content\/uploads\/2026\/04\/Leonardo-Cifelli.jpg 750w, https:\/\/www.elsindical.com.ar\/notas\/var\/www\/html\/notas\/wp-content\/uploads\/2026\/04\/Leonardo-Cifelli-300x171.jpg 300w, https:\/\/www.elsindical.com.ar\/notas\/var\/www\/html\/notas\/wp-content\/uploads\/2026\/04\/Leonardo-Cifelli-220x126.jpg 220w\" sizes=\"auto, (max-width: 750px) 100vw, 750px\" \/><\/a><\/figure>\n<\/div>\n\n\n<p>La apertura de la Feria Internacional del Libro de Buenos Aires dej\u00f3 un momento inc\u00f3modo que r\u00e1pidamente se viraliz\u00f3, protagonizado por el <strong>secretario de Cultura de la Naci\u00f3n, Leonardo Cifelli<\/strong>, en medio de un discurso marcado por la tensi\u00f3n con el p\u00fablico.<\/p>\n\n\n\n<p>Durante su exposici\u00f3n, que ya ven\u00eda atravesada por abucheos e interrupciones, el funcionario cometi\u00f3 un error al mencionar al escritor <strong>Jorge Luis Borges<\/strong>, una de las figuras m\u00e1s emblem\u00e1ticas de la literatura argentina. En lugar de nombrarlo correctamente, dijo \u201cJorge Luis Borgeres\u201d, lo que gener\u00f3 reacciones inmediatas entre los presentes y luego una fuerte repercusi\u00f3n en redes sociales.<\/p>\n\n\n\n<p>El episodio ocurri\u00f3 en un contexto de alta tensi\u00f3n dentro del acto inaugural, donde distintos sectores del p\u00fablico manifestaron su rechazo a la intervenci\u00f3n oficial. En ese clima, el discurso del secretario fue interrumpido en varias ocasiones, con silbidos, gritos y respuestas desde el escenario que incrementaron el malestar general.<\/p>\n\n\n\n<p>El error al nombrar a Borges (una figura central especialmente en un evento literario de esta magnitud) termin\u00f3 convirti\u00e9ndose en el momento m\u00e1s comentado de la jornada. El furcio se difundi\u00f3 r\u00e1pidamente y fue replicado con iron\u00edas, cr\u00edticas y memes, amplificando el impacto del episodio m\u00e1s all\u00e1 del \u00e1mbito de la feria.<\/p>\n\n\n\n<p>M\u00e1s all\u00e1 de la equivocaci\u00f3n puntual, lo sucedido reflej\u00f3 el clima complejo que atraves\u00f3 la inauguraci\u00f3n, donde el discurso oficial qued\u00f3 opacado tanto por las reacciones del p\u00fablico como por un episodio que, por su simbolismo, termin\u00f3 marcando la jornada.<\/p>\n","protected":false},"excerpt":{"rendered":"<p>La apertura de la Feria Internacional del Libro de Buenos Aires dej\u00f3 un momento inc\u00f3modo que r\u00e1pidamente se viraliz\u00f3, protagonizado por el secretario de Cultura de la Naci\u00f3n, Leonardo Cifelli, en medio de un discurso marcado por la tensi\u00f3n con el p\u00fablico. Durante su exposici\u00f3n, que ya ven\u00eda atravesada por abucheos e interrupciones, el funcionario&hellip;<\/p>\n","protected":false},"author":1,"featured_media":144274,"comment_status":"open","ping_status":"open","sticky":false,"template":"","format":"standard","meta":{"footnotes":""},"categories":[5,13],"tags":[2450,47309,21323,47307,47308],"class_list":["post-144273","post","type-post","status-publish","format-standard","has-post-thumbnail","hentry","category-cultura","category-politica","tag-diario-el-sindical","tag-feria-del-libro-buenos-aires-2026","tag-jorge-luis-borges","tag-leonardo-cifelli","tag-secretario-de-cultura-de-la-nacion"],"_links":{"self":[{"href":"https:\/\/www.elsindical.com.ar\/notas\/wp-json\/wp\/v2\/posts\/144273","targetHints":{"allow":["GET"]}}],"collection":[{"href":"https:\/\/www.elsindical.com.ar\/notas\/wp-json\/wp\/v2\/posts"}],"about":[{"href":"https:\/\/www.elsindical.com.ar\/notas\/wp-json\/wp\/v2\/types\/post"}],"author":[{"embeddable":true,"href":"https:\/\/www.elsindical.com.ar\/notas\/wp-json\/wp\/v2\/users\/1"}],"replies":[{"embeddable":true,"href":"https:\/\/www.elsindical.com.ar\/notas\/wp-json\/wp\/v2\/comments?post=144273"}],"version-history":[{"count":1,"href":"https:\/\/www.elsindical.com.ar\/notas\/wp-json\/wp\/v2\/posts\/144273\/revisions"}],"predecessor-version":[{"id":144275,"href":"https:\/\/www.elsindical.com.ar\/notas\/wp-json\/wp\/v2\/posts\/144273\/revisions\/144275"}],"wp:featuredmedia":[{"embeddable":true,"href":"https:\/\/www.elsindical.com.ar\/notas\/wp-json\/wp\/v2\/media\/144274"}],"wp:attachment":[{"href":"https:\/\/www.elsindical.com.ar\/notas\/wp-json\/wp\/v2\/media?parent=144273"}],"wp:term":[{"taxonomy":"category","embeddable":true,"href":"https:\/\/www.elsindical.com.ar\/notas\/wp-json\/wp\/v2\/categories?post=144273"},{"taxonomy":"post_tag","embeddable":true,"href":"https:\/\/www.elsindical.com.ar\/notas\/wp-json\/wp\/v2\/tags?post=144273"}],"curies":[{"name":"wp","href":"https:\/\/api.w.org\/{rel}","templated":true}]}}