{"id":144271,"date":"2026-04-26T11:12:19","date_gmt":"2026-04-26T14:12:19","guid":{"rendered":"https:\/\/www.elsindical.com.ar\/notas\/?p=144271"},"modified":"2026-04-26T11:12:26","modified_gmt":"2026-04-26T14:12:26","slug":"efemerides-del-dia-26-de-abril-12","status":"publish","type":"post","link":"https:\/\/www.elsindical.com.ar\/notas\/efemerides-del-dia-26-de-abril-12\/","title":{"rendered":"EFEM\u00c9RIDES: DEL D\u00cdA 26 DE ABRIL"},"content":{"rendered":"\n<p>\u2013 D\u00eda Mundial de la Propiedad Intelectual<\/p>\n\n\n\n<p>121 \u2013 Nace Marco Aurelio, emperador romano.<\/p>\n\n\n\n<p>1478 \u2013 Conspiraci\u00f3n de los Pazzi: los conspiradores atacan a Lorenzo de M\u00e9dici y matan a Giuliano de M\u00e9dici en Florencia.<\/p>\n\n\n\n<p>1607 \u2013 El colonizador John Smith desembarca con un grupo de colonos en Virginia, primera colonia inglesa permanente en el territorio actual de Estados Unidos.<\/p>\n\n\n\n<p>1785 \u2013 Nace John James Audubon, naturalista, ornit\u00f3logo y artista estadounidense, c\u00e9lebre por sus dibujos de todas las especies de p\u00e1jaros de Norteam\u00e9rica.<\/p>\n\n\n\n<p>1798 \u2013 Nace Eugene Delacroix, pintor franc\u00e9s cuya obra constituye un gran exponente del romanticismo del siglo XIX y cuya influencia se extendi\u00f3 hasta los impresionistas.<\/p>\n\n\n\n<p>1828 \u2013 Rusia declara la guerra a Turqu\u00eda por una supuesta violaci\u00f3n del tratado de Ackermann.<\/p>\n\n\n\n<p>1829 \u2013 Batalla de Puente de M\u00e1rquez: los federales santafecinos al mando del Gral. L\u00f3pez vencen al ej\u00e9rcito unitario del Gral. Juan Lavalle.<\/p>\n\n\n\n<p>1860 \u2013 Firma en Tetu\u00e1n del tratado de paz que puso fin a la guerra en \u00c1frica entre espa\u00f1oles y marroqu\u00edes.<\/p>\n\n\n\n<p>1889 \u2013 Nace en Viena, el fil\u00f3sofo Ludwig Wittgenstein, uno de los pensadores m\u00e1s influyentes del siglo XX, reconocido en especial por su contribuci\u00f3n a la filosof\u00eda anal\u00edtica.<\/p>\n\n\n\n<p>1894 \u2013 Nace Rudolf Hess, militar y pol\u00edtico alem\u00e1n, colaborador de Hitler.<\/p>\n\n\n\n<p>1900 \u2013 Nace Charles Richter, creador de la escala de impacto de los terremotos.<\/p>\n\n\n\n<p>1900 \u2013 Nace Roberto Arlt\u200b, novelista, cuentista, dramaturgo, periodista e inventor argentino.\u200b<\/p>\n\n\n\n<p>1915 \u2013 Primera Guerra Mundial: los aliados e Italia firman el Tratado de Londres, un acuerdo secreto en el que los aliados ofrecen a Italia compensaciones territoriales si declara la guerra contra Austria.<\/p>\n\n\n\n<p>1916 \u2013 Nace Morris L. West, escritor australiano.<\/p>\n\n\n\n<p>1923 \u2013 Muere Pablo Podest\u00e1, notable actor dram\u00e1tico, escultor, pintor y m\u00fasico uruguayo.<\/p>\n\n\n\n<p>1925 \u2013 Paul von Hindenburg es elegido presidente en la Rep\u00fablica alemana.<\/p>\n\n\n\n<p>1933 \u2013 Hermann G\u00f6ring establece en Alemania la polic\u00eda secreta nazi Gestapo.<\/p>\n\n\n\n<p>1937 \u2013 Durante la Guerra Civil Espa\u00f1ola, la aviaci\u00f3n alemana, por orden de Francisco Franco, bombardea el pueblo vasco de Guernica. Pocas semanas despu\u00e9s Picasso comenz\u00f3 a pintar el enorme mural conocido como Guernica.<\/p>\n\n\n\n<p>1938 \u2013 Nace Nino Benvenutti, boxeador nacido en Eslovenia de nacionalidad italiana.<\/p>\n\n\n\n<p>1949 \u2013 Nace Carlos Bianchi, exentrenador y exfutbolista argentino.<\/p>\n\n\n\n<p>1954 \u2013 Comienza la conferencia de Ginebra.<\/p>\n\n\n\n<p>1956 \u2013 Nace Imanol Arias, actor espa\u00f1ol.<\/p>\n\n\n\n<p>1960 \u2013 Expulsado por la Revoluci\u00f3n de abril, el presidente de Corea del Sur, Syngman Rhee, renuncia tras doce a\u00f1os de gobierno dictatorial.<\/p>\n\n\n\n<p>1964 \u2013 Tanganica y Zanz\u00edbar se unen formando la Rep\u00fablica de Unida de Tanganica y Zanz\u00edbar, poco despu\u00e9s Tanzania.<\/p>\n\n\n\n<p>1970 \u2013 Nace Melania Trump, ex\u2013modelo de origen esloveno nacionalizada estadounidense, esposa de Donald Trump.<\/p>\n\n\n\n<p>1984 \u2013 Muere Count Basie, pianista y director de orquesta de jazz estadounidense.<\/p>\n\n\n\n<p>1985 \u2013 Alfons\u00edn anuncia en la Plaza de Mayo la \u00abeconom\u00eda de guerra\u00bb.<\/p>\n\n\n\n<p>1986 \u2013 Muere Broderick Crawford, actor estadounidense.<\/p>\n\n\n\n<p>1986 \u2013 Explosi\u00f3n en la planta nuclear de Chernobyl en la localidad sovi\u00e9tica de Pripyat (actual Ucrania).<\/p>\n\n\n\n<p>1989 \u2013 Muere Lucille Ball, comediante, actriz, modelo y productora ejecutiva estadounidense.<\/p>\n\n\n\n<p>1991 \u2013 Diego Maradona es detenido por la divisi\u00f3n narc\u00f3ticos de la polic\u00eda federal acusado de consumo, tenencia y suministro de coca\u00edna. Al d\u00eda siguiente sale en libertad, aunque fue procesado. Tres a\u00f1os despu\u00e9s se dict\u00f3 su sobreseimiento.<\/p>\n\n\n\n<p>1994 \u2013 Comienzan las primeras elecciones con sufragio universal en Sud\u00e1frica.<\/p>\n\n\n\n<p>1999 \u2013 Es asesinada Jil Dando, popular periodista de la televisi\u00f3n brit\u00e1nica.<\/p>\n\n\n\n<p>2005 \u2013 Muere Augusto Roa Bastos, escritor paraguayo.<\/p>\n\n\n\n<p>2010 \u2013 El dictador paname\u00f1o Manuel Antonio Noriega es extraditado a Francia tras estar encarcelado veinte a\u00f1os en EE.UU.<\/p>\n\n\n\n<p>2012 \u2013 El Tribunal Especial de Sierra Leona (TESL) declara culpable al expresidente liberiano Charles Taylor de cr\u00edmenes de guerra y lesa humanidad.<\/p>\n\n\n\n<p>2016 \u2013 Los restos de Pablo Neruda descansan definitivamente frente al mar de su casa en Isla Negra, tres a\u00f1os despu\u00e9s de su exhumaci\u00f3n para averiguar si hab\u00eda sido asesinado.<\/p>\n\n\n\n<p>2017 \u2013 Muere Jonathan Demme, director de cine estadounidense.<\/p>\n\n\n\n<p>2017 \u2013 En el marco del final de la misi\u00f3n espacial Cassini-Huygens, la nave espacial Cassini se adentra en los anillos de Saturno.<\/p>\n\n\n\n<p>2018 \u2013 Un jurado declara culpable al c\u00f3mico Bill Cosby de tres cargos por asalto sexual.<\/p>\n\n\n\n<p><\/p>\n","protected":false},"excerpt":{"rendered":"<p>\u2013 D\u00eda Mundial de la Propiedad Intelectual 121 \u2013 Nace Marco Aurelio, emperador romano. 1478 \u2013 Conspiraci\u00f3n de los Pazzi: los conspiradores atacan a Lorenzo de M\u00e9dici y matan a Giuliano de M\u00e9dici en Florencia. 1607 \u2013 El colonizador John Smith desembarca con un grupo de colonos en Virginia, primera colonia inglesa permanente en el&hellip;<\/p>\n","protected":false},"author":1,"featured_media":0,"comment_status":"open","ping_status":"open","sticky":false,"template":"","format":"standard","meta":{"footnotes":""},"categories":[14],"tags":[2450,22026],"class_list":["post-144271","post","type-post","status-publish","format-standard","hentry","category-efemerides","tag-diario-el-sindical","tag-efemerides"],"_links":{"self":[{"href":"https:\/\/www.elsindical.com.ar\/notas\/wp-json\/wp\/v2\/posts\/144271","targetHints":{"allow":["GET"]}}],"collection":[{"href":"https:\/\/www.elsindical.com.ar\/notas\/wp-json\/wp\/v2\/posts"}],"about":[{"href":"https:\/\/www.elsindical.com.ar\/notas\/wp-json\/wp\/v2\/types\/post"}],"author":[{"embeddable":true,"href":"https:\/\/www.elsindical.com.ar\/notas\/wp-json\/wp\/v2\/users\/1"}],"replies":[{"embeddable":true,"href":"https:\/\/www.elsindical.com.ar\/notas\/wp-json\/wp\/v2\/comments?post=144271"}],"version-history":[{"count":1,"href":"https:\/\/www.elsindical.com.ar\/notas\/wp-json\/wp\/v2\/posts\/144271\/revisions"}],"predecessor-version":[{"id":144272,"href":"https:\/\/www.elsindical.com.ar\/notas\/wp-json\/wp\/v2\/posts\/144271\/revisions\/144272"}],"wp:attachment":[{"href":"https:\/\/www.elsindical.com.ar\/notas\/wp-json\/wp\/v2\/media?parent=144271"}],"wp:term":[{"taxonomy":"category","embeddable":true,"href":"https:\/\/www.elsindical.com.ar\/notas\/wp-json\/wp\/v2\/categories?post=144271"},{"taxonomy":"post_tag","embeddable":true,"href":"https:\/\/www.elsindical.com.ar\/notas\/wp-json\/wp\/v2\/tags?post=144271"}],"curies":[{"name":"wp","href":"https:\/\/api.w.org\/{rel}","templated":true}]}}