{"id":144268,"date":"2026-04-25T23:04:32","date_gmt":"2026-04-26T02:04:32","guid":{"rendered":"https:\/\/www.elsindical.com.ar\/notas\/?p=144268"},"modified":"2026-04-25T23:04:38","modified_gmt":"2026-04-26T02:04:38","slug":"peter-thiel-le-ofrecio-a-milei-una-arquitectura-de-poder-para-gobernar-con-los-datos-de-la-side","status":"publish","type":"post","link":"https:\/\/www.elsindical.com.ar\/notas\/peter-thiel-le-ofrecio-a-milei-una-arquitectura-de-poder-para-gobernar-con-los-datos-de-la-side\/","title":{"rendered":"Peter Thiel le ofreci\u00f3 a Milei una arquitectura de poder para gobernar con los datos de la SIDE"},"content":{"rendered":"\n<figure class=\"wp-block-image size-full\"><a href=\"https:\/\/www.elsindical.com.ar\/notas\/var\/www\/html\/notas\/wp-content\/uploads\/2026\/04\/Peter-Thiel.jpg\"><img loading=\"lazy\" decoding=\"async\" width=\"919\" height=\"519\" src=\"https:\/\/www.elsindical.com.ar\/notas\/var\/www\/html\/notas\/wp-content\/uploads\/2026\/04\/Peter-Thiel.jpg\" alt=\"\" class=\"wp-image-144269\" srcset=\"https:\/\/www.elsindical.com.ar\/notas\/var\/www\/html\/notas\/wp-content\/uploads\/2026\/04\/Peter-Thiel.jpg 919w, https:\/\/www.elsindical.com.ar\/notas\/var\/www\/html\/notas\/wp-content\/uploads\/2026\/04\/Peter-Thiel-300x169.jpg 300w, https:\/\/www.elsindical.com.ar\/notas\/var\/www\/html\/notas\/wp-content\/uploads\/2026\/04\/Peter-Thiel-768x434.jpg 768w, https:\/\/www.elsindical.com.ar\/notas\/var\/www\/html\/notas\/wp-content\/uploads\/2026\/04\/Peter-Thiel-460x260.jpg 460w\" sizes=\"auto, (max-width: 919px) 100vw, 919px\" \/><\/a><\/figure>\n\n\n\n<p>Seg\u00fan el especialista Ariel Garbarz, el due\u00f1o de Palantir le hizo la propuesta al Presidente en 2024 y Milei deleg\u00f3 el tema en Bullrich.<\/p>\n\n\n\n<p>\/2026<\/p>\n\n\n\n<p>El perito en IA e ingeniero en telecomunicaci\u00f3n Ariel Garbarz alert\u00f3 este viernes que el due\u00f1o de la plataforma de macrodatos Palantir, Peter Thiel, le ofreci\u00f3 a Javier Milei sus servicios para \u00abgobernar con datos cruzados\u00bb para controlar a la ciudadan\u00eda. El modelo de Thiel es el que funciona con Donald Trump en Estados Unidos, que entreg\u00f3 las bases de 26 reparticiones p\u00fablicas, incluida la CIA y las agencias de seguridad, para deportar inmigrantes o capturarlos con el ICE pero tambi\u00e9n en Gran Breta\u00f1a, el Estado de Israel y tres estados federales de Alemania, <a href=\"https:\/\/www.lapoliticaonline.com\/congreso\/preocupacion-en-el-congreso-por-la-posible-habilitacion-de-milei-a-la-empresa-de-macrodatos-palantir-4268\/\" target=\"_blank\" rel=\"noreferrer noopener\">tal como inform\u00f3 LPO<\/a>.<\/p>\n\n\n\n<p>Seg\u00fan Garbarz, Thiel le hab\u00eda hecho la misma propuesta al Presidente en noviembre de 2024, cuando se conocieron. \u00abComo Milei estaba en otro momento pol\u00edtico, deleg\u00f3 el tema en Patricia Bullrich y un grupo de t\u00e9cnicos le dio participaci\u00f3n al equipo que hab\u00edamos formado en la UTN, donde hab\u00edamos desarrollado un software que bloqueaba al Pegasus pero Palantir es otra cosa, hicieron un upgrade que no podemos detectar\u00bb, explic\u00f3 el especialista a LPO.<\/p>\n\n\n\n<p>Por eso, Garbarz crey\u00f3 que Karina Milei le hab\u00eda hecho un favor al pa\u00eds cuando <a href=\"https:\/\/www.lapoliticaonline.com\/tools\/redirect.php?t=3&amp;i=341251&amp;s=203476fa8128b10b4c06c57be99e2680\">abort\u00f3 el negocio que Bullrich quiso cerrar<\/a> con un contrato especial para Palantir, a trav\u00e9s de la Agencia de Migraciones donde quer\u00eda ubicar a Diego Valenzuela. \u00abPens\u00e9 que, parad\u00f3jicamente, \u00edbamos a ganar tiempo pero no\u00bb, coment\u00f3.<\/p>\n\n\n\n<p>La principal preocupaci\u00f3n de este docente universitario es que Palantir puede servir de soporte para la unificaci\u00f3n de todas las bases de datos del Estado nacional, algo que ya est\u00e1 contemplado en el art\u00edculo 15 del decreto de la SIDE 941\/25. En ese texto, se habla de la creaci\u00f3n de la Comunidad de Inteligencia Nacional (CIN), que n\u00faclea desde la informaci\u00f3n de ARBA hasta el Renaper.<\/p>\n\n\n\n<p>La oposici\u00f3n manifest\u00f3, a trav\u00e9s de declaraciones aisladas, su rechazo a ese DNU en el Congreso pero hasta ahora permanece en estado de impotencia pol\u00edtica para voltearlo.<\/p>\n\n\n\n<p>Thiel es de los mega billonarios tecnol\u00f3gicos posiblemente el que tiene una visi\u00f3n m\u00e1s peligrosa. Se declara \u00ablibertario\u00bb pero su fortuna est\u00e1 construida en base a contratos con el Estado, como la CIA, el Pent\u00e1gono y el ICE. Actualmente se lo vincula al&nbsp;movimiento neorreaccionario (NRx), que afirma que las democracias liberales de Occidente son&nbsp;una experiencia fallida y deben ser reemplazas por formas m\u00e1s autoritarias o tecnocr\u00e1ticas de gobierno. Lleg\u00f3 incluso a proponer alg\u00fan tipo de \u00abneo monarqu\u00eda&#8217; y marcar la irrupci\u00f3n del \u00abvoto femenino\u00bb como una de las causas de la supuesta decadencia de Occidente. Los paralelos con la ret\u00f3rica de \u00abMilei Emperador\u00bb son evidentes.<\/p>\n\n\n\n<figure class=\"wp-block-embed is-type-rich is-provider-twitter wp-block-embed-twitter\"><div class=\"wp-block-embed__wrapper\">\n<blockquote class=\"twitter-tweet\" data-width=\"550\" data-dnt=\"true\"><p lang=\"es\" dir=\"ltr\">1\/12<br>URGENTE : El ofrecimiento que Peter Thiel le habr\u00eda hecho a Milei \u2014seg\u00fan lo que circula entre colegas de seguridad inform\u00e1tica\u2014 no ser\u00eda software sino \u201cAn architecture of power based on mass surveillance and social control.\u201d<\/p>&mdash; Ariel Garbarz (@GarbarzAriel) <a href=\"https:\/\/twitter.com\/GarbarzAriel\/status\/2047449251840426098?ref_src=twsrc%5Etfw\">April 23, 2026<\/a><\/blockquote><script async src=\"https:\/\/platform.twitter.com\/widgets.js\" charset=\"utf-8\"><\/script>\n<\/div><\/figure>\n\n\n\n<p>Garbarz plantea que Palantir es \u00abun monstruo digital de vigilancia y control social que cambia la forma de gobernar la Argentina\u00bb. \u00abEl contrato estar\u00eda legalizado en Argentina con el DNU 941, quedando como inteligencia encubierta, pagado con fondos p\u00fablicos y sin publicaci\u00f3n completa\u00bb, poste\u00f3 en X y agreg\u00f3: \u00abes tan aplicable a una contienda electoral como a un conflicto b\u00e9lico\u00bb.<\/p>\n\n\n\n<p>A su criterio, la plataforma sirve para \u00abmanipular y someter la voluntad popular y entregar los datos del Estado a una corporaci\u00f3n extranjera\u00bb.<\/p>\n\n\n\n<p>Desde el bloque peronista admiten que el decreto forma parte del temario que buscar\u00e1n construir para la convocatoria a una sesi\u00f3n especial, despu\u00e9s que se presente Manuel Adorni en el recinto este mi\u00e9rcoles. \u00abTenemos que reunir el qu\u00f3rum y eso va a costar, quiz\u00e1 nos tengamos que aguantar un par de convocatorias sin lograr qu\u00f3rum pero, cuando lleguemos, vamos a contar con los votos\u00bb, se esperanza un kirchnerista.<\/p>\n\n\n\n<p>Mientras tanto, el DNU de la SIDE est\u00e1 vigente, pese a que la impericia pol\u00edtica del gabinete de Milei mitigue parcialmente la amenaza sobre garant\u00edas de los ciudadanos.<\/p>\n\n\n\n<p><strong>Fuente: La Pol\u00edtica Online<\/strong><\/p>\n","protected":false},"excerpt":{"rendered":"<p>Seg\u00fan el especialista Ariel Garbarz, el due\u00f1o de Palantir le hizo la propuesta al Presidente en 2024 y Milei deleg\u00f3 el tema en Bullrich. \/2026 El perito en IA e ingeniero en telecomunicaci\u00f3n Ariel Garbarz alert\u00f3 este viernes que el due\u00f1o de la plataforma de macrodatos Palantir, Peter Thiel, le ofreci\u00f3 a Javier Milei sus&hellip;<\/p>\n","protected":false},"author":1,"featured_media":144269,"comment_status":"open","ping_status":"open","sticky":false,"template":"","format":"standard","meta":{"footnotes":""},"categories":[13],"tags":[47305,2450,28812,41933,47306,1241,47304,407],"class_list":["post-144268","post","type-post","status-publish","format-standard","has-post-thumbnail","hentry","category-politica","tag-ariel-garbarz","tag-diario-el-sindical","tag-javier-milei","tag-lpo","tag-palantir","tag-patricia-bullrich","tag-peter-thiel","tag-side"],"_links":{"self":[{"href":"https:\/\/www.elsindical.com.ar\/notas\/wp-json\/wp\/v2\/posts\/144268","targetHints":{"allow":["GET"]}}],"collection":[{"href":"https:\/\/www.elsindical.com.ar\/notas\/wp-json\/wp\/v2\/posts"}],"about":[{"href":"https:\/\/www.elsindical.com.ar\/notas\/wp-json\/wp\/v2\/types\/post"}],"author":[{"embeddable":true,"href":"https:\/\/www.elsindical.com.ar\/notas\/wp-json\/wp\/v2\/users\/1"}],"replies":[{"embeddable":true,"href":"https:\/\/www.elsindical.com.ar\/notas\/wp-json\/wp\/v2\/comments?post=144268"}],"version-history":[{"count":1,"href":"https:\/\/www.elsindical.com.ar\/notas\/wp-json\/wp\/v2\/posts\/144268\/revisions"}],"predecessor-version":[{"id":144270,"href":"https:\/\/www.elsindical.com.ar\/notas\/wp-json\/wp\/v2\/posts\/144268\/revisions\/144270"}],"wp:featuredmedia":[{"embeddable":true,"href":"https:\/\/www.elsindical.com.ar\/notas\/wp-json\/wp\/v2\/media\/144269"}],"wp:attachment":[{"href":"https:\/\/www.elsindical.com.ar\/notas\/wp-json\/wp\/v2\/media?parent=144268"}],"wp:term":[{"taxonomy":"category","embeddable":true,"href":"https:\/\/www.elsindical.com.ar\/notas\/wp-json\/wp\/v2\/categories?post=144268"},{"taxonomy":"post_tag","embeddable":true,"href":"https:\/\/www.elsindical.com.ar\/notas\/wp-json\/wp\/v2\/tags?post=144268"}],"curies":[{"name":"wp","href":"https:\/\/api.w.org\/{rel}","templated":true}]}}