{"id":144265,"date":"2026-04-25T22:54:24","date_gmt":"2026-04-26T01:54:24","guid":{"rendered":"https:\/\/www.elsindical.com.ar\/notas\/?p=144265"},"modified":"2026-04-25T22:54:30","modified_gmt":"2026-04-26T01:54:30","slug":"ezequiel-acuna-un-tuitero-de-23-anos-funcionario-de-lla-con-sueldo-de-14-millones","status":"publish","type":"post","link":"https:\/\/www.elsindical.com.ar\/notas\/ezequiel-acuna-un-tuitero-de-23-anos-funcionario-de-lla-con-sueldo-de-14-millones\/","title":{"rendered":"Ezequiel Acu\u00f1a, un tuitero de 23 a\u00f1os funcionario de LLA con sueldo de 14 millones"},"content":{"rendered":"<div class=\"wp-block-image\">\n<figure class=\"aligncenter size-full\"><a href=\"https:\/\/www.elsindical.com.ar\/notas\/var\/www\/html\/notas\/wp-content\/uploads\/2026\/04\/Ezequiel-Acuna-entrevista.jpg\"><img loading=\"lazy\" decoding=\"async\" width=\"750\" height=\"371\" src=\"https:\/\/www.elsindical.com.ar\/notas\/var\/www\/html\/notas\/wp-content\/uploads\/2026\/04\/Ezequiel-Acuna-entrevista.jpg\" alt=\"\" class=\"wp-image-144266\" srcset=\"https:\/\/www.elsindical.com.ar\/notas\/var\/www\/html\/notas\/wp-content\/uploads\/2026\/04\/Ezequiel-Acuna-entrevista.jpg 750w, https:\/\/www.elsindical.com.ar\/notas\/var\/www\/html\/notas\/wp-content\/uploads\/2026\/04\/Ezequiel-Acuna-entrevista-300x148.jpg 300w\" sizes=\"auto, (max-width: 750px) 100vw, 750px\" \/><\/a><\/figure>\n<\/div>\n\n\n<p>   <strong>Ezequiel Acu\u00f1a<\/strong>, un tuitero de 23 a\u00f1os conocido como \u00abelpasante\u00bb, fue nombrado Subgerente de Responsabilidad Social Empresaria en Nucleoel\u00e9ctrica Argentina (NA-SA) empresa estatal que opera las centrales de Atucha I, II y Embalse<\/p>\n\n\n\n<p>Su v\u00ednculo con el Estado arranc\u00f3 en diciembre de 2023, cuando entr\u00f3 como asesor de planta transitoria en la C\u00e1mara de Diputados \u2014legajo 803893\u2014, en el bloque del diputado de La Libertad Avanza por Tierra del Fuego, Santiago Pauli. De ah\u00ed pas\u00f3 a manejar las redes de <strong>Radio y Televisi\u00f3n Argentina (RTA)<\/strong>, contratado por Eduardo Gonz\u00e1lez. Ese organismo ejecut\u00f3, desde fines de 2024, centenas de despidos en la TV P\u00fablica, Radio Nacional y T\u00e9lam. Por ese cargo cobr\u00f3 m\u00e1s de diez millones y medio de pesos. <strong>El cargo en NA-SA lo triplica.<\/strong><\/p>\n\n\n\n<p>El nombramiento lleg\u00f3 en el peor momento para el sector nuclear. El ajuste del Gobierno discontinu\u00f3 proyectos estrat\u00e9gicos como el reactor <strong>CAREM<\/strong> y el <strong>RA-10<\/strong>, y el \u00e1rea pierde f\u00edsicos e ingenieros todos los d\u00edas por los bajos salarios. En ese contexto, incorporar a un operador de redes <strong>sin ninguna experiencia t\u00e9cnica<\/strong> al frente de una subgerencia de una empresa que maneja centrales at\u00f3micas gener\u00f3 angustia y crispaci\u00f3n en la comunidad cient\u00edfica.<\/p>\n\n\n\n<p>La contradicci\u00f3n no es menor. Acu\u00f1a sol\u00eda denunciar en X a quienes cobraban <strong>\u00abde la nuestra\u00bb<\/strong>, se\u00f1alando a funcionarios que viv\u00edan del Estado mientras criticaban el gasto p\u00fablico. Ahora cobra m\u00e1s de 13 millones mensuales de una empresa estatal a la que lleg\u00f3 sin idoneidad t\u00e9cnica. \u00abEl problema no es un nombre, es un modelo: cargos pol\u00edticos en un \u00e1rea estrat\u00e9gica\u00bb, escribi\u00f3 en X la legisladora Carolina Ayala. La pregunta que deja el caso es tan vieja como inc\u00f3moda para el oficialismo: <strong>\u00bfla meritocracia es un principio de gesti\u00f3n o una bandera discursiva?<\/strong><\/p>\n","protected":false},"excerpt":{"rendered":"<p>Ezequiel Acu\u00f1a, un tuitero de 23 a\u00f1os conocido como \u00abelpasante\u00bb, fue nombrado Subgerente de Responsabilidad Social Empresaria en Nucleoel\u00e9ctrica Argentina (NA-SA) empresa estatal que opera las centrales de Atucha I, II y Embalse Su v\u00ednculo con el Estado arranc\u00f3 en diciembre de 2023, cuando entr\u00f3 como asesor de planta transitoria en la C\u00e1mara de Diputados&hellip;<\/p>\n","protected":false},"author":1,"featured_media":144266,"comment_status":"open","ping_status":"open","sticky":false,"template":"","format":"standard","meta":{"footnotes":""},"categories":[13],"tags":[2450,47302,47299,40628,46176,21748,47300,47301,47303],"class_list":["post-144265","post","type-post","status-publish","format-standard","has-post-thumbnail","hentry","category-politica","tag-diario-el-sindical","tag-elpasante","tag-ezequiel-acuna","tag-lla","tag-na-sa","tag-rta","tag-santiago-pauli","tag-subgerente","tag-tuitero"],"_links":{"self":[{"href":"https:\/\/www.elsindical.com.ar\/notas\/wp-json\/wp\/v2\/posts\/144265","targetHints":{"allow":["GET"]}}],"collection":[{"href":"https:\/\/www.elsindical.com.ar\/notas\/wp-json\/wp\/v2\/posts"}],"about":[{"href":"https:\/\/www.elsindical.com.ar\/notas\/wp-json\/wp\/v2\/types\/post"}],"author":[{"embeddable":true,"href":"https:\/\/www.elsindical.com.ar\/notas\/wp-json\/wp\/v2\/users\/1"}],"replies":[{"embeddable":true,"href":"https:\/\/www.elsindical.com.ar\/notas\/wp-json\/wp\/v2\/comments?post=144265"}],"version-history":[{"count":1,"href":"https:\/\/www.elsindical.com.ar\/notas\/wp-json\/wp\/v2\/posts\/144265\/revisions"}],"predecessor-version":[{"id":144267,"href":"https:\/\/www.elsindical.com.ar\/notas\/wp-json\/wp\/v2\/posts\/144265\/revisions\/144267"}],"wp:featuredmedia":[{"embeddable":true,"href":"https:\/\/www.elsindical.com.ar\/notas\/wp-json\/wp\/v2\/media\/144266"}],"wp:attachment":[{"href":"https:\/\/www.elsindical.com.ar\/notas\/wp-json\/wp\/v2\/media?parent=144265"}],"wp:term":[{"taxonomy":"category","embeddable":true,"href":"https:\/\/www.elsindical.com.ar\/notas\/wp-json\/wp\/v2\/categories?post=144265"},{"taxonomy":"post_tag","embeddable":true,"href":"https:\/\/www.elsindical.com.ar\/notas\/wp-json\/wp\/v2\/tags?post=144265"}],"curies":[{"name":"wp","href":"https:\/\/api.w.org\/{rel}","templated":true}]}}