{"id":144258,"date":"2026-04-25T20:46:11","date_gmt":"2026-04-25T23:46:11","guid":{"rendered":"https:\/\/www.elsindical.com.ar\/notas\/?p=144258"},"modified":"2026-04-25T20:46:16","modified_gmt":"2026-04-25T23:46:16","slug":"intendentes-peronistas-vuelven-a-movilizarse-iran-a-capital-humano","status":"publish","type":"post","link":"https:\/\/www.elsindical.com.ar\/notas\/intendentes-peronistas-vuelven-a-movilizarse-iran-a-capital-humano\/","title":{"rendered":"Intendentes peronistas vuelven a movilizarse: ir\u00e1n a Capital Humano"},"content":{"rendered":"<div class=\"wp-block-image\">\n<figure class=\"aligncenter size-large\"><a href=\"https:\/\/www.elsindical.com.ar\/notas\/var\/www\/html\/notas\/wp-content\/uploads\/2026\/04\/Kicillof-PJ-Bonaerense.jpg\"><img loading=\"lazy\" decoding=\"async\" width=\"1024\" height=\"683\" src=\"https:\/\/www.elsindical.com.ar\/notas\/var\/www\/html\/notas\/wp-content\/uploads\/2026\/04\/Kicillof-PJ-Bonaerense-1024x683.jpg\" alt=\"\" class=\"wp-image-144259\" srcset=\"https:\/\/www.elsindical.com.ar\/notas\/var\/www\/html\/notas\/wp-content\/uploads\/2026\/04\/Kicillof-PJ-Bonaerense-1024x683.jpg 1024w, https:\/\/www.elsindical.com.ar\/notas\/var\/www\/html\/notas\/wp-content\/uploads\/2026\/04\/Kicillof-PJ-Bonaerense-300x200.jpg 300w, https:\/\/www.elsindical.com.ar\/notas\/var\/www\/html\/notas\/wp-content\/uploads\/2026\/04\/Kicillof-PJ-Bonaerense-768x512.jpg 768w, https:\/\/www.elsindical.com.ar\/notas\/var\/www\/html\/notas\/wp-content\/uploads\/2026\/04\/Kicillof-PJ-Bonaerense-1536x1024.jpg 1536w, https:\/\/www.elsindical.com.ar\/notas\/var\/www\/html\/notas\/wp-content\/uploads\/2026\/04\/Kicillof-PJ-Bonaerense.jpg 1920w\" sizes=\"auto, (max-width: 1024px) 100vw, 1024px\" \/><\/a><\/figure>\n<\/div>\n\n\n<p>Intendentes movilizar\u00e1n el pr\u00f3ximo mi\u00e9rcoles a Capital Humano para reclamar los fondos por el SAE.<\/p>\n\n\n\n<p><strong>Intendentes peronistas volver\u00e1n a movilizarse la semana pr\u00f3xima para reclamarle al Gobierno de Javier Milei que entregue fondos <\/strong>que le corresponden a la provincia de Buenos Aires, esta vez el pedido est\u00e1 centrado en los comedores de las escuelas.<\/p>\n\n\n\n<p>La decisi\u00f3n fue anunciada ayer, cuando el gobernador Axel Kicillof presidi\u00f3 la primera reuni\u00f3n del Consejo del Partido Justicialista de la provincia de Buenos Aires.<\/p>\n\n\n\n<p>Se inform\u00f3 que <strong>el pr\u00f3ximo mi\u00e9rcoles se realizar\u00e1 una movilizaci\u00f3n junto a intendentes hacia el Ministerio de Capital Humano para reclamar por los recursos que le corresponden a la Provincia para sostener los servicios alimentarios en las escuelas.<\/strong><\/p>\n\n\n\n<p><strong>\u201cFrente a la antipol\u00edtica, tenemos que estar en la calle, acompa\u00f1ando y resistiendo: el peronismo de la provincia de Buenos Aires va a ser el responsable de terminar con este modelo de destrucci\u00f3n\u201d<\/strong>, asegur\u00f3 el gobernador.<\/p>\n\n\n\n<p><strong>D\u00edas atr\u00e1s, intendentes de todo el pa\u00eds movilizaron al Ministerio de Econom\u00eda para reclamarle a Luis Caputto, ahora ser\u00e1 a Sandra Pettovello, los fondos para obras (que se encuentran paralizadas desde la asunci\u00f3n de Milei) y pol\u00edticas locales.<\/strong> La FAM no descart\u00f3 ir a la Justicia.<\/p>\n","protected":false},"excerpt":{"rendered":"<p>Intendentes movilizar\u00e1n el pr\u00f3ximo mi\u00e9rcoles a Capital Humano para reclamar los fondos por el SAE. Intendentes peronistas volver\u00e1n a movilizarse la semana pr\u00f3xima para reclamarle al Gobierno de Javier Milei que entregue fondos que le corresponden a la provincia de Buenos Aires, esta vez el pedido est\u00e1 centrado en los comedores de las escuelas. La&hellip;<\/p>\n","protected":false},"author":1,"featured_media":144259,"comment_status":"open","ping_status":"open","sticky":false,"template":"","format":"standard","meta":{"footnotes":""},"categories":[13],"tags":[13798,2450,38309,28812,42202,1196,27832,41810],"class_list":["post-144258","post","type-post","status-publish","format-standard","has-post-thumbnail","hentry","category-politica","tag-axel-kicillof","tag-diario-el-sindical","tag-intendentes-peronistas","tag-javier-milei","tag-ministerio-de-capital-humano","tag-movilizacion","tag-pj-bonaerense","tag-sandra-pettovello"],"_links":{"self":[{"href":"https:\/\/www.elsindical.com.ar\/notas\/wp-json\/wp\/v2\/posts\/144258","targetHints":{"allow":["GET"]}}],"collection":[{"href":"https:\/\/www.elsindical.com.ar\/notas\/wp-json\/wp\/v2\/posts"}],"about":[{"href":"https:\/\/www.elsindical.com.ar\/notas\/wp-json\/wp\/v2\/types\/post"}],"author":[{"embeddable":true,"href":"https:\/\/www.elsindical.com.ar\/notas\/wp-json\/wp\/v2\/users\/1"}],"replies":[{"embeddable":true,"href":"https:\/\/www.elsindical.com.ar\/notas\/wp-json\/wp\/v2\/comments?post=144258"}],"version-history":[{"count":1,"href":"https:\/\/www.elsindical.com.ar\/notas\/wp-json\/wp\/v2\/posts\/144258\/revisions"}],"predecessor-version":[{"id":144260,"href":"https:\/\/www.elsindical.com.ar\/notas\/wp-json\/wp\/v2\/posts\/144258\/revisions\/144260"}],"wp:featuredmedia":[{"embeddable":true,"href":"https:\/\/www.elsindical.com.ar\/notas\/wp-json\/wp\/v2\/media\/144259"}],"wp:attachment":[{"href":"https:\/\/www.elsindical.com.ar\/notas\/wp-json\/wp\/v2\/media?parent=144258"}],"wp:term":[{"taxonomy":"category","embeddable":true,"href":"https:\/\/www.elsindical.com.ar\/notas\/wp-json\/wp\/v2\/categories?post=144258"},{"taxonomy":"post_tag","embeddable":true,"href":"https:\/\/www.elsindical.com.ar\/notas\/wp-json\/wp\/v2\/tags?post=144258"}],"curies":[{"name":"wp","href":"https:\/\/api.w.org\/{rel}","templated":true}]}}