{"id":14412,"date":"2011-05-23T02:24:16","date_gmt":"2011-05-23T05:24:16","guid":{"rendered":"http:\/\/www.elsindical.com.ar\/notas\/?p=14412"},"modified":"2011-05-23T02:41:45","modified_gmt":"2011-05-23T05:41:45","slug":"fiscal-federal-solicito-investigar-a-juan-ernesto-curutchet","status":"publish","type":"post","link":"https:\/\/www.elsindical.com.ar\/notas\/fiscal-federal-solicito-investigar-a-juan-ernesto-curutchet\/","title":{"rendered":"Fiscal Federal solicit\u00f3 investigar a Juan Ernesto Curutchet"},"content":{"rendered":"<p style=\"text-align: justify;\"><em><a href=\"http:\/\/www.elsindical.com.ar\/notas\/var\/www\/html\/notas\/wp-content\/uploads\/2010\/10\/Juan-Ernesto-Curutchet-Atla.jpg\"><img loading=\"lazy\" decoding=\"async\" class=\"alignleft size-medium wp-image-10082\" title=\"Juan-Ernesto-Curutchet-Atla\" src=\"http:\/\/www.elsindical.com.ar\/notas\/var\/www\/html\/notas\/wp-content\/uploads\/2010\/10\/Juan-Ernesto-Curutchet-Atla-197x300.jpg\" alt=\"\" width=\"197\" height=\"300\" srcset=\"https:\/\/www.elsindical.com.ar\/notas\/var\/www\/html\/notas\/wp-content\/uploads\/2010\/10\/Juan-Ernesto-Curutchet-Atla-197x300.jpg 197w, https:\/\/www.elsindical.com.ar\/notas\/var\/www\/html\/notas\/wp-content\/uploads\/2010\/10\/Juan-Ernesto-Curutchet-Atla.jpg 236w\" sizes=\"auto, (max-width: 197px) 100vw, 197px\" \/><\/a>Problemas judiciales serios, parecen tocar a las puertas del Dr. Juan Ernesto Curutchet \u201cel colorado\u201d, vicepresidente del Banco Ciudad, ante el pedido formal del Fiscal Federal Dr. Eduardo R. Taiano a cargo de la Fiscal\u00eda Nacional en lo Criminal y Correccional Federal N\u00ba 3, quien solicit\u00f3 al Juez Federal Norberto Oyarbide la instrucci\u00f3n de sumario penal, al resolver en causa caratula \u201cNN S\/Asociaci\u00f3n il\u00edcita\u201d, y rechazar el planteo de nulidad presentado por la defensa en la causa N\u00ba 7507\/2009 por conexidad.<\/em><\/p>\n<p style=\"text-align: justify;\">En dicha resoluci\u00f3n el Fiscal Federal ha evaluado que corresponde iniciar un sumario penal por los delitos de \u201cAsociaci\u00f3n Il\u00edcita\u201d contra varios imputados entre los que se destacan empresarios de la firma Atlas Copco SAIC, \u00a0Eric Van Meel Gerente General, Carlos de La Fuente Gerente Administrativo y Financiero, Oscar Duprix Gerente Regional para Am\u00e9rica Latina, Michael Onumatecha Gerente de Cr\u00e9dito Internacional de Dallas, Texas EEUU, un abogado llamado Juan Jos\u00e9, Juan Ernesto Curutchet Vicepresidente del Banco de la Ciudad de Buenos Aires, y un tal \u201cJorge\u201d que arriba m\u00e1s tarde a la reuni\u00f3n.<\/p>\n<p style=\"text-align: justify;\">Para resumir, el Fiscal, ha encontrado motivos m\u00e1s que valiosos para solicitar la investigaci\u00f3n de posibles delitos por parte de los mencionados, cometidos en una reuni\u00f3n \u201csecreta\u201d o que pretendi\u00f3 serlo, acontecida en el sal\u00f3n \u201cPolo\u201d del centro de negocios Park Tower del Hotel Sheraton de Retiro de esta ciudad. All\u00ed los mencionados, m\u00e1s los abogados Jorge Eduardo Anzorreguy y Juan Jos\u00e9 Sforza y otros empresarios, se reunieron para analizar en conjunto la forma de encarar la demanda laboral contra la firma Atlas Copco Argentina, que un ex empleado, sostiene desde hace unos a\u00f1os, durante el transcurso de la misma se propusieron varios opciones, algunas como la de deshacerse de Yoan el demandante, y otra m\u00e1s civilizada, pero no menos delictiva la de \u201ccharlar\u201d con los camaristas y ofrecerles un dinero (1.200.000 pesos para empezar) propuesto por Curutchet.<\/p>\n<p style=\"text-align: justify;\">Hasta no hace mucho, el vicepresidente en el banco les dec\u00eda a los que le preguntaban como iba la causa que \u00e9l ya ten\u00eda todo arreglado y los abogados de Van Meel, por esas casualidades de la vida (no creo en las casualidades), asesores de Curutchet en el Banco Ciudad aseguraban tener todo \u201carreglado\u201d y obtener la absoluci\u00f3n de sus defendidos.<\/p>\n<p style=\"text-align: justify;\">El Fiscal Federal por su resoluci\u00f3n no solo tiene otra idea de lo hasta aqu\u00ed denunciado en el expediente judicial, sino que ha rechazado la nulidad de los abogados, solicitando se rechace el pedido de autorizaci\u00f3n para viajar de Eric Van Meel, al considerar que no ha justificado algunos de los puntos expuestos y tambi\u00e9n entiende que su llamado a indagatoria, y el pedido de la instrucci\u00f3n de un nuevo sumario que lo involucra agravan su situaci\u00f3n procesal, como para autorizar un viaje en los t\u00e9rminos que se requiri\u00f3. Pero tambi\u00e9n el fiscal en su resoluci\u00f3n solicita medidas judiciales, que una vez producidas, estima fundar\u00e1 el pedido de indagatoria de los involucrados en el expediente judicial.<\/p>\n<p style=\"text-align: justify;\">Tan claro es el rechazo de la nulidad del video y las grabaciones en contra de los imputados que demuestra el grado de improvisaci\u00f3n que tiene la defensa para tratar de frenar una prueba que sin ser \u00fanica o decisiva, devela lo mal que hicieron las cosas, incluidos los abogados, que luego de esto los futuros clientes deber\u00e1n evaluar si escogen sus servicios.<\/p>\n<p style=\"text-align: justify;\">La C\u00e1mara ya se ha pronunciado al respecto de la validez de la grabaci\u00f3n que cuestiona la defensa, ahora el Fiscal argumenta con una jurisprudencia impecable, con congruencia en los hechos y con un criterio que este medio comparte, al entender que las reservas constitucionales tienen l\u00edmites, de hecho, es dif\u00edcil creer que abogados con honorarios como los de la defensa ignoren un principio constitucionalista que reza \u201cno existen derechos plenos\u201d, es algo b\u00e1sico al cursar derecho constitucional, que los derechos tienen limitaciones, especialmente cuando las acciones privadas o semip\u00fablicas de los ciudadanos afectan derechos de terceros, frente a lo cual cede el amparo constitucional.<\/p>\n<p style=\"text-align: justify;\">Respecto de la ingenua oposici\u00f3n de que la grabaci\u00f3n afectaba el derecho de privacidad profesional entre su defensor y el cliente, es lapidario el desarrollo del Fiscal, que reproducimos textual:<\/p>\n<p style=\"text-align: justify;\"><strong><em>\u201cEn este sentido, un plan defensista para resistir la imputaci\u00f3n de que se trata, nunca puede comprender la comisi\u00f3n de il\u00edcitos, porque entonces dejar\u00eda de ser una estrategia de defensa para convertirse en un plan criminal.\u201d<\/em><\/strong><\/p>\n<p style=\"text-align: justify;\">Con esta informaci\u00f3n judicial y enterados de que el s\u00e1bado 21 de mayo, el Dr. Juan Ernesto Curutchet se encontraba en el Km.48,8 de la Panamericana en la sede del St. Jhon\u00b4s School, partimos a tratar de que nos explique si se siente tan seguro con este nuevo pedido fiscal, pero lamentablemente cuando llegamos se hab\u00eda retirado a las 10:50 hs, por unos pocos minutos no pudimos charlar con \u00e9l, desde ya esperamos su opini\u00f3n para que todos nos quedemos con la tranquilidad que el Banco Ciudad, est\u00e1 en buenas manos. Nos consta que con otros medios habla del tema desde su prespectiva y porque muchos desconocen qu\u00e9 preguntarle al carecer de informaci\u00f3n.<\/p>\n<p style=\"text-align: justify;\">Ah, otra curiosidad m\u00e1s, cuando Eric Van Meel, arrib\u00f3 al pa\u00eds, Juan Ernesto Curutchet, le recomend\u00f3 el colegio al que van sus hijas al belga, quien escogi\u00f3 la sede de Nordelta en lugar de la de Olivos por la cercan\u00eda con su casa. Otra casualidad m\u00e1s en una causa, cada vez m\u00e1s enmara\u00f1ada.<\/p>\n<p style=\"text-align: justify;\"><a href=\"http:\/\/www.elsindical.com.ar\/notas\/var\/www\/html\/notas\/wp-content\/uploads\/2011\/05\/St.-John\u00b4s-School-Pilar.jpg\"><img loading=\"lazy\" decoding=\"async\" class=\"alignleft size-medium wp-image-14413\" title=\"St.-John\u00b4s-School-Pilar\" src=\"http:\/\/www.elsindical.com.ar\/notas\/var\/www\/html\/notas\/wp-content\/uploads\/2011\/05\/St.-John\u00b4s-School-Pilar-300x224.jpg\" alt=\"\" width=\"300\" height=\"224\" srcset=\"https:\/\/www.elsindical.com.ar\/notas\/var\/www\/html\/notas\/wp-content\/uploads\/2011\/05\/St.-John\u00b4s-School-Pilar-300x224.jpg 300w, https:\/\/www.elsindical.com.ar\/notas\/var\/www\/html\/notas\/wp-content\/uploads\/2011\/05\/St.-John\u00b4s-School-Pilar.jpg 443w\" sizes=\"auto, (max-width: 300px) 100vw, 300px\" \/><\/a><\/p>\n<p style=\"text-align: justify;\">\u00a0<\/p>\n<p style=\"text-align: justify;\">\u00a0<\/p>\n<p style=\"text-align: justify;\">\u00a0<\/p>\n<p style=\"text-align: justify;\">\u00a0<\/p>\n<p style=\"text-align: justify;\">\u00a0<\/p>\n<p style=\"text-align: justify;\">\u00a0<\/p>\n<p style=\"text-align: justify;\">\u00a0<\/p>\n<p style=\"text-align: justify;\"><strong><em>Por Marcelo Ricardo Hawrylciw<\/em><\/strong><\/p>\n","protected":false},"excerpt":{"rendered":"<p>Problemas judiciales serios, parecen tocar a las puertas del Dr. Juan Ernesto Curutchet \u201cel colorado\u201d, vicepresidente del Banco Ciudad, ante el pedido formal del Fiscal Federal Dr. Eduardo R. Taiano a cargo de la Fiscal\u00eda Nacional en lo Criminal y Correccional Federal N\u00ba 3, quien solicit\u00f3 al Juez Federal Norberto Oyarbide la instrucci\u00f3n de sumario&hellip;<\/p>\n","protected":false},"author":1,"featured_media":0,"comment_status":"open","ping_status":"open","sticky":false,"template":"","format":"standard","meta":{"footnotes":""},"categories":[1,20],"tags":[6962,4861,35,6960,6963,6961,2931,5807],"class_list":["post-14412","post","type-post","status-publish","format-standard","hentry","category-destacadas","category-judiciales","tag-asociacion-ilicita","tag-atlas-copco","tag-banco-ciudad","tag-eduardo-r-taino","tag-eric-van-meel","tag-fiscal-federlal","tag-juan-ernesto-curutchet","tag-juez-federal-norberto-oyarbide"],"_links":{"self":[{"href":"https:\/\/www.elsindical.com.ar\/notas\/wp-json\/wp\/v2\/posts\/14412","targetHints":{"allow":["GET"]}}],"collection":[{"href":"https:\/\/www.elsindical.com.ar\/notas\/wp-json\/wp\/v2\/posts"}],"about":[{"href":"https:\/\/www.elsindical.com.ar\/notas\/wp-json\/wp\/v2\/types\/post"}],"author":[{"embeddable":true,"href":"https:\/\/www.elsindical.com.ar\/notas\/wp-json\/wp\/v2\/users\/1"}],"replies":[{"embeddable":true,"href":"https:\/\/www.elsindical.com.ar\/notas\/wp-json\/wp\/v2\/comments?post=14412"}],"version-history":[{"count":3,"href":"https:\/\/www.elsindical.com.ar\/notas\/wp-json\/wp\/v2\/posts\/14412\/revisions"}],"predecessor-version":[{"id":14415,"href":"https:\/\/www.elsindical.com.ar\/notas\/wp-json\/wp\/v2\/posts\/14412\/revisions\/14415"}],"wp:attachment":[{"href":"https:\/\/www.elsindical.com.ar\/notas\/wp-json\/wp\/v2\/media?parent=14412"}],"wp:term":[{"taxonomy":"category","embeddable":true,"href":"https:\/\/www.elsindical.com.ar\/notas\/wp-json\/wp\/v2\/categories?post=14412"},{"taxonomy":"post_tag","embeddable":true,"href":"https:\/\/www.elsindical.com.ar\/notas\/wp-json\/wp\/v2\/tags?post=14412"}],"curies":[{"name":"wp","href":"https:\/\/api.w.org\/{rel}","templated":true}]}}