{"id":14405,"date":"2011-05-23T00:45:48","date_gmt":"2011-05-23T03:45:48","guid":{"rendered":"http:\/\/www.elsindical.com.ar\/notas\/?p=14405"},"modified":"2011-05-23T00:45:48","modified_gmt":"2011-05-23T03:45:48","slug":"oscar-de-la-hoya-internado-en-una-clinica-de-adicciones","status":"publish","type":"post","link":"https:\/\/www.elsindical.com.ar\/notas\/oscar-de-la-hoya-internado-en-una-clinica-de-adicciones\/","title":{"rendered":"Oscar de la Hoya internado en una cl\u00ednica de adicciones"},"content":{"rendered":"<p style=\"text-align: justify;\"><em><a href=\"http:\/\/www.elsindical.com.ar\/notas\/var\/www\/html\/notas\/wp-content\/uploads\/2011\/05\/Oscar-de-la-Hoya.jpg\"><img loading=\"lazy\" decoding=\"async\" class=\"alignleft size-medium wp-image-14406\" title=\"Oscar-de-la-Hoya\" src=\"http:\/\/www.elsindical.com.ar\/notas\/var\/www\/html\/notas\/wp-content\/uploads\/2011\/05\/Oscar-de-la-Hoya-250x300.jpg\" alt=\"\" width=\"250\" height=\"300\" srcset=\"https:\/\/www.elsindical.com.ar\/notas\/var\/www\/html\/notas\/wp-content\/uploads\/2011\/05\/Oscar-de-la-Hoya-250x300.jpg 250w, https:\/\/www.elsindical.com.ar\/notas\/var\/www\/html\/notas\/wp-content\/uploads\/2011\/05\/Oscar-de-la-Hoya.jpg 325w\" sizes=\"auto, (max-width: 250px) 100vw, 250px\" \/><\/a>El ex p\u00fagil y m\u00faltiple campe\u00f3n mundial Oscar de la Hoya ingres\u00f3 a un centro de rehabilitaci\u00f3n hace unas semanas en California, para tratar un problema por abuso de sustancias.<\/em><\/p>\n<p style=\"text-align: justify;\">De la Hoya envi\u00f3 un comunicado al portal que se especializa en noticias y rumores sobre la vida privada de los famosos, en el que admiti\u00f3 que estaba en la instituci\u00f3n para atender asuntos relacionados con el abuso de drogas y alcohol.<\/p>\n<p style=\"text-align: justify;\">\u00a0\u00a0\u00a0 Tras \u00abhacer una evaluaci\u00f3n honesta de m\u00ed mismo, reconozco que tengo varios asuntos que debo atender. Como todos, tengo mis fallas, y no quiero ser una de esas personas que teme abordar esas fallas\u00bb, dice el comunicado de De la Hoya.<\/p>\n<p style=\"text-align: justify;\">\u00a0\u00a0\u00a0 \u00abA trav\u00e9s de mi carrera, siempre he encarado de frente todos los retos, y este no es diferente. Conf\u00edo en que, con el apoyo de mi familia y amigos, me convertir\u00e9 en una persona m\u00e1s fuerte y m\u00e1s saludable\u00bb, agreg\u00f3 el texto.<br \/>\n\u00a0\u00a0\u00a0 El medallista ol\u00edmpico en Barcelona 92 pidi\u00f3 \u00abrespeto y privacidad mientras mi familia y yo pasamos por este proceso\u00bb.<\/p>\n<p style=\"text-align: justify;\">\u00a0\u00a0\u00a0 Richard Schaefer, presidente de Golden Boy Promotions, dijo a ESPN que De la Hoya a\u00fan se encuentra en la cl\u00ednica de rehabilitaci\u00f3n y por eso no fue el s\u00e1bado a la pelea Bernard Hopkins-Jean Pascal.<\/p>\n<p style=\"text-align: justify;\">\u00a0\u00a0\u00a0 De la Hoya, que fue campe\u00f3n en seis divisiones distintas y se retir\u00f3 con una marca de 39-6, pele\u00f3 por \u00faltima vez al caer por nocaut t\u00e9cnico ante Manny Pacquiao en diciembre del 2008.<\/p>\n","protected":false},"excerpt":{"rendered":"<p>El ex p\u00fagil y m\u00faltiple campe\u00f3n mundial Oscar de la Hoya ingres\u00f3 a un centro de rehabilitaci\u00f3n hace unas semanas en California, para tratar un problema por abuso de sustancias. De la Hoya envi\u00f3 un comunicado al portal que se especializa en noticias y rumores sobre la vida privada de los famosos, en el que&hellip;<\/p>\n","protected":false},"author":1,"featured_media":0,"comment_status":"open","ping_status":"open","sticky":false,"template":"","format":"standard","meta":{"footnotes":""},"categories":[7],"tags":[1913,6956,1266,6955,6953,6954],"class_list":["post-14405","post","type-post","status-publish","format-standard","hentry","category-deportes","tag-boxeador","tag-clinica-adicciones","tag-internado","tag-multiple-campeon","tag-oscar-de-la-hoya","tag-pugil"],"_links":{"self":[{"href":"https:\/\/www.elsindical.com.ar\/notas\/wp-json\/wp\/v2\/posts\/14405","targetHints":{"allow":["GET"]}}],"collection":[{"href":"https:\/\/www.elsindical.com.ar\/notas\/wp-json\/wp\/v2\/posts"}],"about":[{"href":"https:\/\/www.elsindical.com.ar\/notas\/wp-json\/wp\/v2\/types\/post"}],"author":[{"embeddable":true,"href":"https:\/\/www.elsindical.com.ar\/notas\/wp-json\/wp\/v2\/users\/1"}],"replies":[{"embeddable":true,"href":"https:\/\/www.elsindical.com.ar\/notas\/wp-json\/wp\/v2\/comments?post=14405"}],"version-history":[{"count":2,"href":"https:\/\/www.elsindical.com.ar\/notas\/wp-json\/wp\/v2\/posts\/14405\/revisions"}],"predecessor-version":[{"id":14408,"href":"https:\/\/www.elsindical.com.ar\/notas\/wp-json\/wp\/v2\/posts\/14405\/revisions\/14408"}],"wp:attachment":[{"href":"https:\/\/www.elsindical.com.ar\/notas\/wp-json\/wp\/v2\/media?parent=14405"}],"wp:term":[{"taxonomy":"category","embeddable":true,"href":"https:\/\/www.elsindical.com.ar\/notas\/wp-json\/wp\/v2\/categories?post=14405"},{"taxonomy":"post_tag","embeddable":true,"href":"https:\/\/www.elsindical.com.ar\/notas\/wp-json\/wp\/v2\/tags?post=14405"}],"curies":[{"name":"wp","href":"https:\/\/api.w.org\/{rel}","templated":true}]}}