{"id":143981,"date":"2026-04-09T13:04:30","date_gmt":"2026-04-09T16:04:30","guid":{"rendered":"https:\/\/www.elsindical.com.ar\/notas\/?p=143981"},"modified":"2026-04-09T13:04:34","modified_gmt":"2026-04-09T16:04:34","slug":"quilmes-vecinos-marchan-contra-la-inseguridad","status":"publish","type":"post","link":"https:\/\/www.elsindical.com.ar\/notas\/quilmes-vecinos-marchan-contra-la-inseguridad\/","title":{"rendered":"Quilmes: Vecinos marchan contra la inseguridad"},"content":{"rendered":"<div class=\"wp-block-image\">\n<figure class=\"aligncenter size-full\"><a href=\"https:\/\/www.elsindical.com.ar\/notas\/var\/www\/html\/notas\/wp-content\/uploads\/2026\/04\/marcha-seguridad-Quilmes-9-abril-26.jpg\"><img loading=\"lazy\" decoding=\"async\" width=\"411\" height=\"439\" src=\"https:\/\/www.elsindical.com.ar\/notas\/var\/www\/html\/notas\/wp-content\/uploads\/2026\/04\/marcha-seguridad-Quilmes-9-abril-26.jpg\" alt=\"\" class=\"wp-image-143982\" srcset=\"https:\/\/www.elsindical.com.ar\/notas\/var\/www\/html\/notas\/wp-content\/uploads\/2026\/04\/marcha-seguridad-Quilmes-9-abril-26.jpg 411w, https:\/\/www.elsindical.com.ar\/notas\/var\/www\/html\/notas\/wp-content\/uploads\/2026\/04\/marcha-seguridad-Quilmes-9-abril-26-281x300.jpg 281w\" sizes=\"auto, (max-width: 411px) 100vw, 411px\" \/><\/a><\/figure>\n<\/div>\n\n\n<p class=\"wp-block-paragraph\">   Vecinos de Quilmes, organizan una protesta frente a la comisar\u00eda 4ta con jurisdicci\u00f3n en San Francisco Solano esta tarde para reclamar m\u00e1s seguridad.<\/p>\n\n\n\n<p class=\"wp-block-paragraph\">Distintos robos cometidos a toda hora, han generado un profundo malestar entre los vecinos que ya no pueden vivir tranquilos y todo apunta a una mala organizaci\u00f3n de la seguridad, reclaman m\u00e1s patrullaje y c\u00e1maras de seguridad.<\/p>\n","protected":false},"excerpt":{"rendered":"<p>Vecinos de Quilmes, organizan una protesta frente a la comisar\u00eda 4ta con jurisdicci\u00f3n en San Francisco Solano esta tarde para reclamar m\u00e1s seguridad. Distintos robos cometidos a toda hora, han generado un profundo malestar entre los vecinos que ya no pueden vivir tranquilos y todo apunta a una mala organizaci\u00f3n de la seguridad, reclaman m\u00e1s&hellip;<\/p>\n","protected":false},"author":1,"featured_media":143982,"comment_status":"open","ping_status":"open","sticky":false,"template":"","format":"standard","meta":{"footnotes":""},"categories":[6,25],"tags":[2450,984,156,684,512,3279,986],"class_list":["post-143981","post","type-post","status-publish","format-standard","has-post-thumbnail","hentry","category-denuncias","category-sociedad","tag-diario-el-sindical","tag-inseguridad","tag-marcha","tag-quilmes","tag-reclamo","tag-san-francisco-solano","tag-vecinos"],"_links":{"self":[{"href":"https:\/\/www.elsindical.com.ar\/notas\/wp-json\/wp\/v2\/posts\/143981","targetHints":{"allow":["GET"]}}],"collection":[{"href":"https:\/\/www.elsindical.com.ar\/notas\/wp-json\/wp\/v2\/posts"}],"about":[{"href":"https:\/\/www.elsindical.com.ar\/notas\/wp-json\/wp\/v2\/types\/post"}],"author":[{"embeddable":true,"href":"https:\/\/www.elsindical.com.ar\/notas\/wp-json\/wp\/v2\/users\/1"}],"replies":[{"embeddable":true,"href":"https:\/\/www.elsindical.com.ar\/notas\/wp-json\/wp\/v2\/comments?post=143981"}],"version-history":[{"count":1,"href":"https:\/\/www.elsindical.com.ar\/notas\/wp-json\/wp\/v2\/posts\/143981\/revisions"}],"predecessor-version":[{"id":143983,"href":"https:\/\/www.elsindical.com.ar\/notas\/wp-json\/wp\/v2\/posts\/143981\/revisions\/143983"}],"wp:featuredmedia":[{"embeddable":true,"href":"https:\/\/www.elsindical.com.ar\/notas\/wp-json\/wp\/v2\/media\/143982"}],"wp:attachment":[{"href":"https:\/\/www.elsindical.com.ar\/notas\/wp-json\/wp\/v2\/media?parent=143981"}],"wp:term":[{"taxonomy":"category","embeddable":true,"href":"https:\/\/www.elsindical.com.ar\/notas\/wp-json\/wp\/v2\/categories?post=143981"},{"taxonomy":"post_tag","embeddable":true,"href":"https:\/\/www.elsindical.com.ar\/notas\/wp-json\/wp\/v2\/tags?post=143981"}],"curies":[{"name":"wp","href":"https:\/\/api.w.org\/{rel}","templated":true}]}}