{"id":143951,"date":"2026-04-07T14:02:18","date_gmt":"2026-04-07T17:02:18","guid":{"rendered":"https:\/\/www.elsindical.com.ar\/notas\/?p=143951"},"modified":"2026-04-07T14:02:24","modified_gmt":"2026-04-07T17:02:24","slug":"en-medio-del-escandalo-aparecio-otra-hipoteca-de-adorni","status":"publish","type":"post","link":"https:\/\/www.elsindical.com.ar\/notas\/en-medio-del-escandalo-aparecio-otra-hipoteca-de-adorni\/","title":{"rendered":"En medio del esc\u00e1ndalo, apareci\u00f3 otra hipoteca de Adorni"},"content":{"rendered":"<div class=\"wp-block-image\">\n<figure class=\"aligncenter size-full\"><a href=\"https:\/\/www.elsindical.com.ar\/notas\/var\/www\/html\/notas\/wp-content\/uploads\/2024\/05\/Manuel-Adorni-pulgares.jpg\"><img loading=\"lazy\" decoding=\"async\" width=\"550\" height=\"588\" src=\"https:\/\/www.elsindical.com.ar\/notas\/var\/www\/html\/notas\/wp-content\/uploads\/2024\/05\/Manuel-Adorni-pulgares.jpg\" alt=\"\" class=\"wp-image-130803\" srcset=\"https:\/\/www.elsindical.com.ar\/notas\/var\/www\/html\/notas\/wp-content\/uploads\/2024\/05\/Manuel-Adorni-pulgares.jpg 550w, https:\/\/www.elsindical.com.ar\/notas\/var\/www\/html\/notas\/wp-content\/uploads\/2024\/05\/Manuel-Adorni-pulgares-281x300.jpg 281w\" sizes=\"auto, (max-width: 550px) 100vw, 550px\" \/><\/a><\/figure>\n<\/div>\n\n\n<p class=\"wp-block-paragraph\">En las \u00faltimas horas se conoci\u00f3 una nueva hipoteca privada tomada por Manuel Adorni que data de noviembre de 2024.<\/p>\n\n\n\n<p class=\"wp-block-paragraph\">En medio de la pol\u00e9mica por el incremento del patrimonio y los viajes, <strong>el jefe de Gabinete,\u00a0Manuel Adorni, registr\u00f3 para su departamento de la avenida\u00a0Asamblea al 1100 una hipoteca de car\u00e1cter privado<\/strong>, seg\u00fan surge de su declaraci\u00f3n ante la Oficina Anticorrupci\u00f3n (OA).<\/p>\n\n\n\n<p class=\"wp-block-paragraph\"><strong>Esta hipoteca, de la que hasta ahora no se ten\u00eda conocimiento p\u00fablico, se registr\u00f3&nbsp;el 15 de noviembre de 2024, cuando Adorni ya era vocero presidencial<\/strong>, la misma fecha en la que figura la compra por parte de la esposa del funcionario,&nbsp;Bettina Angeletti, de la casa del country Indio Cua, en Exaltaci\u00f3n de la Cruz.<\/p>\n\n\n\n<p class=\"wp-block-paragraph\">En este caso, las otorgantes del pr\u00e9stamo hipotecario son\u00a0Graciela Isabel Molina de Cancio, quien habr\u00eda entregado al matrimonio Adorni-Angeletti 85.000 d\u00f3lares, y\u00a0Victoria Mar\u00eda Jos\u00e9 Cancio que les dio\u00a015.000 d\u00f3lares.<\/p>\n\n\n\n<p class=\"wp-block-paragraph\">El funcionario inform\u00f3 en su presentaci\u00f3n ante la OA correspondiente a 2024&nbsp;una deuda de 43.860.000 pesos con Molina de Cancio y una de 7.740.000 con Cancio. La declaraci\u00f3n consigna que la deuda es en d\u00f3lares.<\/p>\n\n\n\n<p class=\"wp-block-paragraph\"><strong>Otro de los datos salientes de esta operaci\u00f3n es que en ella intervino la escribana\u00a0Adriana M\u00f3nica Nechevenko<\/strong>, la misma que certific\u00f3 las compras de la casa de Indio Cu\u00e1, en 2024, y del departamento de la calle Mir\u00f3 en 2025, y que tiene registradas\u00a0al menos siete visitas a la Casa Rosada desde que Adorni es funcionario.<\/p>\n","protected":false},"excerpt":{"rendered":"<p>En las \u00faltimas horas se conoci\u00f3 una nueva hipoteca privada tomada por Manuel Adorni que data de noviembre de 2024. En medio de la pol\u00e9mica por el incremento del patrimonio y los viajes, el jefe de Gabinete,\u00a0Manuel Adorni, registr\u00f3 para su departamento de la avenida\u00a0Asamblea al 1100 una hipoteca de car\u00e1cter privado, seg\u00fan surge de&hellip;<\/p>\n","protected":false},"author":1,"featured_media":130803,"comment_status":"open","ping_status":"open","sticky":false,"template":"","format":"standard","meta":{"footnotes":""},"categories":[20,13],"tags":[2450,47148,41770,7418,11170],"class_list":["post-143951","post","type-post","status-publish","format-standard","has-post-thumbnail","hentry","category-judiciales","category-politica","tag-diario-el-sindical","tag-hipotecas","tag-manuel-adorni","tag-oa","tag-prestamos"],"_links":{"self":[{"href":"https:\/\/www.elsindical.com.ar\/notas\/wp-json\/wp\/v2\/posts\/143951","targetHints":{"allow":["GET"]}}],"collection":[{"href":"https:\/\/www.elsindical.com.ar\/notas\/wp-json\/wp\/v2\/posts"}],"about":[{"href":"https:\/\/www.elsindical.com.ar\/notas\/wp-json\/wp\/v2\/types\/post"}],"author":[{"embeddable":true,"href":"https:\/\/www.elsindical.com.ar\/notas\/wp-json\/wp\/v2\/users\/1"}],"replies":[{"embeddable":true,"href":"https:\/\/www.elsindical.com.ar\/notas\/wp-json\/wp\/v2\/comments?post=143951"}],"version-history":[{"count":1,"href":"https:\/\/www.elsindical.com.ar\/notas\/wp-json\/wp\/v2\/posts\/143951\/revisions"}],"predecessor-version":[{"id":143952,"href":"https:\/\/www.elsindical.com.ar\/notas\/wp-json\/wp\/v2\/posts\/143951\/revisions\/143952"}],"wp:featuredmedia":[{"embeddable":true,"href":"https:\/\/www.elsindical.com.ar\/notas\/wp-json\/wp\/v2\/media\/130803"}],"wp:attachment":[{"href":"https:\/\/www.elsindical.com.ar\/notas\/wp-json\/wp\/v2\/media?parent=143951"}],"wp:term":[{"taxonomy":"category","embeddable":true,"href":"https:\/\/www.elsindical.com.ar\/notas\/wp-json\/wp\/v2\/categories?post=143951"},{"taxonomy":"post_tag","embeddable":true,"href":"https:\/\/www.elsindical.com.ar\/notas\/wp-json\/wp\/v2\/tags?post=143951"}],"curies":[{"name":"wp","href":"https:\/\/api.w.org\/{rel}","templated":true}]}}