{"id":143828,"date":"2026-04-02T15:04:01","date_gmt":"2026-04-02T18:04:01","guid":{"rendered":"https:\/\/www.elsindical.com.ar\/notas\/?p=143828"},"modified":"2026-04-02T15:04:08","modified_gmt":"2026-04-02T18:04:08","slug":"pidieron-investigar-a-funcionarios-y-legisladores-de-lla-que-recibieron-creditos-del-banco-nacion","status":"publish","type":"post","link":"https:\/\/www.elsindical.com.ar\/notas\/pidieron-investigar-a-funcionarios-y-legisladores-de-lla-que-recibieron-creditos-del-banco-nacion\/","title":{"rendered":"Pidieron investigar a funcionarios y legisladores de LLA que recibieron cr\u00e9ditos del Banco Naci\u00f3n"},"content":{"rendered":"<div class=\"wp-block-image\">\n<figure class=\"aligncenter size-full\"><a href=\"https:\/\/www.elsindical.com.ar\/notas\/var\/www\/html\/notas\/wp-content\/uploads\/2026\/04\/Creditos-millonarios-Banco-Nacion-a-libertarios.jpg\"><img loading=\"lazy\" decoding=\"async\" width=\"681\" height=\"452\" src=\"https:\/\/www.elsindical.com.ar\/notas\/var\/www\/html\/notas\/wp-content\/uploads\/2026\/04\/Creditos-millonarios-Banco-Nacion-a-libertarios.jpg\" alt=\"\" class=\"wp-image-143829\" srcset=\"https:\/\/www.elsindical.com.ar\/notas\/var\/www\/html\/notas\/wp-content\/uploads\/2026\/04\/Creditos-millonarios-Banco-Nacion-a-libertarios.jpg 681w, https:\/\/www.elsindical.com.ar\/notas\/var\/www\/html\/notas\/wp-content\/uploads\/2026\/04\/Creditos-millonarios-Banco-Nacion-a-libertarios-300x199.jpg 300w\" sizes=\"auto, (max-width: 681px) 100vw, 681px\" \/><\/a><\/figure>\n<\/div>\n\n\n<p class=\"wp-block-paragraph\">Desde la oposici\u00f3n buscan conocer detalles de la operatoria y elevaron un pedido de informes. En el oficialismo descartaron irregularidades y advirtieron que \u201cen cualquier pa\u00eds la gente saca cr\u00e9ditos\u201d. En el Banco Naci\u00f3n aseguraron que hay l\u00edneas de pr\u00e9stamos disponibles para empleados del sector p\u00fablico.<\/p>\n\n\n\n<p class=\"wp-block-paragraph\">Un grupo de miembros del equipo econ\u00f3mico y legisladores oficialistas obtuvieron cr\u00e9ditos hipotecarios de hasta US$350.000 en el Banco Naci\u00f3n, la principal entidad p\u00fablica de la Argentina, y desde la oposici\u00f3n presentaron un pedido de informes para conocer detalles de la operatoria.<\/p>\n\n\n\n<p class=\"wp-block-paragraph\">Desde el banco p\u00fablico le aseguraron que se cumplieron los requisitos y descartaron cualquier tipo de irregularidad: \u201c<strong>No hay excepciones. El que califica, accede<\/strong>\u201d, manifestaron.<\/p>\n\n\n\n<p class=\"wp-block-paragraph\">El diputado socialista Esteban Paul\u00f3n present\u00f3 un pedido de informe al Poder Ejecutivo en el que solicita conocer la operatoria sobre gesti\u00f3n de <strong>cr\u00e9ditos otorgados a funcionarios pol\u00edticos <\/strong>y la responsabilidad de sus directores.<\/p>\n\n\n\n<p class=\"wp-block-paragraph\">El legislador en su presentaci\u00f3n solicit\u00f3 <strong>\u201cconocer los mecanismos de rendici\u00f3n de cuentas<\/strong> que utiliza el Poder Ejecutivo para evaluar el desempe\u00f1o de los directores que design\u00f3, mediante decreto\u00bb.<\/p>\n\n\n\n<p class=\"wp-block-paragraph\">\u201cEn particular detalle si existen indicadores o evaluaciones espec\u00edficas vinculadas a la gesti\u00f3n de la cartera crediticia y al cumplimiento de <strong>criterios de transparencia e igualdad en el acceso al cr\u00e9dito\u201d<\/strong>, plante\u00f3 Paul\u00f3n.<\/p>\n\n\n\n<p class=\"wp-block-paragraph\">El diputado tambi\u00e9n present\u00f3 un <strong>pedido de Informaci\u00f3n P\u00fablica al Banco Central <\/strong>de la Rep\u00fablica Argentina, vinculado al marco regulatorio y a las funciones de supervisi\u00f3n relativas al otorgamiento de cr\u00e9ditos por parte de entidades financieras p\u00fablicas, en particular del acceso al cr\u00e9dito por parte de funcionarios p\u00fablicos.<\/p>\n\n\n\n<p class=\"wp-block-paragraph\">Paul\u00f3n aclar\u00f3 que la solicitud \u201cse funda en el inter\u00e9s p\u00fablico comprometido en<strong> garantizar la transparencia en la asignaci\u00f3n de recursos financieros de car\u00e1cter p\u00fablico<\/strong>, as\u00ed como en la necesidad de prevenir y controlar eventuales situaciones de conflicto de inter\u00e9s, trato preferencial o uso indebido de informaci\u00f3n privilegiada en relaci\u00f3n con personas que ejercen funciones p\u00fablicas\u201d.<\/p>\n\n\n\n<h2 class=\"wp-block-heading\">La defensa de uno de los diputados que obtuvo un cr\u00e9dito hipotecario<\/h2>\n\n\n\n<p class=\"wp-block-paragraph\">Desde el oficialismo rechazaron los cuestionamientos y argumentaron que <strong>\u201cen cualquier pa\u00eds la gente saca cr\u00e9ditos<\/strong>\u201d. De este modo, buscaron bajarle el tono a la pol\u00e9mica y rechazaron las denuncias por presuntas irregularidades.<\/p>\n\n\n\n<p class=\"wp-block-paragraph\">Uno de los diputados nacionales que <strong>recibi\u00f3 un cr\u00e9dito hipotecario<\/strong> es el tucumano de La Libertad Avanza <strong>Mariano Campero, <\/strong>quien realiz\u00f3 un descargo en sus redes sociales. \u201cNunca me benefici\u00e9 con un cr\u00e9dito millonario del Banco Naci\u00f3n. Eso es malicioso\u201d, comenz\u00f3.<\/p>\n\n\n\n<p class=\"wp-block-paragraph\">Campero dijo que <strong>\u201cno se trata de un cr\u00e9dito discrecional ni excepcional,<\/strong> sino de una l\u00ednea hipotecaria en UVAs (Unidades de Valor Adquisitivo) abierta a cualquier ciudadano argentino que califique\u00bb.<\/p>\n\n\n\n<p class=\"wp-block-paragraph\">\u201cTanto el n\u00famero de cr\u00e9dito, como el banco que lo ha otorgado y la certificaci\u00f3n o documentaci\u00f3n respaldatoria son p\u00fablicos. <strong>Cualquiera puede verificarlo\u201d,<\/strong> agreg\u00f3.<\/p>\n\n\n\n<p class=\"wp-block-paragraph\">El legislador asegur\u00f3 que <strong>\u201cun pr\u00e9stamo hipotecario no es un privilegio pol\u00edtico\u201d <\/strong>y dijo que se trata de \u201cuna deuda que permite tener una casa al mismo precio de un alquiler\u201d.<\/p>\n\n\n\n<p class=\"wp-block-paragraph\"><strong>\u201cPero se paga a 20 o 30 a\u00f1os y con much\u00edsimo esfuerzo.<\/strong> Confundir un cr\u00e9dito hipotecario con un beneficio es intentar desinformar o no conocer c\u00f3mo funciona el sistema financiero\u201d, remarc\u00f3 Campero.<\/p>\n\n\n\n<p class=\"wp-block-paragraph\">En medio de las denuncias, el diputado dijo que no recibi\u00f3 \u201cning\u00fan beneficio pol\u00edtico\u201d y asegur\u00f3 que asumi\u00f3 \u201cuna deuda para darle una casa\u201d a su familia.<\/p>\n\n\n\n<p class=\"wp-block-paragraph\">En ese sentido, agreg\u00f3: \u201cPoseo un cr\u00e9dito hipotecario en UVAs (unidades de valor adquisitivo) que al momento de su obtenci\u00f3n \u2014mayo de 2025\u2014 era de<strong> $275 millones<\/strong>. Con ese dinero, compr\u00e9 nuestra primera vivienda familiar, en la ciudad de Yerba Buena\u00bb.<\/p>\n\n\n\n<p class=\"wp-block-paragraph\">\u201cAntes, alquil\u00e1bamos junto a mi mujer y mis tres hijos. Hoy, debido a que las UVAs actualizan conforme la inflaci\u00f3n, <strong>esa deuda asciende a $322 millones\u201d, <\/strong>explic\u00f3<strong>.<\/strong><\/p>\n\n\n\n<h2 class=\"wp-block-heading\">Cu\u00e1l es la normativa del Banco Naci\u00f3n<\/h2>\n\n\n\n<p class=\"wp-block-paragraph\">El Banco Naci\u00f3n, en su reglamentaci\u00f3n, se\u00f1ala que los cr\u00e9ditos para el sector p\u00fablico pueden solicitarlos personas del sector en relaci\u00f3n de dependencia, clientes pertenecientes a Empresas con Capital mayoritariamente estatal y empleados de las empresas pertenecientes al Grupo YPF, que cobren sus haberes a trav\u00e9s del Banco Naci\u00f3n.<\/p>\n\n\n\n<p class=\"wp-block-paragraph\">La edad l\u00edmite para la cancelaci\u00f3n de las obligaciones de los pr\u00e9stamos que se acuerden ser\u00e1 de 85 a\u00f1os inclusive.<\/p>\n\n\n\n<p class=\"wp-block-paragraph\">En todos los casos se admiten hasta dos usuarios titulares y hasta dos codeudores, quienes deber\u00e1n ser familiares directos (padres, hijos o hermanos) y cumplan con los requisitos correspondientes para la obtenci\u00f3n del presente cr\u00e9dito hipotecario.<\/p>\n\n\n\n<p class=\"wp-block-paragraph\"><\/p>\n","protected":false},"excerpt":{"rendered":"<p>Desde la oposici\u00f3n buscan conocer detalles de la operatoria y elevaron un pedido de informes. En el oficialismo descartaron irregularidades y advirtieron que \u201cen cualquier pa\u00eds la gente saca cr\u00e9ditos\u201d. En el Banco Naci\u00f3n aseguraron que hay l\u00edneas de pr\u00e9stamos disponibles para empleados del sector p\u00fablico. Un grupo de miembros del equipo econ\u00f3mico y legisladores&hellip;<\/p>\n","protected":false},"author":1,"featured_media":143829,"comment_status":"open","ping_status":"open","sticky":false,"template":"","format":"standard","meta":{"footnotes":""},"categories":[6,13],"tags":[42262,47098,2450,47099,47103,47100,47101,44914,43660,47102],"class_list":["post-143828","post","type-post","status-publish","format-standard","has-post-thumbnail","hentry","category-denuncias","category-politica","tag-alejandro-bongiovanni","tag-creditos-millonarios-banco-nacion","tag-diario-el-sindical","tag-federico-furiase","tag-federico-s-menem","tag-felipe-nunez","tag-juan-p-carreira","tag-lorena-villaverde","tag-mariano-campero","tag-santiago-santurio"],"_links":{"self":[{"href":"https:\/\/www.elsindical.com.ar\/notas\/wp-json\/wp\/v2\/posts\/143828","targetHints":{"allow":["GET"]}}],"collection":[{"href":"https:\/\/www.elsindical.com.ar\/notas\/wp-json\/wp\/v2\/posts"}],"about":[{"href":"https:\/\/www.elsindical.com.ar\/notas\/wp-json\/wp\/v2\/types\/post"}],"author":[{"embeddable":true,"href":"https:\/\/www.elsindical.com.ar\/notas\/wp-json\/wp\/v2\/users\/1"}],"replies":[{"embeddable":true,"href":"https:\/\/www.elsindical.com.ar\/notas\/wp-json\/wp\/v2\/comments?post=143828"}],"version-history":[{"count":1,"href":"https:\/\/www.elsindical.com.ar\/notas\/wp-json\/wp\/v2\/posts\/143828\/revisions"}],"predecessor-version":[{"id":143830,"href":"https:\/\/www.elsindical.com.ar\/notas\/wp-json\/wp\/v2\/posts\/143828\/revisions\/143830"}],"wp:featuredmedia":[{"embeddable":true,"href":"https:\/\/www.elsindical.com.ar\/notas\/wp-json\/wp\/v2\/media\/143829"}],"wp:attachment":[{"href":"https:\/\/www.elsindical.com.ar\/notas\/wp-json\/wp\/v2\/media?parent=143828"}],"wp:term":[{"taxonomy":"category","embeddable":true,"href":"https:\/\/www.elsindical.com.ar\/notas\/wp-json\/wp\/v2\/categories?post=143828"},{"taxonomy":"post_tag","embeddable":true,"href":"https:\/\/www.elsindical.com.ar\/notas\/wp-json\/wp\/v2\/tags?post=143828"}],"curies":[{"name":"wp","href":"https:\/\/api.w.org\/{rel}","templated":true}]}}