{"id":143716,"date":"2026-03-29T16:34:41","date_gmt":"2026-03-29T19:34:41","guid":{"rendered":"https:\/\/www.elsindical.com.ar\/notas\/?p=143716"},"modified":"2026-03-29T17:05:41","modified_gmt":"2026-03-29T20:05:41","slug":"repudio-mundial-contra-israel-por-el-cobarde-asesinato-de-periodistas-en-el-libano","status":"publish","type":"post","link":"https:\/\/www.elsindical.com.ar\/notas\/repudio-mundial-contra-israel-por-el-cobarde-asesinato-de-periodistas-en-el-libano\/","title":{"rendered":"Repudio mundial contra Israel por el cobarde asesinato de periodistas en el L\u00edbano"},"content":{"rendered":"<div class=\"wp-block-image\">\n<figure class=\"aligncenter size-full\"><a href=\"https:\/\/www.elsindical.com.ar\/notas\/var\/www\/html\/notas\/wp-content\/uploads\/2026\/03\/periodistas-asesinados-en-el-Libano.jpg\"><img loading=\"lazy\" decoding=\"async\" width=\"822\" height=\"521\" src=\"https:\/\/www.elsindical.com.ar\/notas\/var\/www\/html\/notas\/wp-content\/uploads\/2026\/03\/periodistas-asesinados-en-el-Libano.jpg\" alt=\"\" class=\"wp-image-143717\" srcset=\"https:\/\/www.elsindical.com.ar\/notas\/var\/www\/html\/notas\/wp-content\/uploads\/2026\/03\/periodistas-asesinados-en-el-Libano.jpg 822w, https:\/\/www.elsindical.com.ar\/notas\/var\/www\/html\/notas\/wp-content\/uploads\/2026\/03\/periodistas-asesinados-en-el-Libano-300x190.jpg 300w, https:\/\/www.elsindical.com.ar\/notas\/var\/www\/html\/notas\/wp-content\/uploads\/2026\/03\/periodistas-asesinados-en-el-Libano-768x487.jpg 768w\" sizes=\"auto, (max-width: 822px) 100vw, 822px\" \/><\/a><\/figure>\n<\/div>\n\n\n<p class=\"wp-block-paragraph\">\u200bLa Uni\u00f3n Mundial de Prensa calific\u00f3 la muerte de los comunicadores de Al Mayadeen y Al Manar como un intento sistem\u00e1tico de \u00abmatar la verdad\u00bb.<\/p>\n\n\n\n<p class=\"wp-block-paragraph\">Una ola de indignaci\u00f3n global recorre la <strong>comunidad period\u00edstica y pol\u00edtica <\/strong>tras el asesinato de<strong> tres profesionales de la comunicaci\u00f3n en el sur del L\u00edbano<\/strong>, v\u00edctimas de un ataque con drones perpetrado por el ej\u00e9rcito israel\u00ed el pasado 28 de marzo.<\/p>\n\n\n\n<p class=\"wp-block-paragraph\"><strong>La periodista Fatima Ftouni y el camar\u00f3grafo Mohammad Ftouni, de la red Al Mayadeen, junto al corresponsal Ali Choeib, de Al Manar, \u00abcayeron m\u00e1rtires en el camino de la palabra libre\u00bb<\/strong>, denunciaron organizaciones internacionales.<\/p>\n\n\n\n<p class=\"wp-block-paragraph\">La <strong>Uni\u00f3n Mundial de Prensa, Medios y Medios Electr\u00f3nicos<\/strong> conden\u00f3 en\u00e9rgicamente este \u00abcrimen atroz\u00bb, subrayando que el ataque contra periodistas plenamente identificados con sus distintivos profesionales <strong>constituye una violaci\u00f3n flagrante de las convenciones internacionales.<\/strong><\/p>\n\n\n\n<p class=\"wp-block-paragraph\">\u200bSeg\u00fan la organizaci\u00f3n, <strong>este hecho no es aislado<\/strong>, sino que forma parte de una <strong>pol\u00edtica sistem\u00e1tica de intimidaci\u00f3n <\/strong>que ya ha cobrado vidas de informadores en <strong>Gaza, L\u00edbano e Ir\u00e1n.&nbsp;<\/strong><\/p>\n\n\n\n<p class=\"wp-block-paragraph\"><strong>\u00abEs un intento de silenciar las voces que exponen los cr\u00edmenes de la ocupaci\u00f3n\u00bb<\/strong>, afirm\u00f3 la entidad, instando a una investigaci\u00f3n internacional inmediata para que los dirigentes israel\u00edes <strong>rindan cuentas por cr\u00edmenes de guerra.<\/strong><\/p>\n\n\n\n<figure class=\"wp-block-embed is-type-video is-provider-youtube wp-block-embed-youtube wp-embed-aspect-16-9 wp-has-aspect-ratio\"><div class=\"wp-block-embed__wrapper\">\n<iframe loading=\"lazy\" title=\"Repudio mundial a Israel por el asesinato de periodistas en el L\u00edbano\" width=\"700\" height=\"394\" src=\"https:\/\/www.youtube.com\/embed\/0K7erMpck0g?feature=oembed\" frameborder=\"0\" allow=\"accelerometer; autoplay; clipboard-write; encrypted-media; gyroscope; picture-in-picture; web-share\" referrerpolicy=\"strict-origin-when-cross-origin\" allowfullscreen><\/iframe>\n<\/div><\/figure>\n","protected":false},"excerpt":{"rendered":"<p>\u200bLa Uni\u00f3n Mundial de Prensa calific\u00f3 la muerte de los comunicadores de Al Mayadeen y Al Manar como un intento sistem\u00e1tico de \u00abmatar la verdad\u00bb. Una ola de indignaci\u00f3n global recorre la comunidad period\u00edstica y pol\u00edtica tras el asesinato de tres profesionales de la comunicaci\u00f3n en el sur del L\u00edbano, v\u00edctimas de un ataque con&hellip;<\/p>\n","protected":false},"author":1,"featured_media":143717,"comment_status":"open","ping_status":"open","sticky":false,"template":"","format":"standard","meta":{"footnotes":""},"categories":[18],"tags":[47058,2450,47059,3529,4465,3528,41996,47056,47057],"class_list":["post-143716","post","type-post","status-publish","format-standard","has-post-thumbnail","hentry","category-internacionales","tag-choeib-de-al-manar","tag-diario-el-sindical","tag-fatima-ftouni","tag-gaza","tag-iran","tag-israel","tag-libano","tag-mohammad-ftouni","tag-red-al-mayadeen"],"_links":{"self":[{"href":"https:\/\/www.elsindical.com.ar\/notas\/wp-json\/wp\/v2\/posts\/143716","targetHints":{"allow":["GET"]}}],"collection":[{"href":"https:\/\/www.elsindical.com.ar\/notas\/wp-json\/wp\/v2\/posts"}],"about":[{"href":"https:\/\/www.elsindical.com.ar\/notas\/wp-json\/wp\/v2\/types\/post"}],"author":[{"embeddable":true,"href":"https:\/\/www.elsindical.com.ar\/notas\/wp-json\/wp\/v2\/users\/1"}],"replies":[{"embeddable":true,"href":"https:\/\/www.elsindical.com.ar\/notas\/wp-json\/wp\/v2\/comments?post=143716"}],"version-history":[{"count":2,"href":"https:\/\/www.elsindical.com.ar\/notas\/wp-json\/wp\/v2\/posts\/143716\/revisions"}],"predecessor-version":[{"id":143719,"href":"https:\/\/www.elsindical.com.ar\/notas\/wp-json\/wp\/v2\/posts\/143716\/revisions\/143719"}],"wp:featuredmedia":[{"embeddable":true,"href":"https:\/\/www.elsindical.com.ar\/notas\/wp-json\/wp\/v2\/media\/143717"}],"wp:attachment":[{"href":"https:\/\/www.elsindical.com.ar\/notas\/wp-json\/wp\/v2\/media?parent=143716"}],"wp:term":[{"taxonomy":"category","embeddable":true,"href":"https:\/\/www.elsindical.com.ar\/notas\/wp-json\/wp\/v2\/categories?post=143716"},{"taxonomy":"post_tag","embeddable":true,"href":"https:\/\/www.elsindical.com.ar\/notas\/wp-json\/wp\/v2\/tags?post=143716"}],"curies":[{"name":"wp","href":"https:\/\/api.w.org\/{rel}","templated":true}]}}