{"id":14367,"date":"2011-05-20T10:33:30","date_gmt":"2011-05-20T13:33:30","guid":{"rendered":"http:\/\/www.elsindical.com.ar\/notas\/?p=14367"},"modified":"2011-05-20T10:33:30","modified_gmt":"2011-05-20T13:33:30","slug":"la-mitad-de-los-adolescentes-de-15-anos-no-comprende-lo-que-lee","status":"publish","type":"post","link":"https:\/\/www.elsindical.com.ar\/notas\/la-mitad-de-los-adolescentes-de-15-anos-no-comprende-lo-que-lee\/","title":{"rendered":"La mitad de los adolescentes de 15 a\u00f1os no comprende lo que lee"},"content":{"rendered":"<p style=\"text-align: justify;\"><em><a href=\"http:\/\/www.elsindical.com.ar\/notas\/var\/www\/html\/notas\/wp-content\/uploads\/2011\/05\/Manuel-\u00c1lvarez-Trong\u00e9.jpg\"><img loading=\"lazy\" decoding=\"async\" class=\"alignleft size-full wp-image-14368\" title=\"Manuel-\u00c1lvarez-Trong\u00e9\" src=\"http:\/\/www.elsindical.com.ar\/notas\/var\/www\/html\/notas\/wp-content\/uploads\/2011\/05\/Manuel-\u00c1lvarez-Trong\u00e9.jpg\" alt=\"\" width=\"295\" height=\"221\" \/><\/a>El presidente de la Asociaci\u00f3n Civil Educar 2050, <strong>Manuel \u00c1lvarez Trong\u00e9 <\/strong>(foto), resalt\u00f3 en <strong>Radio 10<\/strong> que ese es uno de los problemas m\u00e1s graves que tiene la Argentina. Destac\u00f3 que el pa\u00eds\u00a0<strong>\u00abest\u00e1 cada vez peor\u00bb<\/strong>\u00a0en materia educativa y advirti\u00f3 que\u00a0la responsabilidad\u00a0<strong>no es del Gobierno \u00absino de todos nosotros<\/strong>\u00ab.<\/em><\/p>\n<p style=\"text-align: justify;\">El especialista educativo resalt\u00f3 que el dato que revel\u00f3 que <strong>la mitad de los adolescentes de 15 a\u00f1os no entiende lo que lee<\/strong> surgi\u00f3 del conocido informe PISA (Programa Internacional de Evaluaci\u00f3n de Alumnos) de 2009, que elaborala OCDE cada tres a\u00f1os, y <strong>reconoci\u00f3 que ese resultado no fue debidamente expuesto para su an\u00e1lisis.<\/strong><\/p>\n<p style=\"text-align: justify;\"><strong>\u00abLa realidad es la que nos golpea y nos da estos datos tan tristes\u00bb<\/strong>, sostuvo \u00c1lvarez Trong\u00e9 en una entrevista con Marcelo Longobardi en el programa <em>Cada Ma\u00f1ana<\/em> de <strong>Radio 10<\/strong>. Esto lo llev\u00f3 a afirmar que <strong>en la\u00a0Argentina la calidad\u00a0educativa \u00abno es buena\u00bb.<\/strong><\/p>\n<p style=\"text-align: justify;\"><strong>De 75 pa\u00edses evaluados, el pa\u00eds se ubica hoy en la posici\u00f3n 58<\/strong>. \u00abEstamos en las \u00faltimas posiciones de la tabla, y pocos lo saben\u00bb, alert\u00f3 el titular del proyecto <em>Educar 2050<\/em>. Seg\u00fan compar\u00f3, mientras que en materia futbol\u00edstica la Selecci\u00f3n de f\u00fatbol finaliz\u00f3 quinta el \u00faltimo Mundial, <strong>en calidad educativa \u00ablos resultados nos dan mal\u00bb.<\/strong><\/p>\n<p style=\"text-align: justify;\">As\u00ed, el pa\u00eds se encuentra <strong>por debajo de Cuba, Chile, M\u00e9xico, Brasil, Uruguay y Colombia.<\/strong><\/p>\n<p style=\"text-align: justify;\">\u00abDesde el a\u00f1o 2000, que es cuando comienzan a tomar estos ex\u00e1menes, hasta 2009, es decir en una decada, <strong>la Argentina est\u00e1 cada vez peor\u00bb<\/strong>, afirm\u00f3 \u00c1lvarez Trong\u00e9.<\/p>\n<p style=\"text-align: justify;\">El hecho de que el pa\u00eds se califique con tan pobre nivel educativo <strong>significa que los adolescentes de hoy no estar\u00edan capacitados para afrontar los problemas futuros, tanto a nivel formativo como laboral y c\u00edvico<\/strong>.<\/p>\n<p style=\"text-align: justify;\">Incluso, advirti\u00f3 que de ese 50% de menores que no comprende lo que lee existe un \u00ab11% de chicos argentinos evaluados que ni entran en la evaluaci\u00f3n, es decir que <strong>ni entran en las categor\u00edas\u00bb<\/strong>. Este grupo fue calificado dentro del <strong>nivel \u00ab1b\u00bb, alumnos cuyo rendimiento PISA es incapaz de explicar o ubicar<\/strong>.<\/p>\n<p style=\"text-align: justify;\">Seg\u00fan dijo el experto, <strong>los responsables de esta situaci\u00f3n no son s\u00f3lo las autoridades educativas nacionales o provinciales.<\/strong><\/p>\n<p style=\"text-align: justify;\">\u00abHay esfuerzos desde el Gobierno y desde los gobiernos provinciales por la calidad educativa. (Pero) pese a los enormes esfuerzos que se han hecho, y que hay m\u00e1s inversi\u00f3n en educaci\u00f3n, <strong>los resultados nos dan mal. Esto no es un problema de un gobierno argentino, es un problema de todos nosotros\u00bb<\/strong>, opin\u00f3.<\/p>\n<p style=\"text-align: justify;\">Frente a esta situaci\u00f3n, \u00c1lvarez Trong\u00e9 present\u00f3 en <strong>Radio 10<\/strong> <em>Educar 2050<\/em>. \u00abEs un <strong>proyecto a largo plazo<\/strong> que pretende <strong>mejorar la educaci\u00f3n de nuestro pa\u00eds<\/strong> de una forma muy sencilla, en la pr\u00e1ctica y en la teor\u00eda, <strong>con la educaci\u00f3n como herramienta para salir de la pobreza\u00bb<\/strong>, explic\u00f3.<\/p>\n<p style=\"text-align: justify;\">\u00abNos dimos cuenta que <strong>tenemos un problema enorme como pa\u00eds<\/strong>, que estamos anestesiados, que no estamos viendo un problema que hoy tenemos y estamos discutiendo otras cosas\u00bb, opin\u00f3, al tiempo que agreg\u00f3: <strong>\u00abLa realidad es que si tenemos m\u00e1s de un 50% de los chicos que no saben leer bien, \u00bfcu\u00e1l es el futuro que tenemos como Argentina?\u00bb.<\/strong><\/p>\n","protected":false},"excerpt":{"rendered":"<p>El presidente de la Asociaci\u00f3n Civil Educar 2050, Manuel \u00c1lvarez Trong\u00e9 (foto), resalt\u00f3 en Radio 10 que ese es uno de los problemas m\u00e1s graves que tiene la Argentina. Destac\u00f3 que el pa\u00eds\u00a0\u00abest\u00e1 cada vez peor\u00bb\u00a0en materia educativa y advirti\u00f3 que\u00a0la responsabilidad\u00a0no es del Gobierno \u00absino de todos nosotros\u00ab. El especialista educativo resalt\u00f3 que el&hellip;<\/p>\n","protected":false},"author":1,"featured_media":0,"comment_status":"open","ping_status":"open","sticky":false,"template":"","format":"standard","meta":{"footnotes":""},"categories":[5],"tags":[99,6936,6937,6938,6935,6940,6939],"class_list":["post-14367","post","type-post","status-publish","format-standard","hentry","category-cultura","tag-chicos","tag-comprension","tag-educar","tag-futuro","tag-lectura","tag-problemas","tag-textos"],"_links":{"self":[{"href":"https:\/\/www.elsindical.com.ar\/notas\/wp-json\/wp\/v2\/posts\/14367","targetHints":{"allow":["GET"]}}],"collection":[{"href":"https:\/\/www.elsindical.com.ar\/notas\/wp-json\/wp\/v2\/posts"}],"about":[{"href":"https:\/\/www.elsindical.com.ar\/notas\/wp-json\/wp\/v2\/types\/post"}],"author":[{"embeddable":true,"href":"https:\/\/www.elsindical.com.ar\/notas\/wp-json\/wp\/v2\/users\/1"}],"replies":[{"embeddable":true,"href":"https:\/\/www.elsindical.com.ar\/notas\/wp-json\/wp\/v2\/comments?post=14367"}],"version-history":[{"count":1,"href":"https:\/\/www.elsindical.com.ar\/notas\/wp-json\/wp\/v2\/posts\/14367\/revisions"}],"predecessor-version":[{"id":14369,"href":"https:\/\/www.elsindical.com.ar\/notas\/wp-json\/wp\/v2\/posts\/14367\/revisions\/14369"}],"wp:attachment":[{"href":"https:\/\/www.elsindical.com.ar\/notas\/wp-json\/wp\/v2\/media?parent=14367"}],"wp:term":[{"taxonomy":"category","embeddable":true,"href":"https:\/\/www.elsindical.com.ar\/notas\/wp-json\/wp\/v2\/categories?post=14367"},{"taxonomy":"post_tag","embeddable":true,"href":"https:\/\/www.elsindical.com.ar\/notas\/wp-json\/wp\/v2\/tags?post=14367"}],"curies":[{"name":"wp","href":"https:\/\/api.w.org\/{rel}","templated":true}]}}