{"id":143654,"date":"2026-03-26T19:05:29","date_gmt":"2026-03-26T22:05:29","guid":{"rendered":"https:\/\/www.elsindical.com.ar\/notas\/?p=143654"},"modified":"2026-03-26T19:05:34","modified_gmt":"2026-03-26T22:05:34","slug":"jubilados-del-ips-la-novedad-clave-que-simplifica-tramites-y-mejora-la-atencion-en-2026","status":"publish","type":"post","link":"https:\/\/www.elsindical.com.ar\/notas\/jubilados-del-ips-la-novedad-clave-que-simplifica-tramites-y-mejora-la-atencion-en-2026\/","title":{"rendered":"Jubilados del IPS: la novedad clave que simplifica tr\u00e1mites y mejora la atenci\u00f3n en 2026"},"content":{"rendered":"<div class=\"wp-block-image\">\n<figure class=\"aligncenter size-full\"><a href=\"https:\/\/www.elsindical.com.ar\/notas\/var\/www\/html\/notas\/wp-content\/uploads\/2026\/03\/jubilados-IPC.jpg\"><img loading=\"lazy\" decoding=\"async\" width=\"700\" height=\"391\" src=\"https:\/\/www.elsindical.com.ar\/notas\/var\/www\/html\/notas\/wp-content\/uploads\/2026\/03\/jubilados-IPC.jpg\" alt=\"\" class=\"wp-image-143655\" srcset=\"https:\/\/www.elsindical.com.ar\/notas\/var\/www\/html\/notas\/wp-content\/uploads\/2026\/03\/jubilados-IPC.jpg 700w, https:\/\/www.elsindical.com.ar\/notas\/var\/www\/html\/notas\/wp-content\/uploads\/2026\/03\/jubilados-IPC-300x168.jpg 300w\" sizes=\"auto, (max-width: 700px) 100vw, 700px\" \/><\/a><\/figure>\n<\/div>\n\n\n<p class=\"wp-block-paragraph\">El Instituto de Previsi\u00f3n Social anunci\u00f3 una mejora clave que simplifica tr\u00e1mites y acerca la atenci\u00f3n a los jubilados bonaerenses. La medida busca reducir traslados, agilizar gestiones y mejorar la calidad de vida de miles de beneficiarios.<\/p>\n\n\n\n<p class=\"wp-block-paragraph\">Miles de <strong>jubilados y pensionados<\/strong> bonaerenses recibieron una noticia largamente esperada por parte del <strong>Instituto de Previsi\u00f3n Social (IPS)<\/strong>. En l\u00ednea con su plan de modernizaci\u00f3n y cercan\u00eda territorial, el organismo confirm\u00f3 una <strong>importante ampliaci\u00f3n en su red de atenci\u00f3n<\/strong>, una medida que promete facilitar tr\u00e1mites, reducir traslados y mejorar la experiencia de quienes dependen del sistema previsional provincial.<\/p>\n\n\n\n<p class=\"wp-block-paragraph\">La decisi\u00f3n impacta de forma directa en jubilados, pensionados y futuros beneficiarios que, hasta ahora, deb\u00edan viajar largas distancias para realizar gestiones presenciales. Con este cambio, el IPS apuesta por un esquema m\u00e1s accesible, \u00e1gil y equitativo en toda la provincia de Buenos Aires.<\/p>\n\n\n\n<h2 class=\"wp-block-heading\">Qu\u00e9 anunci\u00f3 el IPS y por qu\u00e9 es tan importante para los jubilados<\/h2>\n\n\n\n<p class=\"wp-block-paragraph\">El IPS confirm\u00f3 la <strong>apertura de una nueva oficina de atenci\u00f3n presencial en la localidad de Am\u00e9rica<\/strong>, una zona estrat\u00e9gica del interior bonaerense. La medida forma parte de una pol\u00edtica sostenida de <strong>descentralizaci\u00f3n<\/strong>, pensada para acercar el Estado a los ciudadanos y descomprimir otras sedes con alta demanda.<\/p>\n\n\n\n<p class=\"wp-block-paragraph\">Gracias a esta nueva dependencia, los beneficiarios podr\u00e1n realizar <strong>consultas, iniciar tr\u00e1mites jubilatorios, presentar documentaci\u00f3n, hacer seguimientos de expedientes y recibir asesoramiento personalizado<\/strong> sin necesidad de trasladarse a ciudades m\u00e1s grandes.<\/p>\n\n\n\n<p class=\"wp-block-paragraph\">Para muchos adultos mayores, este punto resulta clave: menos viajes, menos gastos y menor desgaste f\u00edsico, especialmente en contextos donde el acceso al transporte puede ser limitado.<\/p>\n\n\n\n<h2 class=\"wp-block-heading\">Un IPS m\u00e1s moderno, cercano y digital<\/h2>\n\n\n\n<p class=\"wp-block-paragraph\">Adem\u00e1s de sumar puntos de atenci\u00f3n f\u00edsica, el IPS viene reforzando su estrategia de <strong>digitalizaci\u00f3n de tr\u00e1mites<\/strong>, algo que en los \u00faltimos a\u00f1os se volvi\u00f3 fundamental. Actualmente, el organismo permite gestionar m\u00faltiples procedimientos de manera online, lo que incluye la consulta de expedientes, solicitudes y seguimiento del estado de los beneficios.<\/p>\n\n\n\n<p class=\"wp-block-paragraph\">Esta combinaci\u00f3n entre <strong>presencialidad cercana y servicios digitales<\/strong> busca garantizar que todos los afiliados, independientemente de su lugar de residencia, puedan acceder a sus derechos previsionales de manera simple y segura.<\/p>\n\n\n\n<p class=\"wp-block-paragraph\">Desde el organismo destacan que el objetivo es <strong>acortar tiempos<\/strong>, evitar intermediarios y ofrecer informaci\u00f3n clara en cada etapa del proceso jubilatorio.<\/p>\n\n\n\n<h2 class=\"wp-block-heading\">A qui\u00e9nes beneficia esta medida<\/h2>\n\n\n\n<p class=\"wp-block-paragraph\">La apertura de esta nueva oficina no solo favorece a jubilados y pensionados actuales, sino tambi\u00e9n a:<\/p>\n\n\n\n<ul class=\"wp-block-list\">\n<li>Personas pr\u00f3ximas a iniciar su jubilaci\u00f3n<\/li>\n\n\n\n<li>Beneficiarios de pensiones<\/li>\n\n\n\n<li>Afiliados que necesitan regularizar documentaci\u00f3n<\/li>\n\n\n\n<li>Familias que realizan tr\u00e1mites previsionales<\/li>\n<\/ul>\n\n\n\n<p class=\"wp-block-paragraph\">De esta manera, el IPS refuerza su rol como uno de los pilares del sistema de seguridad social bonaerense, con presencia real en el territorio.<\/p>\n\n\n\n<h2 class=\"wp-block-heading\">Fechas de cobro IPS: calendario confirmado para marzo 2026<\/h2>\n\n\n\n<p class=\"wp-block-paragraph\">Junto con este anuncio, el Instituto de Previsi\u00f3n Social tambi\u00e9n ratific\u00f3 el <strong>calendario oficial de pagos correspondiente a marzo de 2026<\/strong>, una informaci\u00f3n clave para la planificaci\u00f3n financiera de los jubilados.<\/p>\n\n\n\n<ul class=\"wp-block-list\">\n<li><strong>Lunes 30 de marzo<\/strong>: cobran jubilados y pensionados con DNI terminados en 0, 1, 2 y 3, adem\u00e1s de pensiones sociales no contributivas.<\/li>\n\n\n\n<li><strong>Martes 31 de marzo<\/strong>: cobran quienes tengan DNI finalizados en 4, 5, 6, 7, 8 y 9.<\/li>\n<\/ul>\n\n\n\n<p class=\"wp-block-paragraph\">Desde el organismo tambi\u00e9n informaron que la <strong>fecha l\u00edmite para el cobro por ventanilla ser\u00e1 el 23 de abril de 2026<\/strong>, brindando un margen importante para quienes no puedan concurrir en la fecha asignada.<\/p>\n\n\n\n<h2 class=\"wp-block-heading\">Un cambio que mejora la calidad de vida<\/h2>\n\n\n\n<p class=\"wp-block-paragraph\">Esta novedad representa mucho m\u00e1s que una simple inauguraci\u00f3n: es un paso concreto hacia un <strong>sistema previsional m\u00e1s humano, accesible y eficiente<\/strong>. Para miles de jubilados del interior bonaerense, contar con una oficina m\u00e1s cerca significa ganar tiempo, tranquilidad y autonom\u00eda.<\/p>\n\n\n\n<p class=\"wp-block-paragraph\">Con esta medida, el IPS reafirma su compromiso de seguir ampliando derechos y adapt\u00e1ndose a las necesidades reales de sus beneficiarios.<\/p>\n","protected":false},"excerpt":{"rendered":"<p>El Instituto de Previsi\u00f3n Social anunci\u00f3 una mejora clave que simplifica tr\u00e1mites y acerca la atenci\u00f3n a los jubilados bonaerenses. La medida busca reducir traslados, agilizar gestiones y mejorar la calidad de vida de miles de beneficiarios. Miles de jubilados y pensionados bonaerenses recibieron una noticia largamente esperada por parte del Instituto de Previsi\u00f3n Social&hellip;<\/p>\n","protected":false},"author":1,"featured_media":143655,"comment_status":"open","ping_status":"open","sticky":false,"template":"","format":"standard","meta":{"footnotes":""},"categories":[25],"tags":[2450,22023,25901,7400,4910,22032],"class_list":["post-143654","post","type-post","status-publish","format-standard","has-post-thumbnail","hentry","category-sociedad","tag-diario-el-sindical","tag-economia","tag-ipc","tag-ips","tag-jubilados","tag-sociedad"],"_links":{"self":[{"href":"https:\/\/www.elsindical.com.ar\/notas\/wp-json\/wp\/v2\/posts\/143654","targetHints":{"allow":["GET"]}}],"collection":[{"href":"https:\/\/www.elsindical.com.ar\/notas\/wp-json\/wp\/v2\/posts"}],"about":[{"href":"https:\/\/www.elsindical.com.ar\/notas\/wp-json\/wp\/v2\/types\/post"}],"author":[{"embeddable":true,"href":"https:\/\/www.elsindical.com.ar\/notas\/wp-json\/wp\/v2\/users\/1"}],"replies":[{"embeddable":true,"href":"https:\/\/www.elsindical.com.ar\/notas\/wp-json\/wp\/v2\/comments?post=143654"}],"version-history":[{"count":1,"href":"https:\/\/www.elsindical.com.ar\/notas\/wp-json\/wp\/v2\/posts\/143654\/revisions"}],"predecessor-version":[{"id":143656,"href":"https:\/\/www.elsindical.com.ar\/notas\/wp-json\/wp\/v2\/posts\/143654\/revisions\/143656"}],"wp:featuredmedia":[{"embeddable":true,"href":"https:\/\/www.elsindical.com.ar\/notas\/wp-json\/wp\/v2\/media\/143655"}],"wp:attachment":[{"href":"https:\/\/www.elsindical.com.ar\/notas\/wp-json\/wp\/v2\/media?parent=143654"}],"wp:term":[{"taxonomy":"category","embeddable":true,"href":"https:\/\/www.elsindical.com.ar\/notas\/wp-json\/wp\/v2\/categories?post=143654"},{"taxonomy":"post_tag","embeddable":true,"href":"https:\/\/www.elsindical.com.ar\/notas\/wp-json\/wp\/v2\/tags?post=143654"}],"curies":[{"name":"wp","href":"https:\/\/api.w.org\/{rel}","templated":true}]}}