{"id":143641,"date":"2026-03-25T19:31:07","date_gmt":"2026-03-25T22:31:07","guid":{"rendered":"https:\/\/www.elsindical.com.ar\/notas\/?p=143641"},"modified":"2026-03-25T19:31:12","modified_gmt":"2026-03-25T22:31:12","slug":"no-tengo-nada-que-esconder-dijo-adorni-al-retomar-las-conferencias-de-prensa","status":"publish","type":"post","link":"https:\/\/www.elsindical.com.ar\/notas\/no-tengo-nada-que-esconder-dijo-adorni-al-retomar-las-conferencias-de-prensa\/","title":{"rendered":"\u201cNo tengo nada que esconder\u201d, dijo Adorni al retomar las conferencias de prensa"},"content":{"rendered":"<div class=\"wp-block-image\">\n<figure class=\"aligncenter size-full\"><a href=\"https:\/\/www.elsindical.com.ar\/notas\/var\/www\/html\/notas\/wp-content\/uploads\/2026\/03\/Adorni-marzo-2026.jpg\"><img loading=\"lazy\" decoding=\"async\" width=\"700\" height=\"394\" src=\"https:\/\/www.elsindical.com.ar\/notas\/var\/www\/html\/notas\/wp-content\/uploads\/2026\/03\/Adorni-marzo-2026.jpg\" alt=\"\" class=\"wp-image-143642\" srcset=\"https:\/\/www.elsindical.com.ar\/notas\/var\/www\/html\/notas\/wp-content\/uploads\/2026\/03\/Adorni-marzo-2026.jpg 700w, https:\/\/www.elsindical.com.ar\/notas\/var\/www\/html\/notas\/wp-content\/uploads\/2026\/03\/Adorni-marzo-2026-300x169.jpg 300w, https:\/\/www.elsindical.com.ar\/notas\/var\/www\/html\/notas\/wp-content\/uploads\/2026\/03\/Adorni-marzo-2026-460x260.jpg 460w\" sizes=\"auto, (max-width: 700px) 100vw, 700px\" \/><\/a><\/figure>\n<\/div>\n\n\n<p class=\"wp-block-paragraph\">El jefe de Gabinete, Manuel Adorni, reiter\u00f3 su defensa por los viajes. Desde hac\u00eda semanas que no hablaba en conferencia de prensa.<\/p>\n\n\n\n<p class=\"wp-block-paragraph\">El <strong>jefe de Gabinete, Manuel Adorni<\/strong>, afirm\u00f3 que no tiene nada que esconder y asegur\u00f3 que se puso a disposici\u00f3n de la Justicia. As\u00ed lo expres\u00f3 en conferencia de prensa en relaci\u00f3n con el viaje a Nueva York con su esposa y otro en avi\u00f3n privado a Punta del Este.<\/p>\n\n\n\n<p class=\"wp-block-paragraph\">\u201cMi patrimonio lo constru\u00ed antes de entrar al Gobierno. <strong>No tengo nada que esconder. Estamos poniendo a disposici\u00f3n de la justicia y los organismos de control correspondientes toda la informaci\u00f3n<\/strong> que necesiten\u201d, dijo Adorni.<\/p>\n\n\n\n<p class=\"wp-block-paragraph\">Adorni retom\u00f3 este mi\u00e9rcoles las conferencias de prensa, con el objetivo de retomar la agenda y dejar atr\u00e1s los cuestionamientos, pero hoy tuvo que dar algunas respuestas que venia negando. Hizo, en este marco, dos aclaraciones a la prensa: <strong>\u201cNo sos juez, sos periodista\u201d y \u201cCon mi plata hago lo que quiero\u201d<\/strong>.<\/p>\n\n\n\n<p class=\"wp-block-paragraph\"><strong>Neg\u00f3 haber recibido d\u00e1divas<\/strong> y aclar\u00f3 que el viaje a Uruguay lo pag\u00f3 de su bolsillo. Lo afirm\u00f3 luego de que trascendiera que eso fue abonado por la productora de Marcelo Grand\u00edo, que tiene contrato en TV P\u00fablica y que el mismo Adorni firm\u00f3.<\/p>\n\n\n\n<p class=\"wp-block-paragraph\"><strong>En un intento de frenar las cr\u00edticas, Adorni apunt\u00f3 contra gobiernos anteriores.<\/strong> Sostuvo que \u201cno son lo mismo que los que estuvieron antes y la gente lo sabe\u201d y asegur\u00f3 que no va a permitir que le den \u201cclases de \u00e9tica\u201d aquellos que \u201cviven del Estado desde que nacieron\u201d o &nbsp;\u201clos que se robaron un PBI\u201d.&nbsp; \u201cParece que nos olvidamos que vivimos en un pa\u00eds en el que&nbsp;un secretario de Obras P\u00fablicas revoleaba bolsos con plata y armas\u201d, concluy\u00f3.<\/p>\n\n\n\n<p class=\"wp-block-paragraph\"><strong>Varios ministros, entre ellos Federico Turzenegger (Modernizaci\u00f3n) y Luis Caputo (Econom\u00eda), acompa\u00f1aron a Adorni<\/strong> en la rueda de prensa, y m\u00e1s tarde poste\u00f3 una foto con ellos bajo la leyenda: \u201cGran equipo, contra todo. Fin\u201d.<\/p>\n\n\n\n<figure class=\"wp-block-embed is-type-rich is-provider-twitter wp-block-embed-twitter\"><div class=\"wp-block-embed__wrapper\">\n<blockquote class=\"twitter-tweet\" data-width=\"550\" data-dnt=\"true\"><p lang=\"es\" dir=\"ltr\">Gran equipo, contra todo. Fin. <a href=\"https:\/\/t.co\/0nDzAmBbDn\">pic.twitter.com\/0nDzAmBbDn<\/a><\/p>&mdash; Manuel Adorni (@madorni) <a href=\"https:\/\/twitter.com\/madorni\/status\/2036806960276733989?ref_src=twsrc%5Etfw\">March 25, 2026<\/a><\/blockquote><script async src=\"https:\/\/platform.twitter.com\/widgets.js\" charset=\"utf-8\"><\/script>\n<\/div><\/figure>\n","protected":false},"excerpt":{"rendered":"<p>El jefe de Gabinete, Manuel Adorni, reiter\u00f3 su defensa por los viajes. Desde hac\u00eda semanas que no hablaba en conferencia de prensa. El jefe de Gabinete, Manuel Adorni, afirm\u00f3 que no tiene nada que esconder y asegur\u00f3 que se puso a disposici\u00f3n de la Justicia. As\u00ed lo expres\u00f3 en conferencia de prensa en relaci\u00f3n con&hellip;<\/p>\n","protected":false},"author":1,"featured_media":143642,"comment_status":"open","ping_status":"open","sticky":false,"template":"","format":"standard","meta":{"footnotes":""},"categories":[13],"tags":[2450,761,28812,41770,47029,1455],"class_list":["post-143641","post","type-post","status-publish","format-standard","has-post-thumbnail","hentry","category-politica","tag-diario-el-sindical","tag-gobierno-nacional","tag-javier-milei","tag-manuel-adorni","tag-marcelo-grandio","tag-noticias"],"_links":{"self":[{"href":"https:\/\/www.elsindical.com.ar\/notas\/wp-json\/wp\/v2\/posts\/143641","targetHints":{"allow":["GET"]}}],"collection":[{"href":"https:\/\/www.elsindical.com.ar\/notas\/wp-json\/wp\/v2\/posts"}],"about":[{"href":"https:\/\/www.elsindical.com.ar\/notas\/wp-json\/wp\/v2\/types\/post"}],"author":[{"embeddable":true,"href":"https:\/\/www.elsindical.com.ar\/notas\/wp-json\/wp\/v2\/users\/1"}],"replies":[{"embeddable":true,"href":"https:\/\/www.elsindical.com.ar\/notas\/wp-json\/wp\/v2\/comments?post=143641"}],"version-history":[{"count":1,"href":"https:\/\/www.elsindical.com.ar\/notas\/wp-json\/wp\/v2\/posts\/143641\/revisions"}],"predecessor-version":[{"id":143643,"href":"https:\/\/www.elsindical.com.ar\/notas\/wp-json\/wp\/v2\/posts\/143641\/revisions\/143643"}],"wp:featuredmedia":[{"embeddable":true,"href":"https:\/\/www.elsindical.com.ar\/notas\/wp-json\/wp\/v2\/media\/143642"}],"wp:attachment":[{"href":"https:\/\/www.elsindical.com.ar\/notas\/wp-json\/wp\/v2\/media?parent=143641"}],"wp:term":[{"taxonomy":"category","embeddable":true,"href":"https:\/\/www.elsindical.com.ar\/notas\/wp-json\/wp\/v2\/categories?post=143641"},{"taxonomy":"post_tag","embeddable":true,"href":"https:\/\/www.elsindical.com.ar\/notas\/wp-json\/wp\/v2\/tags?post=143641"}],"curies":[{"name":"wp","href":"https:\/\/api.w.org\/{rel}","templated":true}]}}