{"id":143625,"date":"2026-03-24T15:57:23","date_gmt":"2026-03-24T18:57:23","guid":{"rendered":"https:\/\/www.elsindical.com.ar\/notas\/?p=143625"},"modified":"2026-03-24T15:57:30","modified_gmt":"2026-03-24T18:57:30","slug":"le-robaron-el-auto-a-la-maxima-autoridad-policial-de-la-region-norte-bonaerense","status":"publish","type":"post","link":"https:\/\/www.elsindical.com.ar\/notas\/le-robaron-el-auto-a-la-maxima-autoridad-policial-de-la-region-norte-bonaerense\/","title":{"rendered":"Le robaron el auto a la m\u00e1xima autoridad policial de la regi\u00f3n norte bonaerense"},"content":{"rendered":"\n<figure class=\"wp-block-image size-full\"><a href=\"https:\/\/www.elsindical.com.ar\/notas\/var\/www\/html\/notas\/wp-content\/uploads\/2026\/03\/Comisario-Mayor-Alejandro-Rodrigo-Ledesma.jpg\"><img loading=\"lazy\" decoding=\"async\" width=\"750\" height=\"479\" src=\"https:\/\/www.elsindical.com.ar\/notas\/var\/www\/html\/notas\/wp-content\/uploads\/2026\/03\/Comisario-Mayor-Alejandro-Rodrigo-Ledesma.jpg\" alt=\"\" class=\"wp-image-143626\" srcset=\"https:\/\/www.elsindical.com.ar\/notas\/var\/www\/html\/notas\/wp-content\/uploads\/2026\/03\/Comisario-Mayor-Alejandro-Rodrigo-Ledesma.jpg 750w, https:\/\/www.elsindical.com.ar\/notas\/var\/www\/html\/notas\/wp-content\/uploads\/2026\/03\/Comisario-Mayor-Alejandro-Rodrigo-Ledesma-300x192.jpg 300w\" sizes=\"auto, (max-width: 750px) 100vw, 750px\" \/><\/a><\/figure>\n\n\n\n<p class=\"wp-block-paragraph\">El <strong>Superintendente Interior Norte II de la Polic\u00eda Bonaerense<\/strong>, <strong>Comisario Mayor Alejandro Rodrigo Ledesma<\/strong>, sufri\u00f3 en carne propia la inseguridad que vive el norte de la provincia cuando le robaron el auto que hab\u00eda dejado estacionado por un desperfecto mec\u00e1nico en la Ruta 9.<\/p>\n\n\n\n<p class=\"wp-block-paragraph\">El hecho ocurri\u00f3 entre la noche del jueves y la ma\u00f1ana del viernes, cuando el funcionario policial, de 52 a\u00f1os, viajaba hacia San Nicol\u00e1s. En el trayecto, al pasar por la zona de Ramallo, el veh\u00edculo -un Ford Focus negro- comenz\u00f3 a presentar un problema mec\u00e1nico en una de sus ruedas.<\/p>\n\n\n\n<p class=\"wp-block-paragraph\">Ante la imposibilidad de seguir manejando, decidi\u00f3 dejarlo estacionado en la colectora, a la altura del kil\u00f3metro 224 aproximadamente, luego de cruzar el arroyo que separa ambas localidades. El auto qued\u00f3 cerrado y el conductor sigui\u00f3 viaje por otro medio.<\/p>\n\n\n\n<p class=\"wp-block-paragraph\">Sin embargo, al regresar el viernes cerca de las 8 de la ma\u00f1ana para buscarlo, se encontr\u00f3 con que ya no estaba. Seg\u00fan denunci\u00f3, el veh\u00edculo fue sustra\u00eddo por desconocidos sin necesidad de forzar nada.<\/p>\n","protected":false},"excerpt":{"rendered":"<p>El Superintendente Interior Norte II de la Polic\u00eda Bonaerense, Comisario Mayor Alejandro Rodrigo Ledesma, sufri\u00f3 en carne propia la inseguridad que vive el norte de la provincia cuando le robaron el auto que hab\u00eda dejado estacionado por un desperfecto mec\u00e1nico en la Ruta 9. El hecho ocurri\u00f3 entre la noche del jueves y la ma\u00f1ana&hellip;<\/p>\n","protected":false},"author":1,"featured_media":143626,"comment_status":"open","ping_status":"open","sticky":false,"template":"","format":"standard","meta":{"footnotes":""},"categories":[22],"tags":[47022,2450,984,42609,749,4273,22756,47021],"class_list":["post-143625","post","type-post","status-publish","format-standard","has-post-thumbnail","hentry","category-policiales","tag-comisario-mayor-alejandro-rodrigo-ledesma","tag-diario-el-sindical","tag-inseguridad","tag-noticias-policiales","tag-policia-bonaerense","tag-ramallo","tag-robo-auto","tag-superintendencia-norte-ii"],"_links":{"self":[{"href":"https:\/\/www.elsindical.com.ar\/notas\/wp-json\/wp\/v2\/posts\/143625","targetHints":{"allow":["GET"]}}],"collection":[{"href":"https:\/\/www.elsindical.com.ar\/notas\/wp-json\/wp\/v2\/posts"}],"about":[{"href":"https:\/\/www.elsindical.com.ar\/notas\/wp-json\/wp\/v2\/types\/post"}],"author":[{"embeddable":true,"href":"https:\/\/www.elsindical.com.ar\/notas\/wp-json\/wp\/v2\/users\/1"}],"replies":[{"embeddable":true,"href":"https:\/\/www.elsindical.com.ar\/notas\/wp-json\/wp\/v2\/comments?post=143625"}],"version-history":[{"count":1,"href":"https:\/\/www.elsindical.com.ar\/notas\/wp-json\/wp\/v2\/posts\/143625\/revisions"}],"predecessor-version":[{"id":143627,"href":"https:\/\/www.elsindical.com.ar\/notas\/wp-json\/wp\/v2\/posts\/143625\/revisions\/143627"}],"wp:featuredmedia":[{"embeddable":true,"href":"https:\/\/www.elsindical.com.ar\/notas\/wp-json\/wp\/v2\/media\/143626"}],"wp:attachment":[{"href":"https:\/\/www.elsindical.com.ar\/notas\/wp-json\/wp\/v2\/media?parent=143625"}],"wp:term":[{"taxonomy":"category","embeddable":true,"href":"https:\/\/www.elsindical.com.ar\/notas\/wp-json\/wp\/v2\/categories?post=143625"},{"taxonomy":"post_tag","embeddable":true,"href":"https:\/\/www.elsindical.com.ar\/notas\/wp-json\/wp\/v2\/tags?post=143625"}],"curies":[{"name":"wp","href":"https:\/\/api.w.org\/{rel}","templated":true}]}}