{"id":143618,"date":"2026-03-24T15:17:57","date_gmt":"2026-03-24T18:17:57","guid":{"rendered":"https:\/\/www.elsindical.com.ar\/notas\/?p=143618"},"modified":"2026-03-24T15:18:04","modified_gmt":"2026-03-24T18:18:04","slug":"la-cpm-presento-un-registro-de-violencias-represivas-del-golpe-en-la-provincia","status":"publish","type":"post","link":"https:\/\/www.elsindical.com.ar\/notas\/la-cpm-presento-un-registro-de-violencias-represivas-del-golpe-en-la-provincia\/","title":{"rendered":"La CPM present\u00f3 un Registro de Violencias Represivas del Golpe en la Provincia"},"content":{"rendered":"<div class=\"wp-block-image\">\n<figure class=\"aligncenter size-full\"><a href=\"https:\/\/www.elsindical.com.ar\/notas\/var\/www\/html\/notas\/wp-content\/uploads\/2026\/03\/REVIGE.jpg\"><img loading=\"lazy\" decoding=\"async\" width=\"768\" height=\"307\" src=\"https:\/\/www.elsindical.com.ar\/notas\/var\/www\/html\/notas\/wp-content\/uploads\/2026\/03\/REVIGE.jpg\" alt=\"\" class=\"wp-image-143619\" srcset=\"https:\/\/www.elsindical.com.ar\/notas\/var\/www\/html\/notas\/wp-content\/uploads\/2026\/03\/REVIGE.jpg 768w, https:\/\/www.elsindical.com.ar\/notas\/var\/www\/html\/notas\/wp-content\/uploads\/2026\/03\/REVIGE-300x120.jpg 300w\" sizes=\"auto, (max-width: 768px) 100vw, 768px\" \/><\/a><\/figure>\n<\/div>\n\n\n<p>El informe de la CPM detalla que se registraron en PBA 13.999 privaciones ilegales de libertad, 8.959 casos de tortura y 9.929 desapariciones forzadas<\/p>\n\n\n\n<p>La Comisi\u00f3n Provincial por la Memoria (CPM) present\u00f3 el <strong>Registro de Violencias Represivas en el marco del Genocidio en la provincia de Buenos Aires (REVIGE).<\/strong><\/p>\n\n\n\n<p>El REVIGE es un registro abierto a la consulta p\u00fablica y en permanente actualizaci\u00f3n, que releva y sistematiza a partir de fuentes oficiales las violencias represivas en la provincia de Buenos Aires entre 1974 y 1983.<\/p>\n\n\n\n<p><a href=\"https:\/\/x.com\/CPMemoria\"><\/a>En ese per\u00edodo, el registro relev\u00f3 57.482 violencias, que se desplegaron m\u00e1s all\u00e1 de su forma m\u00e1s radical: la desaparici\u00f3n de personas. <strong>El REVIGE sistematiza, define y describe 21 violencias: 13 tipificadas en el c\u00f3digo penal y 8 no tipificadas.<\/strong><\/p>\n\n\n\n<h2 class=\"wp-block-heading\">V\u00edctimas<\/h2>\n\n\n\n<p><strong>Asimismo, se contabilizan 18.943 v\u00edctimas en la Provincia de Buenos Aires, el 78% de ellas sufri\u00f3 m\u00e1s de una violencia represiva. <\/strong>\u201cEn ese despliegue se pudo identificar patrones ya que ciertas acciones de violencia represiva no aparecen de manera aislada\u201d, se\u00f1ala la CPM.<\/p>\n\n\n\n<p>\u201cUn patr\u00f3n de los m\u00e1s frecuentes es la co-ocurrencia de la privaci\u00f3n ilegal de la libertad con tortura y tormentos, y la desaparici\u00f3n forzada. En n\u00fameros, <strong>se registraron en PBA 13.999 privaciones ilegales de libertad, 8.959 casos de tortura y 9.929 desapariciones forzadas<\/strong>\u201c, indica.<\/p>\n\n\n\n<p>Cuatro de cada diez personas que sufrieron desaparici\u00f3n forzada permanecen desaparecidas o sus restos fueron identificados a\u00f1os despu\u00e9s. \u201cLas FFAA y de seguridad no s\u00f3lo decid\u00edan sobre la vida y la muerte sino tambi\u00e9n desplegaron estrategias para el ocultamiento de los cuerpos\u201d, agrega.<\/p>\n\n\n\n<h2 class=\"wp-block-heading\">Juicios<\/h2>\n\n\n\n<p><strong>El 59% de las personas desaparecidas hasta la actualidad o hasta la identificaci\u00f3n de sus restos no fueron casos en ninguno de los 139 juicios por delitos de lesa humanidad cometidos en la provincia de Buenos Aires y relevados por este registro.<\/strong><\/p>\n\n\n\n<p>El REVIGE agrega un dato particular: m\u00e1s all\u00e1 del largo proceso de justicia por delitos de lesa humanidad, s\u00f3lo fue juzgado el 28% de los delitos registrados.<\/p>\n\n\n\n<p>\u201cFrente a los discursos que relativizan la magnitud de la represi\u00f3n, este registro aporta nuevos datos para comprender la dimensi\u00f3n de la violencia estatal. Y lo hace a partir de fuentes validadas, de informaci\u00f3n producida por el Estado\u201d, se\u00f1ala.<\/p>\n\n\n\n<p><a href=\"https:\/\/x.com\/CPMemoria\"><\/a><\/p>\n\n\n\n<p>El REVIGE toma como fuentes las sentencias judiciales y tambi\u00e9n documentos producidos por las agencias del Estado durante el momento de los hechos, como los documentos de inteligencia y legajos del Servicio Penitenciario Bonaerense, acervos que gestiona la CPM.<\/p>\n","protected":false},"excerpt":{"rendered":"<p>El informe de la CPM detalla que se registraron en PBA 13.999 privaciones ilegales de libertad, 8.959 casos de tortura y 9.929 desapariciones forzadas La Comisi\u00f3n Provincial por la Memoria (CPM) present\u00f3 el Registro de Violencias Represivas en el marco del Genocidio en la provincia de Buenos Aires (REVIGE). El REVIGE es un registro abierto&hellip;<\/p>\n","protected":false},"author":1,"featured_media":143619,"comment_status":"open","ping_status":"open","sticky":false,"template":"","format":"standard","meta":{"footnotes":""},"categories":[8],"tags":[10644,2450,47019,47018,30260],"class_list":["post-143618","post","type-post","status-publish","format-standard","has-post-thumbnail","hentry","category-derechos-humanos","tag-cpm","tag-diario-el-sindical","tag-registro-de-violencias-represivas","tag-revige","tag-victimas-2"],"_links":{"self":[{"href":"https:\/\/www.elsindical.com.ar\/notas\/wp-json\/wp\/v2\/posts\/143618","targetHints":{"allow":["GET"]}}],"collection":[{"href":"https:\/\/www.elsindical.com.ar\/notas\/wp-json\/wp\/v2\/posts"}],"about":[{"href":"https:\/\/www.elsindical.com.ar\/notas\/wp-json\/wp\/v2\/types\/post"}],"author":[{"embeddable":true,"href":"https:\/\/www.elsindical.com.ar\/notas\/wp-json\/wp\/v2\/users\/1"}],"replies":[{"embeddable":true,"href":"https:\/\/www.elsindical.com.ar\/notas\/wp-json\/wp\/v2\/comments?post=143618"}],"version-history":[{"count":1,"href":"https:\/\/www.elsindical.com.ar\/notas\/wp-json\/wp\/v2\/posts\/143618\/revisions"}],"predecessor-version":[{"id":143620,"href":"https:\/\/www.elsindical.com.ar\/notas\/wp-json\/wp\/v2\/posts\/143618\/revisions\/143620"}],"wp:featuredmedia":[{"embeddable":true,"href":"https:\/\/www.elsindical.com.ar\/notas\/wp-json\/wp\/v2\/media\/143619"}],"wp:attachment":[{"href":"https:\/\/www.elsindical.com.ar\/notas\/wp-json\/wp\/v2\/media?parent=143618"}],"wp:term":[{"taxonomy":"category","embeddable":true,"href":"https:\/\/www.elsindical.com.ar\/notas\/wp-json\/wp\/v2\/categories?post=143618"},{"taxonomy":"post_tag","embeddable":true,"href":"https:\/\/www.elsindical.com.ar\/notas\/wp-json\/wp\/v2\/tags?post=143618"}],"curies":[{"name":"wp","href":"https:\/\/api.w.org\/{rel}","templated":true}]}}