{"id":143591,"date":"2026-03-23T13:16:21","date_gmt":"2026-03-23T16:16:21","guid":{"rendered":"https:\/\/www.elsindical.com.ar\/notas\/?p=143591"},"modified":"2026-03-23T13:16:28","modified_gmt":"2026-03-23T16:16:28","slug":"avellaneda-un-motochorro-murio-y-otro-termino-herido","status":"publish","type":"post","link":"https:\/\/www.elsindical.com.ar\/notas\/avellaneda-un-motochorro-murio-y-otro-termino-herido\/","title":{"rendered":"Avellaneda: un motochorro muri\u00f3 y otro termin\u00f3 herido"},"content":{"rendered":"\n<figure class=\"wp-block-image size-full\"><a href=\"https:\/\/www.elsindical.com.ar\/notas\/var\/www\/html\/notas\/wp-content\/uploads\/2026\/03\/Avellaneda-motochorro-abatido-marzo-2026.jpg\"><img loading=\"lazy\" decoding=\"async\" width=\"880\" height=\"512\" src=\"https:\/\/www.elsindical.com.ar\/notas\/var\/www\/html\/notas\/wp-content\/uploads\/2026\/03\/Avellaneda-motochorro-abatido-marzo-2026.jpg\" alt=\"\" class=\"wp-image-143592\" srcset=\"https:\/\/www.elsindical.com.ar\/notas\/var\/www\/html\/notas\/wp-content\/uploads\/2026\/03\/Avellaneda-motochorro-abatido-marzo-2026.jpg 880w, https:\/\/www.elsindical.com.ar\/notas\/var\/www\/html\/notas\/wp-content\/uploads\/2026\/03\/Avellaneda-motochorro-abatido-marzo-2026-300x175.jpg 300w, https:\/\/www.elsindical.com.ar\/notas\/var\/www\/html\/notas\/wp-content\/uploads\/2026\/03\/Avellaneda-motochorro-abatido-marzo-2026-768x447.jpg 768w\" sizes=\"auto, (max-width: 880px) 100vw, 880px\" \/><\/a><\/figure>\n\n\n\n<p>El hecho ocurri\u00f3 en la intersecci\u00f3n de Mitre y Rucci, donde personal de Prefectura detect\u00f3 el asalto y se enfrent\u00f3 a tiros con dos motochorros, uno de los cuales falleci\u00f3 tras un segundo tiroteo.<\/p>\n\n\n\n<p>Un violento enfrentamiento armado entre efectivos de la Prefectura Naval Argentina y dos motochorros dej\u00f3 como saldo un delincuente muerto y otro gravemente herido, luego de un intento de robo ocurrido el domingo en Avellaneda.<\/p>\n\n\n\n<p>El episodio se inici\u00f3 en la intersecci\u00f3n de avenida Mitre y Rucci, donde personal de la fuerza federal que realizaba tareas de patrullaje advirti\u00f3 que dos sospechosos a bordo de una motocicleta interceptaban a otro motociclista con fines de robo.<\/p>\n\n\n\n<p>Seg\u00fan fuentes policiales, la v\u00edctima \u2014identificada como M.T., de 31 a\u00f1os\u2014 fue abordada por los delincuentes para sustraerle el rodado. En ese momento, los efectivos dieron la voz de alto, lo que deriv\u00f3 en un intenso tiroteo.<\/p>\n\n\n\n<p>De acuerdo al parte oficial, los agresores se movilizaban en una moto Honda XR300 que registraba pedido de secuestro activo por un hurto cometido el pasado 6 de marzo, a requerimiento de la Polic\u00eda de la Ciudad.<\/p>\n\n\n\n<p>Como consecuencia del intercambio de disparos, uno de los sospechosos fue herido y reducido en el lugar. Se trata de Federico Arrazola, de 22 a\u00f1os, quien presentaba m\u00faltiples impactos de bala \u2014en la mand\u00edbula, hombro, abdomen, brazo derecho y muslo izquierdo\u2014 y fue trasladado al Hospital Fiorito, donde permanece internado bajo custodia policial.<\/p>\n\n\n\n<p>El segundo implicado logr\u00f3 escapar y se ocult\u00f3 dentro de un contenedor en la zona de Levalle y Montes de Oca. Sin embargo, minutos m\u00e1s tarde, al arribar efectivos del Comando Unificado Urbano, se produjo un nuevo enfrentamiento armado.<\/p>\n\n\n\n<p>Seg\u00fan indicaron las fuentes, el sospechoso abri\u00f3 fuego contra los agentes, quienes repelieron la agresi\u00f3n. Al menos cuatro disparos impactaron en el m\u00f3vil policial. Durante el tiroteo, el individuo result\u00f3 gravemente herido y falleci\u00f3 en el lugar.<\/p>\n\n\n\n<p>Posteriormente, fue identificado como Maximiliano Poma, de 29 a\u00f1os, quien contaba con un pedido de captura vigente desde enero de 2022 por una causa de homicidio, solicitado por un juzgado de garant\u00edas de Lomas de Zamora.<\/p>\n\n\n\n<p>En la escena del hecho se secuestr\u00f3 una pistola calibre 9 mil\u00edmetros marca Taurus, equipada con mira l\u00e1ser y con la numeraci\u00f3n de serie suprimida, que habr\u00eda sido utilizada por el delincuente abatido.<\/p>\n\n\n\n<p>Fuentes oficiales confirmaron que tanto el personal policial como los efectivos de Prefectura resultaron ilesos durante los enfrentamientos.<\/p>\n\n\n\n<p>La investigaci\u00f3n qued\u00f3 a cargo de la Unidad Funcional de Instrucci\u00f3n (UFI) N\u00b0 4 de Avellaneda, que dispuso las diligencias de rigor. La causa fue caratulada como \u201crobo agravado en grado de tentativa en concurso real con encubrimiento y atentado y resistencia a la autoridad agravado\u201d. Por el momento, no se adoptaron medidas contra los efectivos intervinientes.<\/p>\n","protected":false},"excerpt":{"rendered":"<p>El hecho ocurri\u00f3 en la intersecci\u00f3n de Mitre y Rucci, donde personal de Prefectura detect\u00f3 el asalto y se enfrent\u00f3 a tiros con dos motochorros, uno de los cuales falleci\u00f3 tras un segundo tiroteo. Un violento enfrentamiento armado entre efectivos de la Prefectura Naval Argentina y dos motochorros dej\u00f3 como saldo un delincuente muerto y&hellip;<\/p>\n","protected":false},"author":1,"featured_media":143592,"comment_status":"open","ping_status":"open","sticky":false,"template":"","format":"standard","meta":{"footnotes":""},"categories":[22],"tags":[461,39901,2450,308,42609,1526,116,238],"class_list":["post-143591","post","type-post","status-publish","format-standard","has-post-thumbnail","hentry","category-policiales","tag-avellaneda","tag-comando-unificado-conurbano","tag-diario-el-sindical","tag-motochorros","tag-noticias-policiales","tag-prefectura-naval-argentina","tag-robo","tag-tiroteo"],"_links":{"self":[{"href":"https:\/\/www.elsindical.com.ar\/notas\/wp-json\/wp\/v2\/posts\/143591","targetHints":{"allow":["GET"]}}],"collection":[{"href":"https:\/\/www.elsindical.com.ar\/notas\/wp-json\/wp\/v2\/posts"}],"about":[{"href":"https:\/\/www.elsindical.com.ar\/notas\/wp-json\/wp\/v2\/types\/post"}],"author":[{"embeddable":true,"href":"https:\/\/www.elsindical.com.ar\/notas\/wp-json\/wp\/v2\/users\/1"}],"replies":[{"embeddable":true,"href":"https:\/\/www.elsindical.com.ar\/notas\/wp-json\/wp\/v2\/comments?post=143591"}],"version-history":[{"count":1,"href":"https:\/\/www.elsindical.com.ar\/notas\/wp-json\/wp\/v2\/posts\/143591\/revisions"}],"predecessor-version":[{"id":143593,"href":"https:\/\/www.elsindical.com.ar\/notas\/wp-json\/wp\/v2\/posts\/143591\/revisions\/143593"}],"wp:featuredmedia":[{"embeddable":true,"href":"https:\/\/www.elsindical.com.ar\/notas\/wp-json\/wp\/v2\/media\/143592"}],"wp:attachment":[{"href":"https:\/\/www.elsindical.com.ar\/notas\/wp-json\/wp\/v2\/media?parent=143591"}],"wp:term":[{"taxonomy":"category","embeddable":true,"href":"https:\/\/www.elsindical.com.ar\/notas\/wp-json\/wp\/v2\/categories?post=143591"},{"taxonomy":"post_tag","embeddable":true,"href":"https:\/\/www.elsindical.com.ar\/notas\/wp-json\/wp\/v2\/tags?post=143591"}],"curies":[{"name":"wp","href":"https:\/\/api.w.org\/{rel}","templated":true}]}}