{"id":143491,"date":"2026-03-18T09:15:28","date_gmt":"2026-03-18T12:15:28","guid":{"rendered":"https:\/\/www.elsindical.com.ar\/notas\/?p=143491"},"modified":"2026-03-18T09:15:45","modified_gmt":"2026-03-18T12:15:45","slug":"mas-de-300-000-monotributistas-podrian-quedar-sin-cobertura-de-salud","status":"publish","type":"post","link":"https:\/\/www.elsindical.com.ar\/notas\/mas-de-300-000-monotributistas-podrian-quedar-sin-cobertura-de-salud\/","title":{"rendered":"M\u00e1s de 300.000 monotributistas podr\u00edan quedar sin cobertura de salud"},"content":{"rendered":"<div class=\"wp-block-image\">\n<figure class=\"aligncenter size-full\"><a href=\"https:\/\/www.elsindical.com.ar\/notas\/var\/www\/html\/notas\/wp-content\/uploads\/2026\/03\/Armando-Cavalieri-y-Mario-Lugones.jpg\"><img loading=\"lazy\" decoding=\"async\" width=\"836\" height=\"475\" src=\"https:\/\/www.elsindical.com.ar\/notas\/var\/www\/html\/notas\/wp-content\/uploads\/2026\/03\/Armando-Cavalieri-y-Mario-Lugones.jpg\" alt=\"\" class=\"wp-image-143492\" srcset=\"https:\/\/www.elsindical.com.ar\/notas\/var\/www\/html\/notas\/wp-content\/uploads\/2026\/03\/Armando-Cavalieri-y-Mario-Lugones.jpg 836w, https:\/\/www.elsindical.com.ar\/notas\/var\/www\/html\/notas\/wp-content\/uploads\/2026\/03\/Armando-Cavalieri-y-Mario-Lugones-300x170.jpg 300w, https:\/\/www.elsindical.com.ar\/notas\/var\/www\/html\/notas\/wp-content\/uploads\/2026\/03\/Armando-Cavalieri-y-Mario-Lugones-768x436.jpg 768w, https:\/\/www.elsindical.com.ar\/notas\/var\/www\/html\/notas\/wp-content\/uploads\/2026\/03\/Armando-Cavalieri-y-Mario-Lugones-220x126.jpg 220w, https:\/\/www.elsindical.com.ar\/notas\/var\/www\/html\/notas\/wp-content\/uploads\/2026\/03\/Armando-Cavalieri-y-Mario-Lugones-460x260.jpg 460w\" sizes=\"auto, (max-width: 836px) 100vw, 836px\" \/><\/a><\/figure>\n<\/div>\n\n\n<p>Representantes de Comercio y OSECAC se reunieron con el ministro Mario Lugones para plantear el problema: el aporte de los monotributistas est\u00e1 lejos cubrir el costo del servicio.<\/p>\n\n\n\n<p>Armando Cavalieri, secretario general de Comercio, y Carlos P\u00e9rez, titular de la Obra Social de Empleados de Comercio y Actividades Civiles (OSECAC), se reunieron con el ministro de Salud, Mario Lugones, para plantear la situaci\u00f3n cr\u00edtica del sistema sanitario. Advirtieron sobre el <strong>riesgo de que monotributistas pierdan cobertura m\u00e9dica.<\/strong><\/p>\n\n\n\n<p>Seg\u00fan el informe presentado, <strong>el costo promedio del Programa M\u00e9dico Obligatorio supera los $100.000 mensuales por adulto<\/strong> y llega a entre $160.000 y $170.000 para adultos mayores, mientras que <strong>el aporte de un monotributista es de $22.000 mensuales<\/strong>.<\/p>\n\n\n\n<p>El documento detalla que ese monto no cubre una consulta m\u00e9dica, con radiograf\u00edas que cuestan entre $80.000 y $150.000 y an\u00e1lisis cl\u00ednicos completos entre $200.000 y $300.000. A esto se suman cirug\u00edas que oscilan entre $1.000.000 y $2.500.000 y tratamientos de alta complejidad.<\/p>\n\n\n\n<p>El dirigente gremial H\u00e9ctor Cavalieri advirti\u00f3 que <strong>\u201cel sistema de obras sociales no puede sostener indefinidamente este desfasaje, por lo que se requieren medidas urgentes para asegurar la cobertura de los monotributistas\u201d<\/strong>.<\/p>\n\n\n\n<p>La preocupaci\u00f3n surge en el marco de un debate sobre c\u00f3mo garantizar la viabilidad financiera de la cobertura de salud para quienes tributan bajo el r\u00e9gimen del monotributo. P\u00e9rez busc\u00f3 tranquilizar a los afiliados al afirmar: \u201cDesde OSECAC queremos ser claros: <strong>no estamos planteando excluir a los monotributistas del sistema de obras sociales<\/strong>\u201d.<\/p>\n\n\n\n<p>\u201cActualmente, <strong>m\u00e1s de 300.000 monotributistas en todo el pa\u00eds reciben cobertura a trav\u00e9s de OSECAC. Si este problema estructural no se discute ni se resuelve, todos ellos podr\u00edan quedar progresivamente al margen del sistema<\/strong>\u201d, se\u00f1alaron.<\/p>\n","protected":false},"excerpt":{"rendered":"<p>Representantes de Comercio y OSECAC se reunieron con el ministro Mario Lugones para plantear el problema: el aporte de los monotributistas est\u00e1 lejos cubrir el costo del servicio. Armando Cavalieri, secretario general de Comercio, y Carlos P\u00e9rez, titular de la Obra Social de Empleados de Comercio y Actividades Civiles (OSECAC), se reunieron con el ministro&hellip;<\/p>\n","protected":false},"author":1,"featured_media":143492,"comment_status":"open","ping_status":"open","sticky":false,"template":"","format":"standard","meta":{"footnotes":""},"categories":[9,23],"tags":[1289,31051,2450,11482,269,7023,43192],"class_list":["post-143491","post","type-post","status-publish","format-standard","has-post-thumbnail","hentry","category-economia","category-salud","tag-armando-cavalieri","tag-carlos-perez","tag-diario-el-sindical","tag-monotributistas","tag-obra-social","tag-osecac","tag-programa-medico-obligatorio"],"_links":{"self":[{"href":"https:\/\/www.elsindical.com.ar\/notas\/wp-json\/wp\/v2\/posts\/143491","targetHints":{"allow":["GET"]}}],"collection":[{"href":"https:\/\/www.elsindical.com.ar\/notas\/wp-json\/wp\/v2\/posts"}],"about":[{"href":"https:\/\/www.elsindical.com.ar\/notas\/wp-json\/wp\/v2\/types\/post"}],"author":[{"embeddable":true,"href":"https:\/\/www.elsindical.com.ar\/notas\/wp-json\/wp\/v2\/users\/1"}],"replies":[{"embeddable":true,"href":"https:\/\/www.elsindical.com.ar\/notas\/wp-json\/wp\/v2\/comments?post=143491"}],"version-history":[{"count":1,"href":"https:\/\/www.elsindical.com.ar\/notas\/wp-json\/wp\/v2\/posts\/143491\/revisions"}],"predecessor-version":[{"id":143493,"href":"https:\/\/www.elsindical.com.ar\/notas\/wp-json\/wp\/v2\/posts\/143491\/revisions\/143493"}],"wp:featuredmedia":[{"embeddable":true,"href":"https:\/\/www.elsindical.com.ar\/notas\/wp-json\/wp\/v2\/media\/143492"}],"wp:attachment":[{"href":"https:\/\/www.elsindical.com.ar\/notas\/wp-json\/wp\/v2\/media?parent=143491"}],"wp:term":[{"taxonomy":"category","embeddable":true,"href":"https:\/\/www.elsindical.com.ar\/notas\/wp-json\/wp\/v2\/categories?post=143491"},{"taxonomy":"post_tag","embeddable":true,"href":"https:\/\/www.elsindical.com.ar\/notas\/wp-json\/wp\/v2\/tags?post=143491"}],"curies":[{"name":"wp","href":"https:\/\/api.w.org\/{rel}","templated":true}]}}