{"id":143484,"date":"2026-03-18T00:30:46","date_gmt":"2026-03-18T03:30:46","guid":{"rendered":"https:\/\/www.elsindical.com.ar\/notas\/?p=143484"},"modified":"2026-03-18T00:30:52","modified_gmt":"2026-03-18T03:30:52","slug":"maria-florencia-zicavo-la-nueva-renuncia-del-gobierno-nacional","status":"publish","type":"post","link":"https:\/\/www.elsindical.com.ar\/notas\/maria-florencia-zicavo-la-nueva-renuncia-del-gobierno-nacional\/","title":{"rendered":"Mar\u00eda Florencia Zicavo la nueva renuncia del gobierno nacional"},"content":{"rendered":"\n<figure class=\"wp-block-image size-large\"><a href=\"https:\/\/www.elsindical.com.ar\/notas\/var\/www\/html\/notas\/wp-content\/uploads\/2026\/03\/Maria-Florencia-Zicavo.jpeg\"><img loading=\"lazy\" decoding=\"async\" width=\"1024\" height=\"683\" src=\"https:\/\/www.elsindical.com.ar\/notas\/var\/www\/html\/notas\/wp-content\/uploads\/2026\/03\/Maria-Florencia-Zicavo-1024x683.jpeg\" alt=\"\" class=\"wp-image-143485\" srcset=\"https:\/\/www.elsindical.com.ar\/notas\/var\/www\/html\/notas\/wp-content\/uploads\/2026\/03\/Maria-Florencia-Zicavo-1024x683.jpeg 1024w, https:\/\/www.elsindical.com.ar\/notas\/var\/www\/html\/notas\/wp-content\/uploads\/2026\/03\/Maria-Florencia-Zicavo-300x200.jpeg 300w, https:\/\/www.elsindical.com.ar\/notas\/var\/www\/html\/notas\/wp-content\/uploads\/2026\/03\/Maria-Florencia-Zicavo-768x512.jpeg 768w, https:\/\/www.elsindical.com.ar\/notas\/var\/www\/html\/notas\/wp-content\/uploads\/2026\/03\/Maria-Florencia-Zicavo.jpeg 1200w\" sizes=\"auto, (max-width: 1024px) 100vw, 1024px\" \/><\/a><\/figure>\n\n\n\n<p>Se trata de quien encabez\u00f3 la Unidad de Tareas de Investigaci\u00f3n (UTI) del Gobierno. Fue tras la salida de Mariano C\u00faneo Libarona como titular del Ministerio de Justicia.<\/p>\n\n\n\n<p><strong>Mar\u00eda Florencia Zicavo<\/strong>, la funcionaria del Ministerio de Justicia que tuvo a cargo la investigaci\u00f3n interna del criptoesc\u00e1ndalo <strong>$LIBRA,<\/strong> <strong>renunci\u00f3<\/strong> en las \u00faltimas horas luego del reemplazo de Mariano C\u00faneo Libarona por <strong>Juan Bautista Mahiques<\/strong> dentro del organismo.<\/p>\n\n\n\n<p>La salida qued\u00f3 ratificada este martes en el Bolet\u00edn Oficial. Seg\u00fan figura, Zicavo hab\u00eda presentado su renuncia el pasado 5 de marzo. Se desempe\u00f1aba como titular de la Unidad Gabinete de Asesores del Ministerio. En la pr\u00e1ctica respond\u00eda a Sebasti\u00e1n Amer\u00edo, quien fue n\u00famero dos del organismo hasta hace unos d\u00edas y un alfil de Santiago Caputo dentro del organismo. Es otra salida que esmerila la influencia del asesor.<\/p>\n\n\n\n<p>Zicavo hab\u00eda sido designada por decreto en febrero como titular de la Unidad de Tareas de Investigaci\u00f3n (UTI), la respuesta inmediata del Gobierno al criptoesc\u00e1ndalo. Sin embargo, la unidad ten\u00eda apenas una sola persona.<\/p>\n\n\n\n<p>La tarea de Zicavo hab\u00eda sido la de \u00abrecabar informaci\u00f3n y a colaborar con el Poder Judicial\u00bb, seg\u00fan sostuvo en su momento Manuel Adorni, desde su rol de vocero presidencial, en la \u00e9poca donde daba conferencias de prensa de manera diaria.<\/p>\n\n\n\n<p>\u00abNo tiene el mote de investigadora sino de recolectar toda la informaci\u00f3n que crea pertinente o que le soliciten para -efectivamente- aceitar los mecanismos para que la Justicia pueda avanzar r\u00e1pidamente\u00bb, hab\u00eda dicho Adorni.<\/p>\n\n\n\n<p>Ese informe, cuyas conclusiones no se hicieron p\u00fablicas, fue remitido al fiscal federal Eduardo Taiano, quien est\u00e1 a cargo de la investigaci\u00f3n del criptoesc\u00e1ndalo. Seg\u00fan confirm\u00f3 la funcionaria, para la elaboraci\u00f3n del informe no pidi\u00f3 asistencia ni convoc\u00f3 a ning\u00fan especialista.<\/p>\n\n\n\n<p>Zicavo hab\u00eda sido una de las funcionarias convocadas a declarar por la Comisi\u00f3n Investigadora $LIBRA del Congreso.<strong> Ante el pedido, respondi\u00f3 con una cautelar para dilatar el proceso y finalmente se neg\u00f3 a responder. <\/strong>Nunca se present\u00f3 nadie del Ejecutivo a contestar las preguntas que ten\u00eda la Comisi\u00f3n.<\/p>\n\n\n\n<p><strong>Abogada especialista en derecho Migratorio, Zicavo, 36 a\u00f1os, trabaj\u00f3 como docente de Derecho Administrativo en la UBA<\/strong>, donde durante la pandemia ofreci\u00f3 varios cursos v\u00eda Zoom para el Centro de Graduados, y adem\u00e1s fue relatora de la Sala I de la C\u00e1mara Nacional de Apelaciones en lo Contencioso Administrativo Federal.<\/p>\n\n\n\n<p>De perfil bajo y muy reservada,<strong> ingres\u00f3 al gobierno en junio de 2024<\/strong> tras la renuncia, por razones personales, de Diego Guerendiain, jefe de Gabinete de C\u00faneo durante los primeros meses de la gesti\u00f3n libertaria. Tuvo un primer fogoneo p\u00fablico tras una denuncia de Abuelas de Plaza de Mayo que la acusaba de ser la autora de un proyecto para disolver la Unidad Especial de Investigaci\u00f3n de la desaparici\u00f3n de ni\u00f1os como consecuencia del accionar del terrorismo de Estado\u201d.<\/p>\n","protected":false},"excerpt":{"rendered":"<p>Se trata de quien encabez\u00f3 la Unidad de Tareas de Investigaci\u00f3n (UTI) del Gobierno. Fue tras la salida de Mariano C\u00faneo Libarona como titular del Ministerio de Justicia. Mar\u00eda Florencia Zicavo, la funcionaria del Ministerio de Justicia que tuvo a cargo la investigaci\u00f3n interna del criptoesc\u00e1ndalo $LIBRA, renunci\u00f3 en las \u00faltimas horas luego del reemplazo&hellip;<\/p>\n","protected":false},"author":1,"featured_media":143485,"comment_status":"open","ping_status":"open","sticky":false,"template":"","format":"standard","meta":{"footnotes":""},"categories":[13],"tags":[251,2450,34017,46963,5935,10839,2281,29833],"class_list":["post-143484","post","type-post","status-publish","format-standard","has-post-thumbnail","hentry","category-politica","tag-abogada","tag-diario-el-sindical","tag-juan-bautista-mahiques","tag-maria-florencia-zicavo","tag-mariano-cuneo-libarona","tag-ministerio-de-justicia-de-la-nacion","tag-poder-judicial","tag-uti"],"_links":{"self":[{"href":"https:\/\/www.elsindical.com.ar\/notas\/wp-json\/wp\/v2\/posts\/143484","targetHints":{"allow":["GET"]}}],"collection":[{"href":"https:\/\/www.elsindical.com.ar\/notas\/wp-json\/wp\/v2\/posts"}],"about":[{"href":"https:\/\/www.elsindical.com.ar\/notas\/wp-json\/wp\/v2\/types\/post"}],"author":[{"embeddable":true,"href":"https:\/\/www.elsindical.com.ar\/notas\/wp-json\/wp\/v2\/users\/1"}],"replies":[{"embeddable":true,"href":"https:\/\/www.elsindical.com.ar\/notas\/wp-json\/wp\/v2\/comments?post=143484"}],"version-history":[{"count":1,"href":"https:\/\/www.elsindical.com.ar\/notas\/wp-json\/wp\/v2\/posts\/143484\/revisions"}],"predecessor-version":[{"id":143486,"href":"https:\/\/www.elsindical.com.ar\/notas\/wp-json\/wp\/v2\/posts\/143484\/revisions\/143486"}],"wp:featuredmedia":[{"embeddable":true,"href":"https:\/\/www.elsindical.com.ar\/notas\/wp-json\/wp\/v2\/media\/143485"}],"wp:attachment":[{"href":"https:\/\/www.elsindical.com.ar\/notas\/wp-json\/wp\/v2\/media?parent=143484"}],"wp:term":[{"taxonomy":"category","embeddable":true,"href":"https:\/\/www.elsindical.com.ar\/notas\/wp-json\/wp\/v2\/categories?post=143484"},{"taxonomy":"post_tag","embeddable":true,"href":"https:\/\/www.elsindical.com.ar\/notas\/wp-json\/wp\/v2\/tags?post=143484"}],"curies":[{"name":"wp","href":"https:\/\/api.w.org\/{rel}","templated":true}]}}