{"id":143478,"date":"2026-03-17T19:03:19","date_gmt":"2026-03-17T22:03:19","guid":{"rendered":"https:\/\/www.elsindical.com.ar\/notas\/?p=143478"},"modified":"2026-03-17T21:27:56","modified_gmt":"2026-03-18T00:27:56","slug":"avellaneda-obreros-de-cosugas-provocan-una-fuga-de-gas","status":"publish","type":"post","link":"https:\/\/www.elsindical.com.ar\/notas\/avellaneda-obreros-de-cosugas-provocan-una-fuga-de-gas\/","title":{"rendered":"Avellaneda: Obreros de COSUGAS provocan una fuga de gas"},"content":{"rendered":"<div class=\"wp-block-image\">\n<figure class=\"aligncenter size-full\"><a href=\"https:\/\/www.elsindical.com.ar\/notas\/var\/www\/html\/notas\/wp-content\/uploads\/2026\/03\/COSUGAS-cano-de-gas-roto-en-Wilde.jpg\"><img loading=\"lazy\" decoding=\"async\" width=\"750\" height=\"417\" src=\"https:\/\/www.elsindical.com.ar\/notas\/var\/www\/html\/notas\/wp-content\/uploads\/2026\/03\/COSUGAS-cano-de-gas-roto-en-Wilde.jpg\" alt=\"\" class=\"wp-image-143479\" srcset=\"https:\/\/www.elsindical.com.ar\/notas\/var\/www\/html\/notas\/wp-content\/uploads\/2026\/03\/COSUGAS-cano-de-gas-roto-en-Wilde.jpg 750w, https:\/\/www.elsindical.com.ar\/notas\/var\/www\/html\/notas\/wp-content\/uploads\/2026\/03\/COSUGAS-cano-de-gas-roto-en-Wilde-300x167.jpg 300w\" sizes=\"auto, (max-width: 750px) 100vw, 750px\" \/><\/a><\/figure>\n<\/div>\n\n\n<p>   Una vez m\u00e1s la negligencia de los operarios de la empresa <strong>COSUGAS<\/strong>, que suelen operar para empresas como Aysa, realizando los trabajos de campo, vuelven a generar da\u00f1os por trabajos realizados sin profesionalidad.<\/p>\n\n\n\n<p>Ahora, en la obra sobre la transitada Avenida Fabi\u00e1n Onsari y Heredia, donde realizaban excavasiones para conexiones de agua, rompieron un ca\u00f1o principal de gas natural, lo que oblig\u00f3 al desplazamiento de los bomberos y la polic\u00eda para prevenir un accidente mayor, debiendo evacuar la zona,<\/p>\n\n\n\n<p>La empresa <strong>COSUGAS S,A<\/strong>, Compa\u00f1\u00eda Sudamericana de Gas S.A. <strong>CUIT 30-62879389-8<\/strong>, (+54) 11 4257-0994 \u2014 (+54) 11 4224-6573 \u2014 <a href=\"mailto:administracion@cosugas.com\">administracion@cosugas.com<\/a> <strong>Ort\u00edz de Ocampo 19<\/strong> (B1878JRA) Quilmes, Buenos Aires &#8211; Argentina.<\/p>\n\n\n\n<figure class=\"wp-block-embed is-type-video is-provider-youtube wp-block-embed-youtube wp-embed-aspect-16-9 wp-has-aspect-ratio\"><div class=\"wp-block-embed__wrapper\">\n<iframe loading=\"lazy\" title=\"Avellaneda operarios de COSUGAS rompen ca\u00f1o de gas en Wilde\" width=\"700\" height=\"394\" src=\"https:\/\/www.youtube.com\/embed\/QBBqhQt8Ujo?feature=oembed\" frameborder=\"0\" allow=\"accelerometer; autoplay; clipboard-write; encrypted-media; gyroscope; picture-in-picture; web-share\" referrerpolicy=\"strict-origin-when-cross-origin\" allowfullscreen><\/iframe>\n<\/div><\/figure>\n","protected":false},"excerpt":{"rendered":"<p>Una vez m\u00e1s la negligencia de los operarios de la empresa COSUGAS, que suelen operar para empresas como Aysa, realizando los trabajos de campo, vuelven a generar da\u00f1os por trabajos realizados sin profesionalidad. Ahora, en la obra sobre la transitada Avenida Fabi\u00e1n Onsari y Heredia, donde realizaban excavasiones para conexiones de agua, rompieron un ca\u00f1o&hellip;<\/p>\n","protected":false},"author":1,"featured_media":143479,"comment_status":"open","ping_status":"open","sticky":false,"template":"","format":"standard","meta":{"footnotes":""},"categories":[6,28],"tags":[461,12912,1369,46962,46961,2450,14495,30,882],"class_list":["post-143478","post","type-post","status-publish","format-standard","has-post-thumbnail","hentry","category-denuncias","category-empresariales","tag-avellaneda","tag-aysa","tag-bomberos","tag-cano-de-agua","tag-cosugas-sa","tag-diario-el-sindical","tag-evacuacion","tag-policia","tag-wilde"],"_links":{"self":[{"href":"https:\/\/www.elsindical.com.ar\/notas\/wp-json\/wp\/v2\/posts\/143478","targetHints":{"allow":["GET"]}}],"collection":[{"href":"https:\/\/www.elsindical.com.ar\/notas\/wp-json\/wp\/v2\/posts"}],"about":[{"href":"https:\/\/www.elsindical.com.ar\/notas\/wp-json\/wp\/v2\/types\/post"}],"author":[{"embeddable":true,"href":"https:\/\/www.elsindical.com.ar\/notas\/wp-json\/wp\/v2\/users\/1"}],"replies":[{"embeddable":true,"href":"https:\/\/www.elsindical.com.ar\/notas\/wp-json\/wp\/v2\/comments?post=143478"}],"version-history":[{"count":2,"href":"https:\/\/www.elsindical.com.ar\/notas\/wp-json\/wp\/v2\/posts\/143478\/revisions"}],"predecessor-version":[{"id":143481,"href":"https:\/\/www.elsindical.com.ar\/notas\/wp-json\/wp\/v2\/posts\/143478\/revisions\/143481"}],"wp:featuredmedia":[{"embeddable":true,"href":"https:\/\/www.elsindical.com.ar\/notas\/wp-json\/wp\/v2\/media\/143479"}],"wp:attachment":[{"href":"https:\/\/www.elsindical.com.ar\/notas\/wp-json\/wp\/v2\/media?parent=143478"}],"wp:term":[{"taxonomy":"category","embeddable":true,"href":"https:\/\/www.elsindical.com.ar\/notas\/wp-json\/wp\/v2\/categories?post=143478"},{"taxonomy":"post_tag","embeddable":true,"href":"https:\/\/www.elsindical.com.ar\/notas\/wp-json\/wp\/v2\/tags?post=143478"}],"curies":[{"name":"wp","href":"https:\/\/api.w.org\/{rel}","templated":true}]}}