{"id":143473,"date":"2026-03-17T14:29:05","date_gmt":"2026-03-17T17:29:05","guid":{"rendered":"https:\/\/www.elsindical.com.ar\/notas\/?p=143473"},"modified":"2026-03-17T14:29:10","modified_gmt":"2026-03-17T17:29:10","slug":"san-isidro-sicario-con-tobillera-asesino-a-una-mujer-por-la-venta-de-un-auto-con-desperfectos","status":"publish","type":"post","link":"https:\/\/www.elsindical.com.ar\/notas\/san-isidro-sicario-con-tobillera-asesino-a-una-mujer-por-la-venta-de-un-auto-con-desperfectos\/","title":{"rendered":"San Isidro: Sicario con tobillera asesin\u00f3 a una mujer por la venta de un auto con desperfectos"},"content":{"rendered":"<div class=\"wp-block-image\">\n<figure class=\"aligncenter size-large is-resized\"><a href=\"https:\/\/www.elsindical.com.ar\/notas\/var\/www\/html\/notas\/wp-content\/uploads\/2026\/03\/Gustavo-Ezequiel-Arroyo.jpg\"><img loading=\"lazy\" decoding=\"async\" width=\"675\" height=\"1024\" src=\"https:\/\/www.elsindical.com.ar\/notas\/var\/www\/html\/notas\/wp-content\/uploads\/2026\/03\/Gustavo-Ezequiel-Arroyo-675x1024.jpg\" alt=\"\" class=\"wp-image-143474\" style=\"width:399px;height:auto\" srcset=\"https:\/\/www.elsindical.com.ar\/notas\/var\/www\/html\/notas\/wp-content\/uploads\/2026\/03\/Gustavo-Ezequiel-Arroyo-675x1024.jpg 675w, https:\/\/www.elsindical.com.ar\/notas\/var\/www\/html\/notas\/wp-content\/uploads\/2026\/03\/Gustavo-Ezequiel-Arroyo-198x300.jpg 198w, https:\/\/www.elsindical.com.ar\/notas\/var\/www\/html\/notas\/wp-content\/uploads\/2026\/03\/Gustavo-Ezequiel-Arroyo.jpg 720w\" sizes=\"auto, (max-width: 675px) 100vw, 675px\" \/><\/a><\/figure>\n<\/div>\n\n\n<p>La v\u00edctima fue identificada como Cecilia Andrea Iraola, de 53 a\u00f1os, quien se dedicaba a la venta de joyas y relojes de alta gama.Por el homicidio est\u00e1 detenido el comprador del auto, que le reclamaba al hijo de la v\u00edctima la devoluci\u00f3n de los 10.000 d\u00f3lares que le hab\u00eda pagado.El tirador ten\u00eda una tobillera electr\u00f3nica y escap\u00f3 al llegar la Polic\u00eda.<\/p>\n\n\n\n<p>La venta de un auto de alta gama, amenazas, una balacera por un ajuste de cuentas y muerte. Una mujer de 53 a\u00f1os fue asesinada de un tiro en el abdomen en su casa de <strong>Beccar<\/strong>, partido de <strong>San Isidro<\/strong>, y por el homicidio detuvieron a un hombre que le reclamaba al hijo de la v\u00edctima la devoluci\u00f3n de 10 mil d\u00f3lares por la compra de un auto BMW que ten\u00eda fallas.<\/p>\n\n\n\n<p>El episodio se registr\u00f3 este lunes en una propiedad de la calle Luis de Flores al 2200, donde lleg\u00f3 la Polic\u00eda luego de que un llamado alert\u00f3 sobre varios disparos que se escucharon.<\/p>\n\n\n\n<p>All\u00ed encontraron al menos cuatro impactos en la puerta de ingreso y otros tres en una ventana. Con la ayuda de un vecino, ingresaron a la casa donde encontraron a su due\u00f1a, <strong>Cecilia Andrea Iraola,<\/strong> de 53 a\u00f1os, quien se dedicaba a la venta de joyas y relojes de alta gama.<\/p>\n\n\n\n<p>El cuerpo de la mujer estaba recostado en el comedor, con un disparo en la panza. Una m\u00e9dica constat\u00f3 que ya estaba muerta.<\/p>\n\n\n\n<p>Por las c\u00e1maras de seguridad de la zona observaron que cerca de las 18 el paso de una moto con un hombre que dispar\u00f3 varias veces sobre la casa.<\/p>\n\n\n\n<p>La comisar\u00eda 5ta. de San Isidro, junto con al DDI local y la intervenci\u00f3n de los fiscales <strong>Carolina Asprella y Patricio Ferrari<\/strong>, comenzaron a averiguar y obtuvieron la informaci\u00f3n de que el hijo de la v\u00edctima, de nombre Mat\u00edas (27), hab\u00eda vendido un auto BMW.<\/p>\n\n\n\n<p>Ese auto present\u00f3 problemas mec\u00e1nicos, por lo que el comprador insisti\u00f3 varias veces con la devoluci\u00f3n del dinero pagado, unos 10 mil d\u00f3lares.<\/p>\n\n\n\n<p>El pedido del comprador pas\u00f3 a ser en tono de amenazas, por lo que<strong> el joven viaj\u00f3 el fin de semana con destino a Costa Rica,<\/strong> seg\u00fan precisaron las fuentes.<\/p>\n\n\n\n<p>La fiscal\u00eda a cargo de la investigaci\u00f3n comenz\u00f3 a trabajar para identificar al comprador del BMW. Fue entonces que la declaraci\u00f3n de testigos y documentaci\u00f3n encontrada los llev\u00f3 hasta un hombre identificado como <strong>Gustavo Ezequiel Arroyo (36)<\/strong>, domiciliado en Escobar.<\/p>\n\n\n\n<figure class=\"wp-block-gallery has-nested-images columns-default is-cropped wp-block-gallery-1 is-layout-flex wp-block-gallery-is-layout-flex\">\n<figure class=\"wp-block-image size-large\"><a href=\"https:\/\/www.elsindical.com.ar\/notas\/var\/www\/html\/notas\/wp-content\/uploads\/2026\/03\/elementos-secuestrados-asesinato-de-Iraola.jpg\"><img loading=\"lazy\" decoding=\"async\" width=\"720\" height=\"960\" data-id=\"143476\" src=\"https:\/\/www.elsindical.com.ar\/notas\/var\/www\/html\/notas\/wp-content\/uploads\/2026\/03\/elementos-secuestrados-asesinato-de-Iraola.jpg\" alt=\"\" class=\"wp-image-143476\" srcset=\"https:\/\/www.elsindical.com.ar\/notas\/var\/www\/html\/notas\/wp-content\/uploads\/2026\/03\/elementos-secuestrados-asesinato-de-Iraola.jpg 720w, https:\/\/www.elsindical.com.ar\/notas\/var\/www\/html\/notas\/wp-content\/uploads\/2026\/03\/elementos-secuestrados-asesinato-de-Iraola-225x300.jpg 225w\" sizes=\"auto, (max-width: 720px) 100vw, 720px\" \/><\/a><\/figure>\n\n\n\n<figure class=\"wp-block-image size-large\"><a href=\"https:\/\/www.elsindical.com.ar\/notas\/var\/www\/html\/notas\/wp-content\/uploads\/2026\/03\/auto-secuestrado-a-Ezequiel-Arroyo.jpg\"><img loading=\"lazy\" decoding=\"async\" width=\"768\" height=\"1024\" data-id=\"143475\" src=\"https:\/\/www.elsindical.com.ar\/notas\/var\/www\/html\/notas\/wp-content\/uploads\/2026\/03\/auto-secuestrado-a-Ezequiel-Arroyo-768x1024.jpg\" alt=\"\" class=\"wp-image-143475\" srcset=\"https:\/\/www.elsindical.com.ar\/notas\/var\/www\/html\/notas\/wp-content\/uploads\/2026\/03\/auto-secuestrado-a-Ezequiel-Arroyo-768x1024.jpg 768w, https:\/\/www.elsindical.com.ar\/notas\/var\/www\/html\/notas\/wp-content\/uploads\/2026\/03\/auto-secuestrado-a-Ezequiel-Arroyo-225x300.jpg 225w, https:\/\/www.elsindical.com.ar\/notas\/var\/www\/html\/notas\/wp-content\/uploads\/2026\/03\/auto-secuestrado-a-Ezequiel-Arroyo.jpg 960w\" sizes=\"auto, (max-width: 768px) 100vw, 768px\" \/><\/a><\/figure>\n<\/figure>\n\n\n\n<p>La Polic\u00eda realiz\u00f3 un allanamiento de urgencia en el Barrio Loma Verde donde se lo detuvo y se le secuestr\u00f3 su tel\u00e9fono y otros elementos personales. Por el an\u00e1lisis de antenas, se confirm\u00f3 que Arroyo estuvo en la zona de la casa de Iraola al momento que fue asesinada.<\/p>\n\n\n\n<p>Tambi\u00e9n se supo, por la patente de la moto usada en el hecho, que su titular reside en Jos\u00e9 Le\u00f3n Su\u00e1rez. Cuando fueron a buscarlo, el hombre escap\u00f3 por los fondos de su casa.<\/p>\n\n\n\n<p>Seg\u00fan fuentes policiales, el sospechoso <strong>Pablo Guillermo Ragni <\/strong>posee una tobillera electr\u00f3nica que la cort\u00f3 al momento que ingresaron los oficiales del Grupo de Apoyo Departamental (GAD) de la Polic\u00eda Bonaerense.<\/p>\n","protected":false},"excerpt":{"rendered":"<p>La v\u00edctima fue identificada como Cecilia Andrea Iraola, de 53 a\u00f1os, quien se dedicaba a la venta de joyas y relojes de alta gama.Por el homicidio est\u00e1 detenido el comprador del auto, que le reclamaba al hijo de la v\u00edctima la devoluci\u00f3n de los 10.000 d\u00f3lares que le hab\u00eda pagado.El tirador ten\u00eda una tobillera electr\u00f3nica&hellip;<\/p>\n","protected":false},"author":1,"featured_media":143474,"comment_status":"open","ping_status":"open","sticky":false,"template":"","format":"standard","meta":{"footnotes":""},"categories":[22],"tags":[5179,2836,46959,2450,1176,46960,4398,46958,40],"class_list":["post-143473","post","type-post","status-publish","format-standard","has-post-thumbnail","hentry","category-policiales","tag-beccar","tag-bmw","tag-cecilia-andrea-iraola","tag-diario-el-sindical","tag-escobar","tag-gustavo-ezequiel-arroyo","tag-jose-leon-suarez","tag-pablo-guillermo-ragni","tag-san-isidro"],"_links":{"self":[{"href":"https:\/\/www.elsindical.com.ar\/notas\/wp-json\/wp\/v2\/posts\/143473","targetHints":{"allow":["GET"]}}],"collection":[{"href":"https:\/\/www.elsindical.com.ar\/notas\/wp-json\/wp\/v2\/posts"}],"about":[{"href":"https:\/\/www.elsindical.com.ar\/notas\/wp-json\/wp\/v2\/types\/post"}],"author":[{"embeddable":true,"href":"https:\/\/www.elsindical.com.ar\/notas\/wp-json\/wp\/v2\/users\/1"}],"replies":[{"embeddable":true,"href":"https:\/\/www.elsindical.com.ar\/notas\/wp-json\/wp\/v2\/comments?post=143473"}],"version-history":[{"count":1,"href":"https:\/\/www.elsindical.com.ar\/notas\/wp-json\/wp\/v2\/posts\/143473\/revisions"}],"predecessor-version":[{"id":143477,"href":"https:\/\/www.elsindical.com.ar\/notas\/wp-json\/wp\/v2\/posts\/143473\/revisions\/143477"}],"wp:featuredmedia":[{"embeddable":true,"href":"https:\/\/www.elsindical.com.ar\/notas\/wp-json\/wp\/v2\/media\/143474"}],"wp:attachment":[{"href":"https:\/\/www.elsindical.com.ar\/notas\/wp-json\/wp\/v2\/media?parent=143473"}],"wp:term":[{"taxonomy":"category","embeddable":true,"href":"https:\/\/www.elsindical.com.ar\/notas\/wp-json\/wp\/v2\/categories?post=143473"},{"taxonomy":"post_tag","embeddable":true,"href":"https:\/\/www.elsindical.com.ar\/notas\/wp-json\/wp\/v2\/tags?post=143473"}],"curies":[{"name":"wp","href":"https:\/\/api.w.org\/{rel}","templated":true}]}}