{"id":143467,"date":"2026-03-17T10:26:27","date_gmt":"2026-03-17T13:26:27","guid":{"rendered":"https:\/\/www.elsindical.com.ar\/notas\/?p=143467"},"modified":"2026-03-17T10:26:40","modified_gmt":"2026-03-17T13:26:40","slug":"causa-cuadernos-cristina-fernandez-denuncio-practicas-mafiosas-de-jueces-y-fiscales","status":"publish","type":"post","link":"https:\/\/www.elsindical.com.ar\/notas\/causa-cuadernos-cristina-fernandez-denuncio-practicas-mafiosas-de-jueces-y-fiscales\/","title":{"rendered":"Causa Cuadernos: Cristina Fern\u00e1ndez denunci\u00f3 \u201cpr\u00e1cticas mafiosas\u201d de jueces y fiscales"},"content":{"rendered":"<div class=\"wp-block-image\">\n<figure class=\"aligncenter size-full\"><a href=\"https:\/\/www.elsindical.com.ar\/notas\/var\/www\/html\/notas\/wp-content\/uploads\/2026\/03\/declaracion-Cristina-causa-cuadernos-marzo-2026.jpg\"><img loading=\"lazy\" decoding=\"async\" width=\"700\" height=\"394\" src=\"https:\/\/www.elsindical.com.ar\/notas\/var\/www\/html\/notas\/wp-content\/uploads\/2026\/03\/declaracion-Cristina-causa-cuadernos-marzo-2026.jpg\" alt=\"\" class=\"wp-image-143468\" srcset=\"https:\/\/www.elsindical.com.ar\/notas\/var\/www\/html\/notas\/wp-content\/uploads\/2026\/03\/declaracion-Cristina-causa-cuadernos-marzo-2026.jpg 700w, https:\/\/www.elsindical.com.ar\/notas\/var\/www\/html\/notas\/wp-content\/uploads\/2026\/03\/declaracion-Cristina-causa-cuadernos-marzo-2026-300x169.jpg 300w, https:\/\/www.elsindical.com.ar\/notas\/var\/www\/html\/notas\/wp-content\/uploads\/2026\/03\/declaracion-Cristina-causa-cuadernos-marzo-2026-460x260.jpg 460w\" sizes=\"auto, (max-width: 700px) 100vw, 700px\" \/><\/a><\/figure>\n<\/div>\n\n\n<p>Cristina Fern\u00e1ndez declara en la causa Cuadernos e hizo una fuerte denuncia. Segu\u00ed la audiencia.<\/p>\n\n\n\n<p>La ex presidenta<strong>&nbsp;Cristina Fern\u00e1ndez de Kirchner&nbsp;declara ante el Tribunal Oral en lo Criminal Federal (TOF) 7 en la&nbsp;Causa Cuadernos<\/strong>. Una multitud la acompa\u00f1\u00f3 en San Jos\u00e9 1111, de Constituci\u00f3n, para mostrar su apoyo.<\/p>\n\n\n\n<p>Tras responder algunas preguntas de rutina, que le generaron malestar, dijo estar cumpliendo una \u201cmuy injusta condena\u201d en el marco de la causa Vialidad y apunt\u00f3 contra el gobierno de Mauricio Macri por la \u201cpersecuci\u00f3n judicial\u201d.<\/p>\n\n\n\n<p>\u201cYa no se trata de jueces que no son imparciales, <strong>estamos ante una causa en la que el juez de instrucci\u00f3n Bonad\u00edo y el fiscal Stornelli son directamente mafiosos<\/strong>. Ya no estamos ante una cuesti\u00f3n de persecuci\u00f3n pol\u00edtica en orden de la ideolog\u00eda, <strong>pr\u00e1cticas mafiosas por parte de jueces y fiscales<\/strong>\u201c, alert\u00f3.<\/p>\n\n\n\n<p>Esta audiencia se concreta tras el rechazo del pedido de nulidad que hab\u00eda presentado su defensa y la de otros imputados, como el ex ministro de Planificaci\u00f3n\u00a0Julio De Vido, quienes argumentaron irregularidades en la instrucci\u00f3n y cuestionaron la veracidad de los testimonios de los \u201carrepentidos\u201d.\u00a0<\/p>\n\n\n\n<p>Para el abogado de Cristina, Carlos Beraldi, los cuadernos fueron manipulados, por lo que no deber\u00edan formara parte de las pruebas en el caso. Adem\u00e1s,<strong>\u00a0se\u00f1al\u00f3 que las declaraciones de los 31 imputados calificados como colaboradores fueron realizadas bajo\u00a0extorsi\u00f3n.<\/strong><\/p>\n\n\n\n<p>El TOF 7, integrado por <strong>Fernando Canero, Enrique M\u00e9ndez Signori y Germ\u00e1n Castelli<\/strong>,&nbsp;debe decidir sobre los planteos preliminares que se llevaron a cabo hasta ahora&nbsp;y ser\u00e1n los responsables de investigar la&nbsp;presunta red de sobornos&nbsp;y cartelizaci\u00f3n de la obra p\u00fablica&nbsp;entre los a\u00f1os 2003 y 2015.<\/p>\n\n\n\n<figure class=\"wp-block-embed is-type-video is-provider-youtube wp-block-embed-youtube wp-embed-aspect-4-3 wp-has-aspect-ratio\"><div class=\"wp-block-embed__wrapper\">\n<iframe loading=\"lazy\" title=\"TOCF N\u00b07 - Causa Fern\u00e1ndez\" width=\"700\" height=\"525\" src=\"https:\/\/www.youtube.com\/embed\/KJFQ7T6xpE0?feature=oembed\" frameborder=\"0\" allow=\"accelerometer; autoplay; clipboard-write; encrypted-media; gyroscope; picture-in-picture; web-share\" referrerpolicy=\"strict-origin-when-cross-origin\" allowfullscreen><\/iframe>\n<\/div><\/figure>\n","protected":false},"excerpt":{"rendered":"<p>Cristina Fern\u00e1ndez declara en la causa Cuadernos e hizo una fuerte denuncia. Segu\u00ed la audiencia. La ex presidenta&nbsp;Cristina Fern\u00e1ndez de Kirchner&nbsp;declara ante el Tribunal Oral en lo Criminal Federal (TOF) 7 en la&nbsp;Causa Cuadernos. Una multitud la acompa\u00f1\u00f3 en San Jos\u00e9 1111, de Constituci\u00f3n, para mostrar su apoyo. Tras responder algunas preguntas de rutina, que&hellip;<\/p>\n","protected":false},"author":1,"featured_media":143468,"comment_status":"open","ping_status":"open","sticky":false,"template":"","format":"standard","meta":{"footnotes":""},"categories":[20],"tags":[30994,5045,1205,2450,15935,32021],"class_list":["post-143467","post","type-post","status-publish","format-standard","has-post-thumbnail","hentry","category-judiciales","tag-causa-cuadernos","tag-comodoro-py","tag-cristina-fernandez-de-kirchner","tag-diario-el-sindical","tag-fiscal-carlos-stornelli","tag-tof-7"],"_links":{"self":[{"href":"https:\/\/www.elsindical.com.ar\/notas\/wp-json\/wp\/v2\/posts\/143467","targetHints":{"allow":["GET"]}}],"collection":[{"href":"https:\/\/www.elsindical.com.ar\/notas\/wp-json\/wp\/v2\/posts"}],"about":[{"href":"https:\/\/www.elsindical.com.ar\/notas\/wp-json\/wp\/v2\/types\/post"}],"author":[{"embeddable":true,"href":"https:\/\/www.elsindical.com.ar\/notas\/wp-json\/wp\/v2\/users\/1"}],"replies":[{"embeddable":true,"href":"https:\/\/www.elsindical.com.ar\/notas\/wp-json\/wp\/v2\/comments?post=143467"}],"version-history":[{"count":1,"href":"https:\/\/www.elsindical.com.ar\/notas\/wp-json\/wp\/v2\/posts\/143467\/revisions"}],"predecessor-version":[{"id":143469,"href":"https:\/\/www.elsindical.com.ar\/notas\/wp-json\/wp\/v2\/posts\/143467\/revisions\/143469"}],"wp:featuredmedia":[{"embeddable":true,"href":"https:\/\/www.elsindical.com.ar\/notas\/wp-json\/wp\/v2\/media\/143468"}],"wp:attachment":[{"href":"https:\/\/www.elsindical.com.ar\/notas\/wp-json\/wp\/v2\/media?parent=143467"}],"wp:term":[{"taxonomy":"category","embeddable":true,"href":"https:\/\/www.elsindical.com.ar\/notas\/wp-json\/wp\/v2\/categories?post=143467"},{"taxonomy":"post_tag","embeddable":true,"href":"https:\/\/www.elsindical.com.ar\/notas\/wp-json\/wp\/v2\/tags?post=143467"}],"curies":[{"name":"wp","href":"https:\/\/api.w.org\/{rel}","templated":true}]}}