{"id":143461,"date":"2026-03-17T09:31:48","date_gmt":"2026-03-17T12:31:48","guid":{"rendered":"https:\/\/www.elsindical.com.ar\/notas\/?p=143461"},"modified":"2026-03-17T09:31:54","modified_gmt":"2026-03-17T12:31:54","slug":"los-desbordes-de-la-patrulla-en-vicente-lopez-terminaron-con-el-municipio-allanado","status":"publish","type":"post","link":"https:\/\/www.elsindical.com.ar\/notas\/los-desbordes-de-la-patrulla-en-vicente-lopez-terminaron-con-el-municipio-allanado\/","title":{"rendered":"Los desbordes de la patrulla en Vicente L\u00f3pez terminaron con el Municipio allanado"},"content":{"rendered":"<div class=\"wp-block-image\">\n<figure class=\"aligncenter size-full\"><a href=\"https:\/\/www.elsindical.com.ar\/notas\/var\/www\/html\/notas\/wp-content\/uploads\/2026\/03\/agresiones-patrulla-de-Vicente-Lopez.jpg\"><img loading=\"lazy\" decoding=\"async\" width=\"750\" height=\"789\" src=\"https:\/\/www.elsindical.com.ar\/notas\/var\/www\/html\/notas\/wp-content\/uploads\/2026\/03\/agresiones-patrulla-de-Vicente-Lopez.jpg\" alt=\"\" class=\"wp-image-143462\" srcset=\"https:\/\/www.elsindical.com.ar\/notas\/var\/www\/html\/notas\/wp-content\/uploads\/2026\/03\/agresiones-patrulla-de-Vicente-Lopez.jpg 750w, https:\/\/www.elsindical.com.ar\/notas\/var\/www\/html\/notas\/wp-content\/uploads\/2026\/03\/agresiones-patrulla-de-Vicente-Lopez-285x300.jpg 285w\" sizes=\"auto, (max-width: 750px) 100vw, 750px\" \/><\/a><\/figure>\n<\/div>\n\n\n<p>Se investiga a los responsables pol\u00edticos de un dise\u00f1o de seguridad que hace agua en lo que respecta a la falta de idoneidad y capacitaci\u00f3n de sus agentes.<br><br>Vienen repiti\u00e9ndose hechos muy graves, que dan cuenta de esta situaci\u00f3n y son de gran preocupaci\u00f3n para los vecinos.<br><br>La seguridad es prevenci\u00f3n y no marketing. Hay que dar un tratamiento integral y responsable a nuestra seguridad sin posturas superficiales como las que se jacta la Intendente.<br><br>Hay mucho para mejorar y hay mucho trabajo por hacer, pese al relato y tratamiento electoralista oficial del tema de la seguridad.<\/p>\n","protected":false},"excerpt":{"rendered":"<p>Se investiga a los responsables pol\u00edticos de un dise\u00f1o de seguridad que hace agua en lo que respecta a la falta de idoneidad y capacitaci\u00f3n de sus agentes. Vienen repiti\u00e9ndose hechos muy graves, que dan cuenta de esta situaci\u00f3n y son de gran preocupaci\u00f3n para los vecinos. La seguridad es prevenci\u00f3n y no marketing. Hay&hellip;<\/p>\n","protected":false},"author":1,"featured_media":143462,"comment_status":"open","ping_status":"open","sticky":false,"template":"","format":"standard","meta":{"footnotes":""},"categories":[20],"tags":[138,22020,2450,19933,613,3188,318],"class_list":["post-143461","post","type-post","status-publish","format-standard","has-post-thumbnail","hentry","category-judiciales","tag-allanamiento","tag-denuncias","tag-diario-el-sindical","tag-patrulla-urbana","tag-seguridad","tag-vicente-lopez","tag-violencia"],"_links":{"self":[{"href":"https:\/\/www.elsindical.com.ar\/notas\/wp-json\/wp\/v2\/posts\/143461","targetHints":{"allow":["GET"]}}],"collection":[{"href":"https:\/\/www.elsindical.com.ar\/notas\/wp-json\/wp\/v2\/posts"}],"about":[{"href":"https:\/\/www.elsindical.com.ar\/notas\/wp-json\/wp\/v2\/types\/post"}],"author":[{"embeddable":true,"href":"https:\/\/www.elsindical.com.ar\/notas\/wp-json\/wp\/v2\/users\/1"}],"replies":[{"embeddable":true,"href":"https:\/\/www.elsindical.com.ar\/notas\/wp-json\/wp\/v2\/comments?post=143461"}],"version-history":[{"count":1,"href":"https:\/\/www.elsindical.com.ar\/notas\/wp-json\/wp\/v2\/posts\/143461\/revisions"}],"predecessor-version":[{"id":143463,"href":"https:\/\/www.elsindical.com.ar\/notas\/wp-json\/wp\/v2\/posts\/143461\/revisions\/143463"}],"wp:featuredmedia":[{"embeddable":true,"href":"https:\/\/www.elsindical.com.ar\/notas\/wp-json\/wp\/v2\/media\/143462"}],"wp:attachment":[{"href":"https:\/\/www.elsindical.com.ar\/notas\/wp-json\/wp\/v2\/media?parent=143461"}],"wp:term":[{"taxonomy":"category","embeddable":true,"href":"https:\/\/www.elsindical.com.ar\/notas\/wp-json\/wp\/v2\/categories?post=143461"},{"taxonomy":"post_tag","embeddable":true,"href":"https:\/\/www.elsindical.com.ar\/notas\/wp-json\/wp\/v2\/tags?post=143461"}],"curies":[{"name":"wp","href":"https:\/\/api.w.org\/{rel}","templated":true}]}}