{"id":14346,"date":"2011-05-20T00:58:59","date_gmt":"2011-05-20T03:58:59","guid":{"rendered":"http:\/\/www.elsindical.com.ar\/notas\/?p=14346"},"modified":"2011-05-20T00:58:59","modified_gmt":"2011-05-20T03:58:59","slug":"telefonicos-inician-negociacion-paritaria-y-reclaman-aumento-del-35","status":"publish","type":"post","link":"https:\/\/www.elsindical.com.ar\/notas\/telefonicos-inician-negociacion-paritaria-y-reclaman-aumento-del-35\/","title":{"rendered":"Telef\u00f3nicos inician negociaci\u00f3n paritaria y reclaman aumento del 35%"},"content":{"rendered":"<p style=\"text-align: justify;\"><em><a href=\"http:\/\/www.elsindical.com.ar\/notas\/var\/www\/html\/notas\/wp-content\/uploads\/2010\/06\/FOETRA.gif\"><img loading=\"lazy\" decoding=\"async\" class=\"alignleft size-full wp-image-7507\" title=\"FOETRA\" src=\"http:\/\/www.elsindical.com.ar\/notas\/var\/www\/html\/notas\/wp-content\/uploads\/2010\/06\/FOETRA.gif\" alt=\"\" width=\"111\" height=\"165\" \/><\/a>La conducci\u00f3n de la Federaci\u00f3n de Obreros y Empleados Telef\u00f3nicos (FOETRA-Buenos Aires), que lideran Osvaldo Iadarola y Claudio Mar\u00edn, inici\u00f3 la negociaci\u00f3n paritaria en la actividad y reclam\u00f3 una recomposici\u00f3n salarial del 35 por ciento a partir del 1 de julio pr\u00f3ximo. <\/em><\/p>\n<p style=\"text-align: justify;\">\u00abEso fue votado por el plenario de secretarios generales y de delegados de base y ser\u00e1 inviolable\u00bb, sostuvo Mar\u00edn.<\/p>\n<p style=\"text-align: justify;\">El dirigente gremial, enrolado en la Central de Trabajadores de la Argentina (CTA), explic\u00f3 que la paritaria telef\u00f3nica expira el 30 de junio pr\u00f3ximo, por lo que la organizaci\u00f3n \u00abha comenzado las reuniones de rigor para intentar un acuerdo desde julio\u00bb.<\/p>\n<p style=\"text-align: justify;\">\u00abLos trabajadores analizaron la situaci\u00f3n nacional y consideraron que debe acordarse una mejora salarial del 35 por ciento para el pr\u00f3ximo a\u00f1o\u00bb, puntualiz\u00f3 Mar\u00edn.<\/p>\n<p style=\"text-align: justify;\">En ese sentido, adelant\u00f3 que esa realidad \u00abse impone fundamentalmente a partir de la rentabilidad obtenida por las compa\u00f1\u00edas\u00bb del sector y, por lo mismo, convoc\u00f3 a sus representantes y directivos a \u00abun an\u00e1lisis racional de las posibilidades de distribuci\u00f3n de la riqueza\u00bb nacional.<\/p>\n","protected":false},"excerpt":{"rendered":"<p>La conducci\u00f3n de la Federaci\u00f3n de Obreros y Empleados Telef\u00f3nicos (FOETRA-Buenos Aires), que lideran Osvaldo Iadarola y Claudio Mar\u00edn, inici\u00f3 la negociaci\u00f3n paritaria en la actividad y reclam\u00f3 una recomposici\u00f3n salarial del 35 por ciento a partir del 1 de julio pr\u00f3ximo. \u00abEso fue votado por el plenario de secretarios generales y de delegados de&hellip;<\/p>\n","protected":false},"author":1,"featured_media":0,"comment_status":"open","ping_status":"open","sticky":false,"template":"","format":"standard","meta":{"footnotes":""},"categories":[16],"tags":[357,154,1610,4460,803,6922],"class_list":["post-14346","post","type-post","status-publish","format-standard","hentry","category-gremiales","tag-aumento","tag-buenos-aires","tag-foetra","tag-paritaria","tag-salarios","tag-telefonicos"],"_links":{"self":[{"href":"https:\/\/www.elsindical.com.ar\/notas\/wp-json\/wp\/v2\/posts\/14346","targetHints":{"allow":["GET"]}}],"collection":[{"href":"https:\/\/www.elsindical.com.ar\/notas\/wp-json\/wp\/v2\/posts"}],"about":[{"href":"https:\/\/www.elsindical.com.ar\/notas\/wp-json\/wp\/v2\/types\/post"}],"author":[{"embeddable":true,"href":"https:\/\/www.elsindical.com.ar\/notas\/wp-json\/wp\/v2\/users\/1"}],"replies":[{"embeddable":true,"href":"https:\/\/www.elsindical.com.ar\/notas\/wp-json\/wp\/v2\/comments?post=14346"}],"version-history":[{"count":1,"href":"https:\/\/www.elsindical.com.ar\/notas\/wp-json\/wp\/v2\/posts\/14346\/revisions"}],"predecessor-version":[{"id":14347,"href":"https:\/\/www.elsindical.com.ar\/notas\/wp-json\/wp\/v2\/posts\/14346\/revisions\/14347"}],"wp:attachment":[{"href":"https:\/\/www.elsindical.com.ar\/notas\/wp-json\/wp\/v2\/media?parent=14346"}],"wp:term":[{"taxonomy":"category","embeddable":true,"href":"https:\/\/www.elsindical.com.ar\/notas\/wp-json\/wp\/v2\/categories?post=14346"},{"taxonomy":"post_tag","embeddable":true,"href":"https:\/\/www.elsindical.com.ar\/notas\/wp-json\/wp\/v2\/tags?post=14346"}],"curies":[{"name":"wp","href":"https:\/\/api.w.org\/{rel}","templated":true}]}}