{"id":143457,"date":"2026-03-17T01:22:07","date_gmt":"2026-03-17T04:22:07","guid":{"rendered":"https:\/\/www.elsindical.com.ar\/notas\/?p=143457"},"modified":"2026-03-17T01:22:39","modified_gmt":"2026-03-17T04:22:39","slug":"lanus-otra-vecina-asesinada-en-villa-diamante","status":"publish","type":"post","link":"https:\/\/www.elsindical.com.ar\/notas\/lanus-otra-vecina-asesinada-en-villa-diamante\/","title":{"rendered":"Lan\u00fas: Otra vecina asesinada en Villa Diamante"},"content":{"rendered":"\n<figure class=\"wp-block-image size-large\"><a href=\"https:\/\/www.elsindical.com.ar\/notas\/var\/www\/html\/notas\/wp-content\/uploads\/2026\/03\/jubilada-asesinada-en-Villa-Diamante-marzo-2026.jpg\"><img loading=\"lazy\" decoding=\"async\" width=\"1024\" height=\"550\" src=\"https:\/\/www.elsindical.com.ar\/notas\/var\/www\/html\/notas\/wp-content\/uploads\/2026\/03\/jubilada-asesinada-en-Villa-Diamante-marzo-2026-1024x550.jpg\" alt=\"\" class=\"wp-image-143459\" srcset=\"https:\/\/www.elsindical.com.ar\/notas\/var\/www\/html\/notas\/wp-content\/uploads\/2026\/03\/jubilada-asesinada-en-Villa-Diamante-marzo-2026-1024x550.jpg 1024w, https:\/\/www.elsindical.com.ar\/notas\/var\/www\/html\/notas\/wp-content\/uploads\/2026\/03\/jubilada-asesinada-en-Villa-Diamante-marzo-2026-300x161.jpg 300w, https:\/\/www.elsindical.com.ar\/notas\/var\/www\/html\/notas\/wp-content\/uploads\/2026\/03\/jubilada-asesinada-en-Villa-Diamante-marzo-2026-768x412.jpg 768w, https:\/\/www.elsindical.com.ar\/notas\/var\/www\/html\/notas\/wp-content\/uploads\/2026\/03\/jubilada-asesinada-en-Villa-Diamante-marzo-2026.jpg 1080w\" sizes=\"auto, (max-width: 1024px) 100vw, 1024px\" \/><\/a><\/figure>\n\n\n\n<p>Anoche, una se\u00f1ora fue asesinada a balazos por un sujeto que se movilizaba en moto. De acuerdo al relato de la hija, <strong>Blanca Fuensalida<\/strong> se hallaba -junto a ella- en la puerta de su casa en San Vladimiro al 4800, Villa Diamante, cuando un sujeto a bordo de una moto comenz\u00f3 a disparar una pistola y uno de los tiros dio en la espalda de la mujer de 73 a\u00f1os, que muri\u00f3 al arribar al Hospital Evita. Los vecinos sostienen que se escucharon varios disparos. Fue en jurisdicci\u00f3n de la Comisar\u00eda 5a.<\/p>\n\n\n\n<p>Sin embargo la polic\u00eda maneja otra versi\u00f3n de los hechos que terminaron con la vida de la se\u00f1ora Fuensalida. Esta versi\u00f3n dice que varios asaltantes estaban robando en una plaza a los viandantes y como los vecinos empezaron a gritarles, los delincuentes motorizados se retiraron disparando sus armas y una de las balas impact\u00f3 en la espalda de Fuensalida y la mat\u00f3, dentro de su casa.<\/p>\n\n\n\n<p>El nieto de la occisa, que es polic\u00eda, sali\u00f3 a repeler a los asesinos pero estos ya se hab\u00edan fugado.<\/p>\n\n\n\n<p>Los hechos reiterados criminales desmienten al informe que a comienzo del a\u00f1o brindara el secretario de seguridad Sebasti\u00e1n Castillo, que adem\u00e1s de mentir durante toda su gesti\u00f3n ha demostrado ser un incompetente para el cargo.<\/p>\n\n\n\n<figure class=\"wp-block-image size-full\"><a href=\"https:\/\/www.elsindical.com.ar\/notas\/var\/www\/html\/notas\/wp-content\/uploads\/2026\/03\/Julian-Alvarez-Javier-Alonso-y-Sebastian-Castillo.jpg\"><img loading=\"lazy\" decoding=\"async\" width=\"1024\" height=\"682\" src=\"https:\/\/www.elsindical.com.ar\/notas\/var\/www\/html\/notas\/wp-content\/uploads\/2026\/03\/Julian-Alvarez-Javier-Alonso-y-Sebastian-Castillo.jpg\" alt=\"\" class=\"wp-image-143458\" srcset=\"https:\/\/www.elsindical.com.ar\/notas\/var\/www\/html\/notas\/wp-content\/uploads\/2026\/03\/Julian-Alvarez-Javier-Alonso-y-Sebastian-Castillo.jpg 1024w, https:\/\/www.elsindical.com.ar\/notas\/var\/www\/html\/notas\/wp-content\/uploads\/2026\/03\/Julian-Alvarez-Javier-Alonso-y-Sebastian-Castillo-300x200.jpg 300w, https:\/\/www.elsindical.com.ar\/notas\/var\/www\/html\/notas\/wp-content\/uploads\/2026\/03\/Julian-Alvarez-Javier-Alonso-y-Sebastian-Castillo-768x512.jpg 768w\" sizes=\"auto, (max-width: 1024px) 100vw, 1024px\" \/><\/a><\/figure>\n","protected":false},"excerpt":{"rendered":"<p>Anoche, una se\u00f1ora fue asesinada a balazos por un sujeto que se movilizaba en moto. De acuerdo al relato de la hija, Blanca Fuensalida se hallaba -junto a ella- en la puerta de su casa en San Vladimiro al 4800, Villa Diamante, cuando un sujeto a bordo de una moto comenz\u00f3 a disparar una pistola&hellip;<\/p>\n","protected":false},"author":1,"featured_media":143459,"comment_status":"open","ping_status":"open","sticky":false,"template":"","format":"standard","meta":{"footnotes":""},"categories":[22],"tags":[46948,2450,984,42922,209,41983,11726,3262],"class_list":["post-143457","post","type-post","status-publish","format-standard","has-post-thumbnail","hentry","category-policiales","tag-blanca-fuensalida","tag-diario-el-sindical","tag-inseguridad","tag-intendente-julian-alvarez","tag-lanus","tag-sebastian-castillo","tag-secretario-de-seguridad","tag-villa-diamante"],"_links":{"self":[{"href":"https:\/\/www.elsindical.com.ar\/notas\/wp-json\/wp\/v2\/posts\/143457","targetHints":{"allow":["GET"]}}],"collection":[{"href":"https:\/\/www.elsindical.com.ar\/notas\/wp-json\/wp\/v2\/posts"}],"about":[{"href":"https:\/\/www.elsindical.com.ar\/notas\/wp-json\/wp\/v2\/types\/post"}],"author":[{"embeddable":true,"href":"https:\/\/www.elsindical.com.ar\/notas\/wp-json\/wp\/v2\/users\/1"}],"replies":[{"embeddable":true,"href":"https:\/\/www.elsindical.com.ar\/notas\/wp-json\/wp\/v2\/comments?post=143457"}],"version-history":[{"count":1,"href":"https:\/\/www.elsindical.com.ar\/notas\/wp-json\/wp\/v2\/posts\/143457\/revisions"}],"predecessor-version":[{"id":143460,"href":"https:\/\/www.elsindical.com.ar\/notas\/wp-json\/wp\/v2\/posts\/143457\/revisions\/143460"}],"wp:featuredmedia":[{"embeddable":true,"href":"https:\/\/www.elsindical.com.ar\/notas\/wp-json\/wp\/v2\/media\/143459"}],"wp:attachment":[{"href":"https:\/\/www.elsindical.com.ar\/notas\/wp-json\/wp\/v2\/media?parent=143457"}],"wp:term":[{"taxonomy":"category","embeddable":true,"href":"https:\/\/www.elsindical.com.ar\/notas\/wp-json\/wp\/v2\/categories?post=143457"},{"taxonomy":"post_tag","embeddable":true,"href":"https:\/\/www.elsindical.com.ar\/notas\/wp-json\/wp\/v2\/tags?post=143457"}],"curies":[{"name":"wp","href":"https:\/\/api.w.org\/{rel}","templated":true}]}}