{"id":143435,"date":"2026-03-15T16:44:02","date_gmt":"2026-03-15T19:44:02","guid":{"rendered":"https:\/\/www.elsindical.com.ar\/notas\/?p=143435"},"modified":"2026-03-15T16:44:07","modified_gmt":"2026-03-15T19:44:07","slug":"diputados-convocan-a-conferencia-por-nuevas-revelaciones-en-el-caso-libra","status":"publish","type":"post","link":"https:\/\/www.elsindical.com.ar\/notas\/diputados-convocan-a-conferencia-por-nuevas-revelaciones-en-el-caso-libra\/","title":{"rendered":"Diputados convocan a conferencia por nuevas revelaciones en el caso $LIBRA"},"content":{"rendered":"<div class=\"wp-block-image\">\n<figure class=\"aligncenter size-large\"><a href=\"https:\/\/www.elsindical.com.ar\/notas\/var\/www\/html\/notas\/wp-content\/uploads\/2025\/04\/Milei-LIBRA.jpg\"><img loading=\"lazy\" decoding=\"async\" width=\"1024\" height=\"576\" src=\"https:\/\/www.elsindical.com.ar\/notas\/var\/www\/html\/notas\/wp-content\/uploads\/2025\/04\/Milei-LIBRA-1024x576.jpg\" alt=\"\" class=\"wp-image-137078\" srcset=\"https:\/\/www.elsindical.com.ar\/notas\/var\/www\/html\/notas\/wp-content\/uploads\/2025\/04\/Milei-LIBRA-1024x576.jpg 1024w, https:\/\/www.elsindical.com.ar\/notas\/var\/www\/html\/notas\/wp-content\/uploads\/2025\/04\/Milei-LIBRA-300x169.jpg 300w, https:\/\/www.elsindical.com.ar\/notas\/var\/www\/html\/notas\/wp-content\/uploads\/2025\/04\/Milei-LIBRA-768x432.jpg 768w, https:\/\/www.elsindical.com.ar\/notas\/var\/www\/html\/notas\/wp-content\/uploads\/2025\/04\/Milei-LIBRA-460x260.jpg 460w, https:\/\/www.elsindical.com.ar\/notas\/var\/www\/html\/notas\/wp-content\/uploads\/2025\/04\/Milei-LIBRA.jpg 1280w\" sizes=\"auto, (max-width: 1024px) 100vw, 1024px\" \/><\/a><\/figure>\n<\/div>\n\n\n<p>Legisladores de la comisi\u00f3n investigadora brindar\u00e1n detalles sobre informaci\u00f3n reciente vinculada al criptoactivo y posibles implicancias institucionales.<\/p>\n\n\n\n<p>Diputadas y diputados integrantes de la Comisi\u00f3n Investigadora sobre el caso $LIBRA convocaron a una conferencia de prensa para este lunes 16 a las 16 en la Honorable C\u00e1mara de Diputados de la Naci\u00f3n, en una sala que ser\u00e1 confirmada en las pr\u00f3ximas horas. El encuentro busca dar precisiones sobre los \u00faltimos hechos que tomaron estado p\u00fablico y que podr\u00edan impactar en la investigaci\u00f3n parlamentaria.<\/p>\n\n\n\n<p>Seg\u00fan un comunicado, la convocatoria surge a partir de informaci\u00f3n reciente relacionada con la causa y su posible v\u00ednculo con el informe final que la comisi\u00f3n present\u00f3 en noviembre de 2025 sobre el caso $LIBRA.<\/p>\n\n\n\n<p>Durante la conferencia, los legisladores explicar\u00e1n el alcance de las nuevas informaciones conocidas p\u00fablicamente, su relaci\u00f3n con las conclusiones ya elaboradas por la comisi\u00f3n investigadora y los pasos institucionales que consideran necesarios tanto en el \u00e1mbito legislativo como en el judicial.<\/p>\n\n\n\n<p>La decisi\u00f3n de convocar a la prensa se conoci\u00f3 horas despu\u00e9s de que trascendiera que el tel\u00e9fono celular del lobista Mauricio Novelli conten\u00eda una anotaci\u00f3n sobre un presunto acuerdo por cinco millones de d\u00f3lares vinculado al apoyo del presidente Javier Milei al criptoactivo $LIBRA, seg\u00fan copias del documento difundidas en la causa judicial. El \u201cmemo\u201d, recuperado por peritos del Ministerio P\u00fablico Fiscal tras un intento de borrado, detalla tres pagos en tokens o efectivo: un adelanto inicial, otro asociado a la publicaci\u00f3n de un tuit presidencial y un \u00faltimo tramo vinculado a la firma de un contrato de asesor\u00eda en blockchain e inteligencia artificial.<\/p>\n","protected":false},"excerpt":{"rendered":"<p>Legisladores de la comisi\u00f3n investigadora brindar\u00e1n detalles sobre informaci\u00f3n reciente vinculada al criptoactivo y posibles implicancias institucionales. Diputadas y diputados integrantes de la Comisi\u00f3n Investigadora sobre el caso $LIBRA convocaron a una conferencia de prensa para este lunes 16 a las 16 en la Honorable C\u00e1mara de Diputados de la Naci\u00f3n, en una sala que&hellip;<\/p>\n","protected":false},"author":1,"featured_media":137078,"comment_status":"open","ping_status":"open","sticky":false,"template":"","format":"standard","meta":{"footnotes":""},"categories":[13],"tags":[44724,46943,2450,1377,28812,45020],"class_list":["post-143435","post","type-post","status-publish","format-standard","has-post-thumbnail","hentry","category-politica","tag-libra-2","tag-comision-investigadora-caso-libra","tag-diario-el-sindical","tag-diputados","tag-javier-milei","tag-mauricio-novelli"],"_links":{"self":[{"href":"https:\/\/www.elsindical.com.ar\/notas\/wp-json\/wp\/v2\/posts\/143435","targetHints":{"allow":["GET"]}}],"collection":[{"href":"https:\/\/www.elsindical.com.ar\/notas\/wp-json\/wp\/v2\/posts"}],"about":[{"href":"https:\/\/www.elsindical.com.ar\/notas\/wp-json\/wp\/v2\/types\/post"}],"author":[{"embeddable":true,"href":"https:\/\/www.elsindical.com.ar\/notas\/wp-json\/wp\/v2\/users\/1"}],"replies":[{"embeddable":true,"href":"https:\/\/www.elsindical.com.ar\/notas\/wp-json\/wp\/v2\/comments?post=143435"}],"version-history":[{"count":1,"href":"https:\/\/www.elsindical.com.ar\/notas\/wp-json\/wp\/v2\/posts\/143435\/revisions"}],"predecessor-version":[{"id":143436,"href":"https:\/\/www.elsindical.com.ar\/notas\/wp-json\/wp\/v2\/posts\/143435\/revisions\/143436"}],"wp:featuredmedia":[{"embeddable":true,"href":"https:\/\/www.elsindical.com.ar\/notas\/wp-json\/wp\/v2\/media\/137078"}],"wp:attachment":[{"href":"https:\/\/www.elsindical.com.ar\/notas\/wp-json\/wp\/v2\/media?parent=143435"}],"wp:term":[{"taxonomy":"category","embeddable":true,"href":"https:\/\/www.elsindical.com.ar\/notas\/wp-json\/wp\/v2\/categories?post=143435"},{"taxonomy":"post_tag","embeddable":true,"href":"https:\/\/www.elsindical.com.ar\/notas\/wp-json\/wp\/v2\/tags?post=143435"}],"curies":[{"name":"wp","href":"https:\/\/api.w.org\/{rel}","templated":true}]}}