{"id":143422,"date":"2026-03-15T11:29:48","date_gmt":"2026-03-15T14:29:48","guid":{"rendered":"https:\/\/www.elsindical.com.ar\/notas\/?p=143422"},"modified":"2026-03-15T11:29:55","modified_gmt":"2026-03-15T14:29:55","slug":"efemerides-del-dia-15-de-marzo-13","status":"publish","type":"post","link":"https:\/\/www.elsindical.com.ar\/notas\/efemerides-del-dia-15-de-marzo-13\/","title":{"rendered":"EFEM\u00c9RIDES: DEL D\u00cdA 15 DE MARZO"},"content":{"rendered":"\n<p>\u2013 D\u00eda Mundial de los derechos del Consumidor<\/p>\n\n\n\n<p>1493 \u2013 Crist\u00f3bal Col\u00f3n llega al puerto andaluz de Palos (Huelva), de regreso de su primer viaje a Am\u00e9rica.<\/p>\n\n\n\n<p>1804 \u2013 Promulgaci\u00f3n en Francia del C\u00f3digo Civil, llamado C\u00f3digo de Napole\u00f3n.<\/p>\n\n\n\n<p>1812 \u2013 Primer establecimiento ruso en California, EE.UU.<\/p>\n\n\n\n<p>1819 \u2013 Argentina: Nace el doctor Luis Dom\u00ednguez. Poeta, historiador, legislador, se opuso a la pol\u00edtica de Juan Manuel de Rosas y se exili\u00f3 en Montevideo.<\/p>\n\n\n\n<p>1882 \u2013 Inauguraci\u00f3n de la primera Exposici\u00f3n Continental de Buenos Aires.<\/p>\n\n\n\n<p>1904 \u2013 En la ciudad de C\u00f3rdoba (Argentina), el doctor Silvestre Remonda funda el diario La Voz del Interior.<\/p>\n\n\n\n<p>1917 \u2013 Abdicaci\u00f3n del zar de Rusia Nicol\u00e1s II en favor de su hermano, el gran duque Miguel, quien renunci\u00f3 en favor del pr\u00edncipe Lvov.<\/p>\n\n\n\n<p>1939 \u2013 Los alemanes ocupan Praga por lo cual Checoslovaquia se convierte en el \u00abprotectorado alem\u00e1n\u00bb de Bohemia y Moravia.<\/p>\n\n\n\n<p>1943 \u2013 Nace David Cronenberg, actor y cineasta canadiense.<\/p>\n\n\n\n<p>1947 \u2013 Nace Ry Cooder (Ryland Cooder), cantante y m\u00fasico.<\/p>\n\n\n\n<p>1962 \u2013 Nace \u00abMafalda\u00bb, personaje de historieta creado por Quino.<\/p>\n\n\n\n<p>1962 \u2013 Nace Mar\u00eda Laura Santill\u00e1n, periodista y conductora de televisi\u00f3n argentina.<\/p>\n\n\n\n<p>1962 \u2013 Nace Terence Trent D\u2019Arby, cantante estadounidense.<\/p>\n\n\n\n<p>1972 \u2013 Se estrena en Nueva York la pel\u00edcula \u00abEl padrino\u00bb, de Francis Ford Coppola.<\/p>\n\n\n\n<p>1975 \u2013 Muere el magnate griego Arist\u00f3teles Onassis.<\/p>\n\n\n\n<p>1979 \u2013 Muere el novelista, cr\u00edtico literario y periodista argentino Bernardo Verbitsky.<\/p>\n\n\n\n<p>1983 \u2013 Nace Florencia Bertotti, actriz argentina.<\/p>\n\n\n\n<p>1985 \u2013 Tancredo Neves no puede asumir como presidente de Brasil (por enfermedad). El vicepresidente, Jos\u00e9 Sarney, jura como presidente interino.<\/p>\n\n\n\n<p>1985 \u2013 Se registra el primer nombre de dominio de Internet (symbolics .com).<\/p>\n\n\n\n<p>1986 \u2013 La nave espacial sovi\u00e9tica Soyuz T-15 se acopla a la estaci\u00f3n orbital Mir.<\/p>\n\n\n\n<p>1990 \u2013 El Vaticano y la URSS establecen relaciones oficiales permanentes tras 73 a\u00f1os de distanciamiento.<\/p>\n\n\n\n<p>1990 \u2013 Mikhail Gorbachev es elegido como el primer presidente de la Uni\u00f3n Sovi\u00e9tica.<\/p>\n\n\n\n<p>1990 \u2013 Fernando Collor de Melo presta juramento como presidente de Brasil.<\/p>\n\n\n\n<p>1994 \u2013 Estados Unidos y Rusia acuerdan la supervisi\u00f3n rec\u00edproca del desmantelamiento de sus armas nucleares.<\/p>\n\n\n\n<p>1994 \u2013 El asteroide 1994 ES1 pasa a 165 000 km de la Tierra, casi la mitad de la distancia que existe entre nuestro planeta y la Luna.<\/p>\n\n\n\n<p>1995 \u2013 Mueren Carlos Menem Jr. (hijo del presidente argentino) y el automovilista Silvio Oltra al caer su helic\u00f3ptero en Ramallo.<\/p>\n\n\n\n<p>1999 \u2013 La Asamblea Nacional Popular China aprueba varias enmiendas a la Constituci\u00f3n de 1982, entre ellas la propiedad privada.<\/p>\n\n\n\n<p>2000 \u2013 La OTAN y Rusia reanudan sus relaciones bilaterales, interrumpidas por la guerra de Kosovo.<\/p>\n\n\n\n<p>2004 \u2013 Astr\u00f3nomos estadounidenses descubren el cuerpo celeste m\u00e1s lejano y fr\u00edo conocido hasta ahora en el Sistema Solar.<\/p>\n\n\n\n<p>2006 \u2013 La Asamblea General de la ONU aprueba la creaci\u00f3n del Consejo de Derechos Humanos, que sustituir\u00e1 a la Comisi\u00f3n de Ginebra, con la oposici\u00f3n de Estados Unidos.<\/p>\n\n\n\n<p>2009 \u2013 Muere Ron Silver, actor estadounidense.<\/p>\n\n\n\n<p>2015 \u2013 Muere Mike Porcaro, bajista estadounidense, de la banda Toto.<\/p>\n\n\n\n<p><\/p>\n","protected":false},"excerpt":{"rendered":"<p>\u2013 D\u00eda Mundial de los derechos del Consumidor 1493 \u2013 Crist\u00f3bal Col\u00f3n llega al puerto andaluz de Palos (Huelva), de regreso de su primer viaje a Am\u00e9rica. 1804 \u2013 Promulgaci\u00f3n en Francia del C\u00f3digo Civil, llamado C\u00f3digo de Napole\u00f3n. 1812 \u2013 Primer establecimiento ruso en California, EE.UU. 1819 \u2013 Argentina: Nace el doctor Luis Dom\u00ednguez.&hellip;<\/p>\n","protected":false},"author":1,"featured_media":0,"comment_status":"open","ping_status":"open","sticky":false,"template":"","format":"standard","meta":{"footnotes":""},"categories":[14],"tags":[2450,22026],"class_list":["post-143422","post","type-post","status-publish","format-standard","hentry","category-efemerides","tag-diario-el-sindical","tag-efemerides"],"_links":{"self":[{"href":"https:\/\/www.elsindical.com.ar\/notas\/wp-json\/wp\/v2\/posts\/143422","targetHints":{"allow":["GET"]}}],"collection":[{"href":"https:\/\/www.elsindical.com.ar\/notas\/wp-json\/wp\/v2\/posts"}],"about":[{"href":"https:\/\/www.elsindical.com.ar\/notas\/wp-json\/wp\/v2\/types\/post"}],"author":[{"embeddable":true,"href":"https:\/\/www.elsindical.com.ar\/notas\/wp-json\/wp\/v2\/users\/1"}],"replies":[{"embeddable":true,"href":"https:\/\/www.elsindical.com.ar\/notas\/wp-json\/wp\/v2\/comments?post=143422"}],"version-history":[{"count":1,"href":"https:\/\/www.elsindical.com.ar\/notas\/wp-json\/wp\/v2\/posts\/143422\/revisions"}],"predecessor-version":[{"id":143423,"href":"https:\/\/www.elsindical.com.ar\/notas\/wp-json\/wp\/v2\/posts\/143422\/revisions\/143423"}],"wp:attachment":[{"href":"https:\/\/www.elsindical.com.ar\/notas\/wp-json\/wp\/v2\/media?parent=143422"}],"wp:term":[{"taxonomy":"category","embeddable":true,"href":"https:\/\/www.elsindical.com.ar\/notas\/wp-json\/wp\/v2\/categories?post=143422"},{"taxonomy":"post_tag","embeddable":true,"href":"https:\/\/www.elsindical.com.ar\/notas\/wp-json\/wp\/v2\/tags?post=143422"}],"curies":[{"name":"wp","href":"https:\/\/api.w.org\/{rel}","templated":true}]}}