{"id":143418,"date":"2026-03-14T18:28:08","date_gmt":"2026-03-14T21:28:08","guid":{"rendered":"https:\/\/www.elsindical.com.ar\/notas\/?p=143418"},"modified":"2026-03-14T18:28:14","modified_gmt":"2026-03-14T21:28:14","slug":"javier-milei-van-a-empezar-a-llorar-industria-nacional-y-empleo","status":"publish","type":"post","link":"https:\/\/www.elsindical.com.ar\/notas\/javier-milei-van-a-empezar-a-llorar-industria-nacional-y-empleo\/","title":{"rendered":"Javier Milei: \u201cVan a empezar a llorar industria nacional y empleo\u201d"},"content":{"rendered":"<div class=\"wp-block-image\">\n<figure class=\"aligncenter size-full\"><a href=\"https:\/\/www.elsindical.com.ar\/notas\/var\/www\/html\/notas\/wp-content\/uploads\/2026\/03\/Javier-Milei-mirada-primer-plano.jpg\"><img loading=\"lazy\" decoding=\"async\" width=\"881\" height=\"497\" src=\"https:\/\/www.elsindical.com.ar\/notas\/var\/www\/html\/notas\/wp-content\/uploads\/2026\/03\/Javier-Milei-mirada-primer-plano.jpg\" alt=\"\" class=\"wp-image-143419\" srcset=\"https:\/\/www.elsindical.com.ar\/notas\/var\/www\/html\/notas\/wp-content\/uploads\/2026\/03\/Javier-Milei-mirada-primer-plano.jpg 881w, https:\/\/www.elsindical.com.ar\/notas\/var\/www\/html\/notas\/wp-content\/uploads\/2026\/03\/Javier-Milei-mirada-primer-plano-300x169.jpg 300w, https:\/\/www.elsindical.com.ar\/notas\/var\/www\/html\/notas\/wp-content\/uploads\/2026\/03\/Javier-Milei-mirada-primer-plano-768x433.jpg 768w, https:\/\/www.elsindical.com.ar\/notas\/var\/www\/html\/notas\/wp-content\/uploads\/2026\/03\/Javier-Milei-mirada-primer-plano-460x260.jpg 460w\" sizes=\"auto, (max-width: 881px) 100vw, 881px\" \/><\/a><\/figure>\n<\/div>\n\n\n<p>El presidente utiliz\u00f3 sus redes sociales y comparti\u00f3 un video de un robot sirviendo caf\u00e9 en un shopping para defender el avance tecnol\u00f3gico. En este marco, apunt\u00f3 contra organismos que defienden a los trabajadores y empresas.<\/p>\n\n\n\n<p><strong>Javier Milei<\/strong> utiliz\u00f3 sus redes sociales en medio de su desembarco a <strong>Espa\u00f1a<\/strong> para participar del <strong>Foro Econ\u00f3mico de Madrid <\/strong>este s\u00e1bado 14 de marzo por la tarde. El presidente argentino comparti\u00f3 un video en Twitter de un <strong>robot sirviendo caf\u00e9 en un shopping<\/strong>, celebr\u00f3 el avance tecnol\u00f3gico y realiz\u00f3 una fuerte cr\u00edtica a <strong>sindicatos, oposici\u00f3n y organizaciones que defienden a los trabajadores<\/strong>.<\/p>\n\n\n\n<p>\u201cHay que tener cuidado que no llegue a pasar cualquiera de los ludditas locales y su odio al progreso. <strong>Los brutos e ignorantes que dicen estar consternados por el trabajo pero que rechazan modernizar el mercado laboral van a empezar a llorar industria nacional y empleo<\/strong>\u201d, lanz\u00f3 en primera instancia.<\/p>\n\n\n\n<figure class=\"wp-block-embed is-type-rich is-provider-twitter wp-block-embed-twitter\"><div class=\"wp-block-embed__wrapper\">\n<blockquote class=\"twitter-tweet\" data-width=\"550\" data-dnt=\"true\"><p lang=\"es\" dir=\"ltr\">ALERTA ABASTO SHOPPING<br>Hay que tener cuidado que no llegue a pasar cualquiera de los ludditas locales y su odio al progreso.<br><br>Los brutos e ignorantes que dicen estar consternados por el trabajo pero que rechazan modernizar el mercado laboral van a empezar a llorar industria\u2026 <a href=\"https:\/\/t.co\/qUL5EaGSiL\">https:\/\/t.co\/qUL5EaGSiL<\/a><\/p>&mdash; Javier Milei (@JMilei) <a href=\"https:\/\/twitter.com\/JMilei\/status\/2032736467500331369?ref_src=twsrc%5Etfw\">March 14, 2026<\/a><\/blockquote><script async src=\"https:\/\/platform.twitter.com\/widgets.js\" charset=\"utf-8\"><\/script>\n<\/div><\/figure>\n\n\n\n<p>\u00abEl progreso t\u00e9cnico desplaza a las actividades menos eficientes con bienes de mejor calidad a un menor precio. Ese ahorro permite <strong>destinar recursos a sector m\u00e1s productivos y con ello el trabajo se mueve a nuevos sectores y con mayor paga<\/strong>\u201c, sostuvo <strong>Milei<\/strong>. \u201dResultado: mayores salarios, precios m\u00e1s bajos, mayor cantidad de bienes disponibles y mayor consumo tanto de bienes presentes como futuros\u201c, a\u00f1adi\u00f3.<\/p>\n\n\n\n<p>El comentario se dio en un contexto marcado por la tensi\u00f3n con los <strong>empresarios industriales chicos y grandes de Argentina<\/strong> y la reciente promulgaci\u00f3n de la <strong>Reforma Laboral<\/strong> tras su sanci\u00f3n en el Congreso. \u00abAdvertencia: cuidado con demagogos y nacionalistas de pacotilla que en nombre de defender el <strong>empleo y la industria nacional<\/strong> intentan esconder la corrupci\u00f3n de los pol\u00edticos dando protecci\u00f3n a \u2018empresaurios\u2019 ladrones y prebendarios. Cuyo resultado es menores salarios, mayores precios, menor consumo y oferta limitada de productos. Obviamente esto tambi\u00e9n aumenta la pobreza. Evidencia: 100 a\u00f1os de historia argentina\u00bb, concluy\u00f3 el presidente.<\/p>\n\n\n\n<p>La reflexi\u00f3n caus\u00f3 todo tipo de reacciones en el arco pol\u00edtico y en distintos sectores de la sociedad por su car\u00e1cter cr\u00edtico y en un <strong>marco sensible para empresas y trabajadores<\/strong>, ya que la actividad econ\u00f3mica est\u00e1 en uno de los momentos m\u00e1s delicados con el <strong>rubro textil como el m\u00e1s golpeado<\/strong>.<\/p>\n\n\n\n<h2 class=\"wp-block-heading\">Javier Milei inaugur\u00f3 la \u201cArgentina Week\u201d en EEUU y volvi\u00f3 a cargar contra Rocca y Madanes: \u201cAquellos que defienden la industria nacional son unos chorros\u201d<\/h2>\n\n\n\n<p><strong>Javier Milei<\/strong> brind\u00f3 un discurso en la apertura de la<strong>\u201cArgentina Week\u201d<\/strong>, un evento destinado a atraer inversores al pa\u00eds y que cont\u00f3 con la presencia de empresarios como <strong>Jamie Dimon, CEO del JP Morgan<\/strong>. El presidente estuvo acompa\u00f1ado de su comitiva y un grupo de diez gobernadores aliados y carg\u00f3 contra <strong>Paolo Rocca y Javier Madanes Quintanilla<\/strong> en medio de la tensi\u00f3n con los empresarios industriales incrementada durante las \u00faltimas semanas.<\/p>\n\n\n\n<p>\u201cTenemos como objetivo hacer de la Argentina el pa\u00eds m\u00e1s libre del mundo, pero la forma de alcanzar los objetivos que les planteo a cada uno de mis ministros es que no todos los instrumentos de pol\u00edtica son aceptables. Es decir, hay restricciones morales. <strong>Cuando uno hace lo que es justo, la econom\u00eda prospera. Sin embargo, cuando uno por conseguir alg\u00fan resultado de corto plazo aplica medidas que son injustas, eso tarde o temprano termina mal\u201d, sostuvo.<\/strong><\/p>\n\n\n\n<p>Al referirse a sus disputas recientes, sostuvo: \u201cTodos saben que en las \u00faltimas semanas tuve confrontaciones abiertas con <strong>Rocca<\/strong>, con <strong>Madanes Quintanilla<\/strong> y con el <strong>sector textil<\/strong>. Como nadie me puso una cara visible no los puedo atacar de manera directa, pero s\u00ed puedo decir que los otros dos son empresarios prebendarios. Quiz\u00e1s <strong>Rocca y Madanes Quintanilla<\/strong>, en connivencia con pol\u00edticos ladrones, atacaron a los argentinos durante muchos a\u00f1os, pero se termin\u00f3. Se termin\u00f3 esto, se termin\u00f3 la Argentina corrupta\u201d.<\/p>\n\n\n\n<p>\u201cSi la consecuencia del sistema es una barrera comercial, eso es un robo. Ese robo solamente puede ocurrir porque lo permite la violencia del Estado. Consecuentemente, no lo hace gratis \u00bfAcaso se creen que en el Estado hay \u00e1ngeles?\u201d, solt\u00f3 <strong>Milei<\/strong>, quien durante su discurso, <strong>consider\u00f3 que \u201clos que defienden la industria nacional son unos chorros\u201d.<\/strong><\/p>\n\n\n\n<figure class=\"wp-block-image size-full\"><a href=\"https:\/\/www.elsindical.com.ar\/notas\/var\/www\/html\/notas\/wp-content\/uploads\/2026\/03\/Argentina-Week.jpg\"><img loading=\"lazy\" decoding=\"async\" width=\"899\" height=\"593\" src=\"https:\/\/www.elsindical.com.ar\/notas\/var\/www\/html\/notas\/wp-content\/uploads\/2026\/03\/Argentina-Week.jpg\" alt=\"\" class=\"wp-image-143420\" srcset=\"https:\/\/www.elsindical.com.ar\/notas\/var\/www\/html\/notas\/wp-content\/uploads\/2026\/03\/Argentina-Week.jpg 899w, https:\/\/www.elsindical.com.ar\/notas\/var\/www\/html\/notas\/wp-content\/uploads\/2026\/03\/Argentina-Week-300x198.jpg 300w, https:\/\/www.elsindical.com.ar\/notas\/var\/www\/html\/notas\/wp-content\/uploads\/2026\/03\/Argentina-Week-768x507.jpg 768w\" sizes=\"auto, (max-width: 899px) 100vw, 899px\" \/><\/a><\/figure>\n","protected":false},"excerpt":{"rendered":"<p>El presidente utiliz\u00f3 sus redes sociales y comparti\u00f3 un video de un robot sirviendo caf\u00e9 en un shopping para defender el avance tecnol\u00f3gico. En este marco, apunt\u00f3 contra organismos que defienden a los trabajadores y empresas. Javier Milei utiliz\u00f3 sus redes sociales en medio de su desembarco a Espa\u00f1a para participar del Foro Econ\u00f3mico de&hellip;<\/p>\n","protected":false},"author":1,"featured_media":143419,"comment_status":"open","ping_status":"open","sticky":false,"template":"","format":"standard","meta":{"footnotes":""},"categories":[13],"tags":[2450,267,46941,28812,2605,40702],"class_list":["post-143418","post","type-post","status-publish","format-standard","has-post-thumbnail","hentry","category-politica","tag-diario-el-sindical","tag-espana","tag-foro-economico-de-madrid","tag-javier-milei","tag-redes-sociales","tag-x"],"_links":{"self":[{"href":"https:\/\/www.elsindical.com.ar\/notas\/wp-json\/wp\/v2\/posts\/143418","targetHints":{"allow":["GET"]}}],"collection":[{"href":"https:\/\/www.elsindical.com.ar\/notas\/wp-json\/wp\/v2\/posts"}],"about":[{"href":"https:\/\/www.elsindical.com.ar\/notas\/wp-json\/wp\/v2\/types\/post"}],"author":[{"embeddable":true,"href":"https:\/\/www.elsindical.com.ar\/notas\/wp-json\/wp\/v2\/users\/1"}],"replies":[{"embeddable":true,"href":"https:\/\/www.elsindical.com.ar\/notas\/wp-json\/wp\/v2\/comments?post=143418"}],"version-history":[{"count":1,"href":"https:\/\/www.elsindical.com.ar\/notas\/wp-json\/wp\/v2\/posts\/143418\/revisions"}],"predecessor-version":[{"id":143421,"href":"https:\/\/www.elsindical.com.ar\/notas\/wp-json\/wp\/v2\/posts\/143418\/revisions\/143421"}],"wp:featuredmedia":[{"embeddable":true,"href":"https:\/\/www.elsindical.com.ar\/notas\/wp-json\/wp\/v2\/media\/143419"}],"wp:attachment":[{"href":"https:\/\/www.elsindical.com.ar\/notas\/wp-json\/wp\/v2\/media?parent=143418"}],"wp:term":[{"taxonomy":"category","embeddable":true,"href":"https:\/\/www.elsindical.com.ar\/notas\/wp-json\/wp\/v2\/categories?post=143418"},{"taxonomy":"post_tag","embeddable":true,"href":"https:\/\/www.elsindical.com.ar\/notas\/wp-json\/wp\/v2\/tags?post=143418"}],"curies":[{"name":"wp","href":"https:\/\/api.w.org\/{rel}","templated":true}]}}