{"id":143416,"date":"2026-03-14T18:17:59","date_gmt":"2026-03-14T21:17:59","guid":{"rendered":"https:\/\/www.elsindical.com.ar\/notas\/?p=143416"},"modified":"2026-03-14T18:18:05","modified_gmt":"2026-03-14T21:18:05","slug":"vuelve-a-subir-el-boleto-del-colectivo","status":"publish","type":"post","link":"https:\/\/www.elsindical.com.ar\/notas\/vuelve-a-subir-el-boleto-del-colectivo\/","title":{"rendered":"Vuelve a subir el boleto del colectivo"},"content":{"rendered":"\n<figure class=\"wp-block-image size-large\"><a href=\"https:\/\/www.elsindical.com.ar\/notas\/var\/www\/html\/notas\/wp-content\/uploads\/2022\/05\/Tarjeta-SUBE-gen.webp\"><img loading=\"lazy\" decoding=\"async\" width=\"1024\" height=\"576\" src=\"https:\/\/www.elsindical.com.ar\/notas\/var\/www\/html\/notas\/wp-content\/uploads\/2022\/05\/Tarjeta-SUBE-gen-1024x576.webp\" alt=\"\" class=\"wp-image-113890\" srcset=\"https:\/\/www.elsindical.com.ar\/notas\/var\/www\/html\/notas\/wp-content\/uploads\/2022\/05\/Tarjeta-SUBE-gen-1024x576.webp 1024w, https:\/\/www.elsindical.com.ar\/notas\/var\/www\/html\/notas\/wp-content\/uploads\/2022\/05\/Tarjeta-SUBE-gen-300x169.webp 300w, https:\/\/www.elsindical.com.ar\/notas\/var\/www\/html\/notas\/wp-content\/uploads\/2022\/05\/Tarjeta-SUBE-gen-768x432.webp 768w, https:\/\/www.elsindical.com.ar\/notas\/var\/www\/html\/notas\/wp-content\/uploads\/2022\/05\/Tarjeta-SUBE-gen-500x281.webp 500w, https:\/\/www.elsindical.com.ar\/notas\/var\/www\/html\/notas\/wp-content\/uploads\/2022\/05\/Tarjeta-SUBE-gen-460x260.webp 460w, https:\/\/www.elsindical.com.ar\/notas\/var\/www\/html\/notas\/wp-content\/uploads\/2022\/05\/Tarjeta-SUBE-gen.webp 1170w\" sizes=\"auto, (max-width: 1024px) 100vw, 1024px\" \/><\/a><\/figure>\n\n\n\n<p>El aumento ser\u00e1 del 7,6% y corresponde al \u00faltimo tramo del ajuste total de 41,46% dispuesto por la Secretar\u00eda de Transporte de la Naci\u00f3n Argentina. La tarifa del boleto del colectivo desde el lunes 16 de marzo.<\/p>\n\n\n\n<p>El <strong>boleto de los colectivos<\/strong> de jurisdicci\u00f3n nacional que circulan en el <strong>\u00c1rea Metropolitana de Buenos Aires<\/strong> <strong>(AMBA)<\/strong> volver\u00e1 a <strong>aumentar<\/strong> desde este <strong>lunes 16 de marzo<\/strong>. La actualizaci\u00f3n, dispuesta por la Secretar\u00eda de Transporte de la Naci\u00f3n Argentina, ser\u00e1 del <strong>7,6%<\/strong> y corresponde al <strong>\u00faltimo tramo del incremento tarifario total de 41,46%<\/strong> definido por el <strong>Gobierno nacional<\/strong>.<\/p>\n\n\n\n<p>Con este ajuste, <strong>el boleto m\u00ednimo<\/strong> para las 104 l\u00edneas nacionales que conectan la Ciudad de Buenos Aires con el Conurbano Bonaerense <strong>pasar\u00e1 de $650 a $700<\/strong>. Estas l\u00edneas son utilizadas a diario por millones de pasajeros que viajan entre Capital y distintos municipios del Gran Buenos Aires.<\/p>\n\n\n\n<p>El incremento completa la suba escalonada iniciada a comienzos del 2026. El tramo anterior se aplic\u00f3 en febrero, cuando la tarifa m\u00ednima pas\u00f3 de $494,83 a $650. Seg\u00fan lo establecido por la cartera de Transporte, <strong>el objetivo de las actualizaciones es recomponer gradualmente los costos del sistema<\/strong>.<\/p>\n\n\n\n<h2 class=\"wp-block-heading\">Aumenta el colectivo: cu\u00e1nto costar\u00e1 el boleto<\/h2>\n\n\n\n<p>A partir del lunes 16 de marzo, el <strong>nuevo cuadro tarifario<\/strong> quedar\u00e1 establecido de la siguiente manera:<\/p>\n\n\n\n<p>El <strong>boleto m\u00ednimo<\/strong> (entre 0 y 3 kil\u00f3metros) costar\u00e1 <strong>$700<\/strong>; Los viajes de <strong>3 a 6 kil\u00f3metros<\/strong> tendr\u00e1n un valor de <strong>$779,78<\/strong>; Los recorridos de <strong>6 a 12 kil\u00f3metros<\/strong> costar\u00e1n <strong>$839,86<\/strong>; Los trayectos de <strong>12 a 27 kil\u00f3metros<\/strong> se ubicar\u00e1n en <strong>$899,99<\/strong>; Mientras que los viajes de <strong>m\u00e1s de 27 kil\u00f3metros<\/strong> alcanzar\u00e1n los <strong>$959,71<\/strong>.<\/p>\n\n\n\n<p>Para quienes utilicen una tarjeta <strong>Tarjeta SUBE<\/strong> <strong>sin nominalizar<\/strong>, las tarifas ser\u00e1n considerablemente m\u00e1s altas. En esos casos, los valores oscilar\u00e1n entre<strong> $1113 y $1525,94<\/strong>, de acuerdo con la distancia recorrida.<\/p>\n\n\n\n<p>La actualizaci\u00f3n se produce en un contexto en el que tambi\u00e9n se registraron aumentos en las l\u00edneas de colectivos administradas por otras jurisdicciones. A comienzos de marzo, los servicios que circulan dentro de la <strong>provincia de Buenos Aires<\/strong> registraron una suba del <strong>4,9%<\/strong>, mientras que en la <strong>Ciudad de Buenos Aires<\/strong> el incremento fue del <strong>5,1%<\/strong>.<\/p>\n\n\n\n<p>Desde el 2025, las tarifas del transporte p\u00fablico se actualizan mensualmente en base a la inflaci\u00f3n, con un adicional del 2% sobre el valor anterior. Pese al nuevo aumento, a\u00fan persisten diferencias entre los <strong>distintos cuadros tarifarios del AMBA<\/strong>: las l\u00edneas que dependen del gobierno de Axel Kicillof presentan un <strong>boleto m\u00ednimo de $832,57 en marzo<\/strong>, lo que implica una brecha superior al 18% respecto de las l\u00edneas nacionales.<\/p>\n\n\n\n<p>En cambio, en la <strong>Ciudad de Buenos Aires el boleto m\u00ednimo es de $681,85<\/strong>, por lo que, tras el ajuste del 16 de marzo, las l\u00edneas nacionales pasar\u00e1n a ser hasta un 2,6% m\u00e1s caras que las que operan exclusivamente dentro del territorio porte\u00f1o. Adem\u00e1s, <strong>el pr\u00f3ximo incremento tarifario para las l\u00edneas de jurisdicci\u00f3n provincial y porte\u00f1a est\u00e1 previsto para el 1\u00b0 de abril.<\/strong><\/p>\n","protected":false},"excerpt":{"rendered":"<p>El aumento ser\u00e1 del 7,6% y corresponde al \u00faltimo tramo del ajuste total de 41,46% dispuesto por la Secretar\u00eda de Transporte de la Naci\u00f3n Argentina. La tarifa del boleto del colectivo desde el lunes 16 de marzo. El boleto de los colectivos de jurisdicci\u00f3n nacional que circulan en el \u00c1rea Metropolitana de Buenos Aires (AMBA)&hellip;<\/p>\n","protected":false},"author":1,"featured_media":113890,"comment_status":"open","ping_status":"open","sticky":false,"template":"","format":"standard","meta":{"footnotes":""},"categories":[9],"tags":[3468,44973,2450,22023],"class_list":["post-143416","post","type-post","status-publish","format-standard","has-post-thumbnail","hentry","category-economia","tag-amba","tag-aumento-de-boleto","tag-diario-el-sindical","tag-economia"],"_links":{"self":[{"href":"https:\/\/www.elsindical.com.ar\/notas\/wp-json\/wp\/v2\/posts\/143416","targetHints":{"allow":["GET"]}}],"collection":[{"href":"https:\/\/www.elsindical.com.ar\/notas\/wp-json\/wp\/v2\/posts"}],"about":[{"href":"https:\/\/www.elsindical.com.ar\/notas\/wp-json\/wp\/v2\/types\/post"}],"author":[{"embeddable":true,"href":"https:\/\/www.elsindical.com.ar\/notas\/wp-json\/wp\/v2\/users\/1"}],"replies":[{"embeddable":true,"href":"https:\/\/www.elsindical.com.ar\/notas\/wp-json\/wp\/v2\/comments?post=143416"}],"version-history":[{"count":1,"href":"https:\/\/www.elsindical.com.ar\/notas\/wp-json\/wp\/v2\/posts\/143416\/revisions"}],"predecessor-version":[{"id":143417,"href":"https:\/\/www.elsindical.com.ar\/notas\/wp-json\/wp\/v2\/posts\/143416\/revisions\/143417"}],"wp:featuredmedia":[{"embeddable":true,"href":"https:\/\/www.elsindical.com.ar\/notas\/wp-json\/wp\/v2\/media\/113890"}],"wp:attachment":[{"href":"https:\/\/www.elsindical.com.ar\/notas\/wp-json\/wp\/v2\/media?parent=143416"}],"wp:term":[{"taxonomy":"category","embeddable":true,"href":"https:\/\/www.elsindical.com.ar\/notas\/wp-json\/wp\/v2\/categories?post=143416"},{"taxonomy":"post_tag","embeddable":true,"href":"https:\/\/www.elsindical.com.ar\/notas\/wp-json\/wp\/v2\/tags?post=143416"}],"curies":[{"name":"wp","href":"https:\/\/api.w.org\/{rel}","templated":true}]}}