{"id":143411,"date":"2026-03-14T18:05:43","date_gmt":"2026-03-14T21:05:43","guid":{"rendered":"https:\/\/www.elsindical.com.ar\/notas\/?p=143411"},"modified":"2026-03-14T18:05:47","modified_gmt":"2026-03-14T21:05:47","slug":"el-nivel-de-mora-es-el-mas-alto-en-20-anos","status":"publish","type":"post","link":"https:\/\/www.elsindical.com.ar\/notas\/el-nivel-de-mora-es-el-mas-alto-en-20-anos\/","title":{"rendered":"El nivel de mora es el m\u00e1s alto en 20 a\u00f1os"},"content":{"rendered":"<div class=\"wp-block-image\">\n<figure class=\"aligncenter size-full\"><a href=\"https:\/\/www.elsindical.com.ar\/notas\/var\/www\/html\/notas\/wp-content\/uploads\/2023\/01\/billetera-flaca.jpg\"><img loading=\"lazy\" decoding=\"async\" width=\"500\" height=\"375\" src=\"https:\/\/www.elsindical.com.ar\/notas\/var\/www\/html\/notas\/wp-content\/uploads\/2023\/01\/billetera-flaca.jpg\" alt=\"\" class=\"wp-image-120115\" srcset=\"https:\/\/www.elsindical.com.ar\/notas\/var\/www\/html\/notas\/wp-content\/uploads\/2023\/01\/billetera-flaca.jpg 500w, https:\/\/www.elsindical.com.ar\/notas\/var\/www\/html\/notas\/wp-content\/uploads\/2023\/01\/billetera-flaca-300x225.jpg 300w, https:\/\/www.elsindical.com.ar\/notas\/var\/www\/html\/notas\/wp-content\/uploads\/2023\/01\/billetera-flaca-400x300.jpg 400w\" sizes=\"auto, (max-width: 500px) 100vw, 500px\" \/><\/a><\/figure>\n<\/div>\n\n\n<p class=\"wp-block-paragraph\">Las familias se endeudan y no pueden afrontar los pagos. Los bancos reconocen que empez\u00f3 a impactar en sus balances.<\/p>\n\n\n\n<p class=\"wp-block-paragraph\">El Gobierno pregona el d\u00e9ficit fiscal y sirve de excusa para el recorte a las provincias, las prestaciones (vale recordar que el bono para la jubilaci\u00f3n m\u00ednima cumpli\u00f3 este mes dos a\u00f1os sin aumento), subsidios y salarios. En este escenario, las familias se endeudan y no pueden pagar, <strong>por lo que el nivel de mora es el m\u00e1s alto en 20 a\u00f1os<\/strong>.<\/p>\n\n\n\n<p class=\"wp-block-paragraph\">El dato no es de una consultora privada, tampoco de alg\u00fan dirigente pol\u00edtica con la mirada en la econom\u00eda sino que son <strong>datos del Banco Central de la Rep\u00fablica Argentina<\/strong> (BCRA). Adem\u00e1s, afecta a todos los principales bancos del sistema.<\/p>\n\n\n\n<p class=\"wp-block-paragraph\">Seg\u00fan los datos, al considerar la deuda con billeteras virtuales,&nbsp;el 25% tiene demoras mayores a tres meses. Con un nivel m\u00e1s bajo, tambi\u00e9n hay alerta por la normalidad de los pagos en las empresas.&nbsp;<strong>La cuesti\u00f3n de la mora en los cr\u00e9ditos ya se convirti\u00f3 en \u201cun fen\u00f3meno macro\u201d<\/strong>.<\/p>\n\n\n\n<p class=\"wp-block-paragraph\">Los bancos reconocen que se trata de un tema relevante y empez\u00f3 a impactar en sus balances. La irregularidad en los pagos normales fue mucho m\u00e1s alta que hacia las entidades financieras tradicionales y lleg\u00f3 en enero al&nbsp;23,9%.<\/p>\n","protected":false},"excerpt":{"rendered":"<p>Las familias se endeudan y no pueden afrontar los pagos. Los bancos reconocen que empez\u00f3 a impactar en sus balances. El Gobierno pregona el d\u00e9ficit fiscal y sirve de excusa para el recorte a las provincias, las prestaciones (vale recordar que el bono para la jubilaci\u00f3n m\u00ednima cumpli\u00f3 este mes dos a\u00f1os sin aumento), subsidios&hellip;<\/p>\n","protected":false},"author":1,"featured_media":120115,"comment_status":"open","ping_status":"open","sticky":false,"template":"","format":"standard","meta":{"footnotes":""},"categories":[9],"tags":[1489,3307,2450,22023,40696],"class_list":["post-143411","post","type-post","status-publish","format-standard","has-post-thumbnail","hentry","category-economia","tag-bcra","tag-deudas","tag-diario-el-sindical","tag-economia","tag-mora"],"_links":{"self":[{"href":"https:\/\/www.elsindical.com.ar\/notas\/wp-json\/wp\/v2\/posts\/143411","targetHints":{"allow":["GET"]}}],"collection":[{"href":"https:\/\/www.elsindical.com.ar\/notas\/wp-json\/wp\/v2\/posts"}],"about":[{"href":"https:\/\/www.elsindical.com.ar\/notas\/wp-json\/wp\/v2\/types\/post"}],"author":[{"embeddable":true,"href":"https:\/\/www.elsindical.com.ar\/notas\/wp-json\/wp\/v2\/users\/1"}],"replies":[{"embeddable":true,"href":"https:\/\/www.elsindical.com.ar\/notas\/wp-json\/wp\/v2\/comments?post=143411"}],"version-history":[{"count":1,"href":"https:\/\/www.elsindical.com.ar\/notas\/wp-json\/wp\/v2\/posts\/143411\/revisions"}],"predecessor-version":[{"id":143412,"href":"https:\/\/www.elsindical.com.ar\/notas\/wp-json\/wp\/v2\/posts\/143411\/revisions\/143412"}],"wp:featuredmedia":[{"embeddable":true,"href":"https:\/\/www.elsindical.com.ar\/notas\/wp-json\/wp\/v2\/media\/120115"}],"wp:attachment":[{"href":"https:\/\/www.elsindical.com.ar\/notas\/wp-json\/wp\/v2\/media?parent=143411"}],"wp:term":[{"taxonomy":"category","embeddable":true,"href":"https:\/\/www.elsindical.com.ar\/notas\/wp-json\/wp\/v2\/categories?post=143411"},{"taxonomy":"post_tag","embeddable":true,"href":"https:\/\/www.elsindical.com.ar\/notas\/wp-json\/wp\/v2\/tags?post=143411"}],"curies":[{"name":"wp","href":"https:\/\/api.w.org\/{rel}","templated":true}]}}