{"id":143404,"date":"2026-03-13T15:08:24","date_gmt":"2026-03-13T18:08:24","guid":{"rendered":"https:\/\/www.elsindical.com.ar\/notas\/?p=143404"},"modified":"2026-03-13T15:08:55","modified_gmt":"2026-03-13T18:08:55","slug":"ituzaingo-policia-de-la-ciudad-mato-a-un-joven-que-iba-a-jugar-al-futbol","status":"publish","type":"post","link":"https:\/\/www.elsindical.com.ar\/notas\/ituzaingo-policia-de-la-ciudad-mato-a-un-joven-que-iba-a-jugar-al-futbol\/","title":{"rendered":"Ituzaing\u00f3: Polic\u00eda de la Ciudad mat\u00f3 a un joven que iba a jugar al f\u00fatbol"},"content":{"rendered":"<div class=\"wp-block-image\">\n<figure class=\"aligncenter size-full\"><a href=\"https:\/\/www.elsindical.com.ar\/notas\/var\/www\/html\/notas\/wp-content\/uploads\/2026\/03\/Lucas-Adrian-Gomez.jpg\"><img loading=\"lazy\" decoding=\"async\" width=\"700\" height=\"399\" src=\"https:\/\/www.elsindical.com.ar\/notas\/var\/www\/html\/notas\/wp-content\/uploads\/2026\/03\/Lucas-Adrian-Gomez.jpg\" alt=\"\" class=\"wp-image-143406\" srcset=\"https:\/\/www.elsindical.com.ar\/notas\/var\/www\/html\/notas\/wp-content\/uploads\/2026\/03\/Lucas-Adrian-Gomez.jpg 700w, https:\/\/www.elsindical.com.ar\/notas\/var\/www\/html\/notas\/wp-content\/uploads\/2026\/03\/Lucas-Adrian-Gomez-300x171.jpg 300w, https:\/\/www.elsindical.com.ar\/notas\/var\/www\/html\/notas\/wp-content\/uploads\/2026\/03\/Lucas-Adrian-Gomez-220x126.jpg 220w\" sizes=\"auto, (max-width: 700px) 100vw, 700px\" \/><\/a><\/figure>\n<\/div>\n\n\n<p>El polic\u00eda de la Ciudad le dispar\u00f3 a dos j\u00f3venes, uno de los cuales muri\u00f3, porque pens\u00f3 que iban a robarlo.<\/p>\n\n\n\n<p><strong>Un polic\u00eda de la Ciudad fue detenido luego de matar a un joven en Ituzaing\u00f3<\/strong>&nbsp;al creer que le iba a robar cuando estaba por llegar a su vivienda. La v\u00edctima ten\u00eda 20 a\u00f1os y su compa\u00f1ero, que tambi\u00e9n result\u00f3 herido, se\u00f1al\u00f3 que&nbsp;<strong>se dirig\u00edan a jugar al f\u00fatbol.<\/strong><\/p>\n\n\n\n<p><strong>El caso se registr\u00f3 anoche en el cruce de las&nbsp;calles Mart\u00edn Rodr\u00edguez y Perdomo&nbsp;<\/strong>cuando el&nbsp;<strong>efectivo Lucas Adri\u00e1n G\u00f3mez<\/strong>, de la Divisi\u00f3n Servicio Especial Autopista de la Polic\u00eda de la Ciudad, mat\u00f3 a un joven durante un curioso accionar.<\/p>\n\n\n\n<p>Seg\u00fan dijo el atacante, circulaba con su pareja en una moto cuando&nbsp;ambos observaron que eran seguidos por dos masculinos&nbsp;que tambi\u00e9n estaban a bordo de una moto.<\/p>\n\n\n\n<p><strong>Al sospechar que le quer\u00edan robar,&nbsp;detuvo su marcha, se identific\u00f3 como polic\u00eda y efectu\u00f3 dos disparos con su arma reglamentari<\/strong>a, provocando que ambos j\u00f3venes resulten heridos de bala.<\/p>\n\n\n\n<p>Tras la llegada de la Polic\u00eda bonaerense, constataron que uno de los motociclistas, identificado como&nbsp;<strong>Juan Cruz Leal<\/strong>, de 20 a\u00f1os, presentaba una&nbsp;herida de bala en la ingle.&nbsp;Respecto al otro joven, <strong>Daniel Enrique Kuhne<\/strong>, tambi\u00e9n de 20, recibi\u00f3 un tiro en la&nbsp;zona pectoral lateral, con orificio de entrada y salida.<\/p>\n\n\n\n<p>Asimismo, <strong>la ambulancia&nbsp;traslad\u00f3 a Kuhne al Hospital Posadas sin riesgo de vida, mientras que&nbsp;Leal fue derivado al Hospital Bicentenario de Ituzaing\u00f3&nbsp;donde, luego de permanecer varias horas en estado cr\u00edtico, los m\u00e9dicos&nbsp;confirmaron su muerte este viernes a la madrugada.<\/strong><\/p>\n\n\n\n<p>El joven que sobrevivi\u00f3 ya fue dado de alta y ante las autoridades refiri\u00f3 que junto con la v\u00edctima<strong>&nbsp;se dirig\u00edan a un partido de futbol cuando notaron que metros m\u00e1s adelante una moto se detuvo de golpe y el conductor comenz\u00f3 a disparar.<\/strong><\/p>\n\n\n\n<p>En tanto, en el lugar del hecho se incautaron&nbsp;dos vainas servidas de un arma calibre 9mm, adem\u00e1s del&nbsp;arma utilizada por G\u00f3mez.<\/p>\n\n\n\n<p>La causa qued\u00f3 a cargo de la&nbsp;<strong>Unidad Funcional de Instrucci\u00f3n (UFI) N\u00b02 de Ituzaing\u00f3&nbsp;<\/strong>y la fiscal Mar\u00eda Alejandra Bonini dispuso la&nbsp;<strong>detenci\u00f3n del efectivo por el delito de homicidio agravado.&nbsp;<\/strong><\/p>\n\n\n<div class=\"wp-block-image\">\n<figure class=\"aligncenter size-full\"><a href=\"https:\/\/www.elsindical.com.ar\/notas\/var\/www\/html\/notas\/wp-content\/uploads\/2026\/03\/Ituzaingo-joven-asesinado.jpg\"><img loading=\"lazy\" decoding=\"async\" width=\"700\" height=\"688\" src=\"https:\/\/www.elsindical.com.ar\/notas\/var\/www\/html\/notas\/wp-content\/uploads\/2026\/03\/Ituzaingo-joven-asesinado.jpg\" alt=\"\" class=\"wp-image-143407\" srcset=\"https:\/\/www.elsindical.com.ar\/notas\/var\/www\/html\/notas\/wp-content\/uploads\/2026\/03\/Ituzaingo-joven-asesinado.jpg 700w, https:\/\/www.elsindical.com.ar\/notas\/var\/www\/html\/notas\/wp-content\/uploads\/2026\/03\/Ituzaingo-joven-asesinado-300x295.jpg 300w, https:\/\/www.elsindical.com.ar\/notas\/var\/www\/html\/notas\/wp-content\/uploads\/2026\/03\/Ituzaingo-joven-asesinado-50x50.jpg 50w\" sizes=\"auto, (max-width: 700px) 100vw, 700px\" \/><\/a><\/figure>\n<\/div>","protected":false},"excerpt":{"rendered":"<p>El polic\u00eda de la Ciudad le dispar\u00f3 a dos j\u00f3venes, uno de los cuales muri\u00f3, porque pens\u00f3 que iban a robarlo. Un polic\u00eda de la Ciudad fue detenido luego de matar a un joven en Ituzaing\u00f3&nbsp;al creer que le iba a robar cuando estaba por llegar a su vivienda. La v\u00edctima ten\u00eda 20 a\u00f1os y&hellip;<\/p>\n","protected":false},"author":1,"featured_media":143406,"comment_status":"open","ping_status":"open","sticky":false,"template":"","format":"standard","meta":{"footnotes":""},"categories":[22],"tags":[46939,938,46938,46937,42609,24537],"class_list":["post-143404","post","type-post","status-publish","format-standard","has-post-thumbnail","hentry","category-policiales","tag-daniel-enrique-kuhne","tag-ituzaingo","tag-juan-cruz-leal","tag-lucas-adrian-gomez","tag-noticias-policiales","tag-policia-de-la-ciudad"],"_links":{"self":[{"href":"https:\/\/www.elsindical.com.ar\/notas\/wp-json\/wp\/v2\/posts\/143404","targetHints":{"allow":["GET"]}}],"collection":[{"href":"https:\/\/www.elsindical.com.ar\/notas\/wp-json\/wp\/v2\/posts"}],"about":[{"href":"https:\/\/www.elsindical.com.ar\/notas\/wp-json\/wp\/v2\/types\/post"}],"author":[{"embeddable":true,"href":"https:\/\/www.elsindical.com.ar\/notas\/wp-json\/wp\/v2\/users\/1"}],"replies":[{"embeddable":true,"href":"https:\/\/www.elsindical.com.ar\/notas\/wp-json\/wp\/v2\/comments?post=143404"}],"version-history":[{"count":1,"href":"https:\/\/www.elsindical.com.ar\/notas\/wp-json\/wp\/v2\/posts\/143404\/revisions"}],"predecessor-version":[{"id":143408,"href":"https:\/\/www.elsindical.com.ar\/notas\/wp-json\/wp\/v2\/posts\/143404\/revisions\/143408"}],"wp:featuredmedia":[{"embeddable":true,"href":"https:\/\/www.elsindical.com.ar\/notas\/wp-json\/wp\/v2\/media\/143406"}],"wp:attachment":[{"href":"https:\/\/www.elsindical.com.ar\/notas\/wp-json\/wp\/v2\/media?parent=143404"}],"wp:term":[{"taxonomy":"category","embeddable":true,"href":"https:\/\/www.elsindical.com.ar\/notas\/wp-json\/wp\/v2\/categories?post=143404"},{"taxonomy":"post_tag","embeddable":true,"href":"https:\/\/www.elsindical.com.ar\/notas\/wp-json\/wp\/v2\/tags?post=143404"}],"curies":[{"name":"wp","href":"https:\/\/api.w.org\/{rel}","templated":true}]}}